{"id":82256,"date":"2018-10-09T21:17:41","date_gmt":"2018-10-10T00:17:41","guid":{"rendered":"http:\/\/www.hoymercedes.com.ar\/principal\/?p=82256"},"modified":"2018-10-09T20:25:55","modified_gmt":"2018-10-09T23:25:55","slug":"orquesta-escuela-de-mercedes-en-el-luna-park","status":"publish","type":"post","link":"https:\/\/www.hoymercedes.com.ar\/principal\/2018\/10\/09\/orquesta-escuela-de-mercedes-en-el-luna-park\/","title":{"rendered":"Orquesta Escuela de Mercedes en el Luna Park"},"content":{"rendered":"<p>El Encuentro Internacional de Orquestas Juveniles es un festival internacional de orquestas, bandas y coros infanto juveniles. Participan todos los a\u00f1os 50 orquestas o bandas y 20 coros, con m\u00e1s de dos mil j\u00f3venes y ni\u00f1os provenientes de distintos pa\u00edses. En esta edici\u00f3n, la Orquesta Escuela de Mercedes fue parte del mega evento.<\/p>\n<figure id=\"attachment_82257\" aria-describedby=\"caption-attachment-82257\" style=\"width: 620px\" class=\"wp-caption aligncenter\"><img loading=\"lazy\" decoding=\"async\" data-attachment-id=\"82257\" data-permalink=\"https:\/\/www.hoymercedes.com.ar\/principal\/2018\/10\/09\/orquesta-escuela-de-mercedes-en-el-luna-park\/09-orquesta-escuela\/#main\" data-orig-file=\"https:\/\/www.hoymercedes.com.ar\/principal\/wp-content\/uploads\/2018\/10\/09-ORQUESTA-escuela.jpg\" data-orig-size=\"750,421\" data-comments-opened=\"0\" data-image-meta=\"{&quot;aperture&quot;:&quot;0&quot;,&quot;credit&quot;:&quot;&quot;,&quot;camera&quot;:&quot;&quot;,&quot;caption&quot;:&quot;&quot;,&quot;created_timestamp&quot;:&quot;1539074446&quot;,&quot;copyright&quot;:&quot;&quot;,&quot;focal_length&quot;:&quot;0&quot;,&quot;iso&quot;:&quot;0&quot;,&quot;shutter_speed&quot;:&quot;0&quot;,&quot;title&quot;:&quot;&quot;,&quot;orientation&quot;:&quot;1&quot;}\" data-image-title=\"09 ORQUESTA escuela\" data-image-description=\"\" data-image-caption=\"&lt;p&gt;En el ensayo, preparando para la interpretaci\u00f3n final. &lt;\/p&gt;\n\" data-large-file=\"https:\/\/www.hoymercedes.com.ar\/principal\/wp-content\/uploads\/2018\/10\/09-ORQUESTA-escuela.jpg\" class=\"size-medium wp-image-82257\" src=\"https:\/\/www.hoymercedes.com.ar\/principal\/wp-content\/uploads\/2018\/10\/09-ORQUESTA-escuela-630x354.jpg\" alt=\"\" width=\"630\" height=\"354\" srcset=\"https:\/\/www.hoymercedes.com.ar\/principal\/wp-content\/uploads\/2018\/10\/09-ORQUESTA-escuela-630x354.jpg 630w, https:\/\/www.hoymercedes.com.ar\/principal\/wp-content\/uploads\/2018\/10\/09-ORQUESTA-escuela-150x84.jpg 150w, https:\/\/www.hoymercedes.com.ar\/principal\/wp-content\/uploads\/2018\/10\/09-ORQUESTA-escuela.jpg 750w\" sizes=\"auto, (max-width: 630px) 100vw, 630px\" \/><figcaption id=\"caption-attachment-82257\" class=\"wp-caption-text\">En el ensayo, preparando para la interpretaci\u00f3n final.<\/figcaption><\/figure>\n<p>En la jornada de cierre, todas las agrupaciones compartieron el escenario del Luna Park\u00a0formando una mega orquesta y coro para interpretar un repertorio com\u00fan.<\/p>\n<p>En esta ocasi\u00f3n, particip\u00f3 Kevin Johansen como artista invitado, mientras que en a\u00f1os anteriores estuvieron presentes Teresa Parodi, Patricia Sosa, Ra\u00fal Lavi\u00e9, Jairo, Sandra Mihanovich, Dar\u00edo Volont\u00e9 y Antonio Tarrag\u00f3 Ros.<\/p>\n<figure id=\"attachment_82258\" aria-describedby=\"caption-attachment-82258\" style=\"width: 620px\" class=\"wp-caption aligncenter\"><img loading=\"lazy\" decoding=\"async\" data-attachment-id=\"82258\" data-permalink=\"https:\/\/www.hoymercedes.com.ar\/principal\/2018\/10\/09\/orquesta-escuela-de-mercedes-en-el-luna-park\/09-orquesta-escuela1\/#main\" data-orig-file=\"https:\/\/www.hoymercedes.com.ar\/principal\/wp-content\/uploads\/2018\/10\/09-ORQUESTA-escuela1.jpg\" data-orig-size=\"750,497\" data-comments-opened=\"0\" data-image-meta=\"{&quot;aperture&quot;:&quot;0&quot;,&quot;credit&quot;:&quot;&quot;,&quot;camera&quot;:&quot;&quot;,&quot;caption&quot;:&quot;&quot;,&quot;created_timestamp&quot;:&quot;0&quot;,&quot;copyright&quot;:&quot;&quot;,&quot;focal_length&quot;:&quot;0&quot;,&quot;iso&quot;:&quot;0&quot;,&quot;shutter_speed&quot;:&quot;0&quot;,&quot;title&quot;:&quot;&quot;,&quot;orientation&quot;:&quot;0&quot;}\" data-image-title=\"09 ORQUESTA escuela1\" data-image-description=\"\" data-image-caption=\"&lt;p&gt;A minutos de partir de Mercedes para tocar en el Luna Park&lt;\/p&gt;\n\" data-large-file=\"https:\/\/www.hoymercedes.com.ar\/principal\/wp-content\/uploads\/2018\/10\/09-ORQUESTA-escuela1.jpg\" class=\"size-medium wp-image-82258\" src=\"https:\/\/www.hoymercedes.com.ar\/principal\/wp-content\/uploads\/2018\/10\/09-ORQUESTA-escuela1-630x417.jpg\" alt=\"\" width=\"630\" height=\"417\" srcset=\"https:\/\/www.hoymercedes.com.ar\/principal\/wp-content\/uploads\/2018\/10\/09-ORQUESTA-escuela1-630x417.jpg 630w, https:\/\/www.hoymercedes.com.ar\/principal\/wp-content\/uploads\/2018\/10\/09-ORQUESTA-escuela1-150x99.jpg 150w, https:\/\/www.hoymercedes.com.ar\/principal\/wp-content\/uploads\/2018\/10\/09-ORQUESTA-escuela1.jpg 750w\" sizes=\"auto, (max-width: 630px) 100vw, 630px\" \/><figcaption id=\"caption-attachment-82258\" class=\"wp-caption-text\">A minutos de partir de Mercedes para tocar en el Luna Park<\/figcaption><\/figure>\n","protected":false},"excerpt":{"rendered":"<p>El Encuentro Internacional de Orquestas Juveniles es un festival internacional de orquestas, bandas y coros infanto juveniles. Participan todos los &#8230; <a title=\"Orquesta Escuela de Mercedes en el Luna Park\" class=\"read-more\" href=\"https:\/\/www.hoymercedes.com.ar\/principal\/2018\/10\/09\/orquesta-escuela-de-mercedes-en-el-luna-park\/\" aria-label=\"Leer m\u00e1s sobre Orquesta Escuela de Mercedes en el Luna Park\">Leer m\u00e1s<\/a><\/p>\n","protected":false},"author":1,"featured_media":82257,"comment_status":"closed","ping_status":"open","sticky":false,"template":"","format":"standard","meta":{"_monsterinsights_skip_tracking":false,"_monsterinsights_sitenote_active":false,"_monsterinsights_sitenote_note":"","_monsterinsights_sitenote_category":0,"jetpack_post_was_ever_published":false,"_jetpack_newsletter_access":"","_jetpack_dont_email_post_to_subs":false,"_jetpack_newsletter_tier_id":0,"_jetpack_memberships_contains_paywalled_content":false,"_jetpack_memberships_contains_paid_content":false,"footnotes":"","jetpack_publicize_message":"","jetpack_publicize_feature_enabled":true,"jetpack_social_post_already_shared":true,"jetpack_social_options":{"image_generator_settings":{"template":"highway","default_image_id":0,"font":"","enabled":false},"version":2},"_wpas_customize_per_network":false},"categories":[23],"tags":[7805,47,13852,10,1943],"class_list":["post-82256","post","type-post","status-publish","format-standard","has-post-thumbnail","hentry","category-educacion","tag-cultura","tag-educacion-2","tag-luna-park","tag-mercedes","tag-orquesta-escuela","generate-columns","tablet-grid-50","mobile-grid-100","grid-parent","grid-50"],"jetpack_publicize_connections":[],"jetpack_featured_media_url":"https:\/\/www.hoymercedes.com.ar\/principal\/wp-content\/uploads\/2018\/10\/09-ORQUESTA-escuela.jpg","wps_subtitle":"Junto a otras agrupaciones juveniles","jetpack_sharing_enabled":true,"_links":{"self":[{"href":"https:\/\/www.hoymercedes.com.ar\/principal\/wp-json\/wp\/v2\/posts\/82256","targetHints":{"allow":["GET"]}}],"collection":[{"href":"https:\/\/www.hoymercedes.com.ar\/principal\/wp-json\/wp\/v2\/posts"}],"about":[{"href":"https:\/\/www.hoymercedes.com.ar\/principal\/wp-json\/wp\/v2\/types\/post"}],"author":[{"embeddable":true,"href":"https:\/\/www.hoymercedes.com.ar\/principal\/wp-json\/wp\/v2\/users\/1"}],"replies":[{"embeddable":true,"href":"https:\/\/www.hoymercedes.com.ar\/principal\/wp-json\/wp\/v2\/comments?post=82256"}],"version-history":[{"count":0,"href":"https:\/\/www.hoymercedes.com.ar\/principal\/wp-json\/wp\/v2\/posts\/82256\/revisions"}],"wp:featuredmedia":[{"embeddable":true,"href":"https:\/\/www.hoymercedes.com.ar\/principal\/wp-json\/wp\/v2\/media\/82257"}],"wp:attachment":[{"href":"https:\/\/www.hoymercedes.com.ar\/principal\/wp-json\/wp\/v2\/media?parent=82256"}],"wp:term":[{"taxonomy":"category","embeddable":true,"href":"https:\/\/www.hoymercedes.com.ar\/principal\/wp-json\/wp\/v2\/categories?post=82256"},{"taxonomy":"post_tag","embeddable":true,"href":"https:\/\/www.hoymercedes.com.ar\/principal\/wp-json\/wp\/v2\/tags?post=82256"}],"curies":[{"name":"wp","href":"https:\/\/api.w.org\/{rel}","templated":true}]}}