{"id":82267,"date":"2018-10-09T21:13:45","date_gmt":"2018-10-10T00:13:45","guid":{"rendered":"http:\/\/www.hoymercedes.com.ar\/principal\/?p=82267"},"modified":"2018-10-09T21:41:21","modified_gmt":"2018-10-10T00:41:21","slug":"municipio-presenta-amparo-por-tarifazo-del-gas-en-pos-de-los-derechos-de-mercedinos","status":"publish","type":"post","link":"https:\/\/www.hoymercedes.com.ar\/principal\/2018\/10\/09\/municipio-presenta-amparo-por-tarifazo-del-gas-en-pos-de-los-derechos-de-mercedinos\/","title":{"rendered":"Municipio presenta amparo por tarifazo del gas en pos de los derechos de mercedinos"},"content":{"rendered":"<figure id=\"attachment_82268\" aria-describedby=\"caption-attachment-82268\" style=\"width: 620px\" class=\"wp-caption aligncenter\"><img loading=\"lazy\" decoding=\"async\" data-attachment-id=\"82268\" data-permalink=\"https:\/\/www.hoymercedes.com.ar\/principal\/2018\/10\/09\/municipio-presenta-amparo-por-tarifazo-del-gas-en-pos-de-los-derechos-de-mercedinos\/amparo\/#main\" data-orig-file=\"https:\/\/www.hoymercedes.com.ar\/principal\/wp-content\/uploads\/2018\/10\/Amparo.jpg\" data-orig-size=\"1046,607\" data-comments-opened=\"0\" data-image-meta=\"{&quot;aperture&quot;:&quot;0&quot;,&quot;credit&quot;:&quot;&quot;,&quot;camera&quot;:&quot;&quot;,&quot;caption&quot;:&quot;&quot;,&quot;created_timestamp&quot;:&quot;0&quot;,&quot;copyright&quot;:&quot;&quot;,&quot;focal_length&quot;:&quot;0&quot;,&quot;iso&quot;:&quot;0&quot;,&quot;shutter_speed&quot;:&quot;0&quot;,&quot;title&quot;:&quot;&quot;,&quot;orientation&quot;:&quot;0&quot;}\" data-image-title=\"Amparo\" data-image-description=\"\" data-image-caption=\"&lt;p&gt;Conferencia de prensa y anuncio &lt;\/p&gt;\n\" data-large-file=\"https:\/\/www.hoymercedes.com.ar\/principal\/wp-content\/uploads\/2018\/10\/Amparo-1024x594.jpg\" class=\"size-medium wp-image-82268\" src=\"https:\/\/www.hoymercedes.com.ar\/principal\/wp-content\/uploads\/2018\/10\/Amparo-630x366.jpg\" alt=\"\" width=\"630\" height=\"366\" srcset=\"https:\/\/www.hoymercedes.com.ar\/principal\/wp-content\/uploads\/2018\/10\/Amparo-630x366.jpg 630w, https:\/\/www.hoymercedes.com.ar\/principal\/wp-content\/uploads\/2018\/10\/Amparo-150x87.jpg 150w, https:\/\/www.hoymercedes.com.ar\/principal\/wp-content\/uploads\/2018\/10\/Amparo-1024x594.jpg 1024w, https:\/\/www.hoymercedes.com.ar\/principal\/wp-content\/uploads\/2018\/10\/Amparo.jpg 1046w\" sizes=\"auto, (max-width: 630px) 100vw, 630px\" \/><figcaption id=\"caption-attachment-82268\" class=\"wp-caption-text\">Conferencia de prensa y anuncio<\/figcaption><\/figure>\n<p>&nbsp;<\/p>\n<p>&nbsp;<\/p>\n<p>El Dr. Ustarroz inform\u00f3 que, tras el masivo reclamo de la semana pasada ante un nuevo tarifazo en cuotas en el servicio de gas, el Municipio de Mercedes, presenta un amparo en contra de una medida que es considerada ilegal y va en detrimento de los mercedinos. Esto se suma al aumento en las tarifas del gas del 35% para la pr\u00f3xima facturaci\u00f3n. Estuvieron presentes Fernando Florella, desde Defensor\u00eda del Pueblo y Javier Guevara, integrante del \u00e1rea legal del municipio.<\/p>\n<p><strong>Tarifazo<\/strong><\/p>\n<p>Como es de p\u00fablico y notorio conocimiento, el d\u00eda viernes sali\u00f3 la resoluci\u00f3n 20\/2018 de la Secretar\u00eda de Energ\u00eda, la cual plantea, que la poblaci\u00f3n argentina debe compensar a las empresas de gas por la devaluaci\u00f3n econ\u00f3mica que sufri\u00f3 el pa\u00eds. Esto se pagar\u00eda a partir de enero, en 24 cuotas. Adem\u00e1s de los incrementos que ya se vienen pagando, que en el caso del gas, ya llega a m\u00e1s del 1.800 %.<\/p>\n<p>En este sentido, el jefe comunal expuso \u201cno hace mucho tiempo realizamos un amparo entendiendo que el tarifazo era totalmente ilegitimo y arbitrario. Hoy en esa misma l\u00ednea de ideas vamos a representar al pueblo de Mercedes en una acci\u00f3n de amparo, porque entendemos que esta medida es totalmente inconstitucional, ilegitima y que nuevamente carga sobre el bolsillo de la gente responsabilidades que claramente le deben corresponder a la empresa\u201d.<\/p>\n<p>Y aclar\u00f3 \u201cno existe un caso donde a una actividad econ\u00f3mica se la compense por una devaluaci\u00f3n\u201d.<\/p>\n<p>Asimismo, el Dr. Ustarroz inform\u00f3 \u201cnosotros hemos analizado en el 2017 la tasa de rentabilidad de las empresas, tanto de luz como de gas, y hemos encontrado una ganancia exorbitante y eso se debe a la transferencia enorme de recursos que hay de los ciudadanos hacia estas empresas\u201d.<\/p>\n<p>\u201cEn un contexto de recesi\u00f3n e inflaci\u00f3n como el que estamos viviendo realmente insistir en este tipo de medidas, la verdad nos parece totalmente injusto, arbitrario e ilegitimo\u201d afirm\u00f3 Ustarroz.<\/p>\n<p>Desde la Defensor\u00eda del Pueblo, que est\u00e1 a cargo de Guido Lorenzino, se realiz\u00f3 una presentaci\u00f3n -un recurso administrativo- ante la secretaria de energ\u00eda pidiendo la nulidad de esta resoluci\u00f3n por considerarla ilegal. A partir de esa medida, si no existe respuesta se recurrir\u00e1 la justicia, acompa\u00f1ando a todos los municipios y bonaerenses, para que se deje sin efecto esta medida ilegal.<\/p>\n<p>\u201cEsta es una acci\u00f3n que vamos a encarar en conjunto con la Defensor\u00eda del Pueblo y que tiene como objetivo simple, cuidar los ingresos del vecino, por un lado, y tambi\u00e9n, plantear institucionalmente un l\u00edmite a un avance desmedido que se da sobre la gente y siempre en Beneficio de las empresas\u201d.<\/p>\n<p><strong>Manifestaci\u00f3n mercedina <\/strong><\/p>\n<p>Asimismo, el intendente Ustarroz dijo \u201cnosotros entendemos que debemos accionar r\u00e1pidamente porque somos muchos los afectados, y as\u00ed lo manifestaron el d\u00eda viernes una gran cantidad de vecinos, quienes repudiaron el aumento de las tarifas y el rumbo econ\u00f3mico que est\u00e1 condenando a las mayor\u00edas a vivir en prejuicio y detrimento de sus posibilidades\u201d.<\/p>\n<p>\u201cQueremos dar un mensaje claro y contundente de que no aceptamos estos tarifazos, por eso iniciamos esta acci\u00f3n que prev\u00e9 nuestra Constituci\u00f3n Nacional para defender los derechos de todos\u201d determin\u00f3 el intendente Juan Ignacio Ustarroz.<\/p>\n<p>Por su parte, Javier Guevara, director del \u00e1rea legal municipal, expres\u00f3 \u201cdesgraciadamente, no hay nada que indique que la pol\u00edtica de incremento de tarifas se vaya a detener ahora\u201d y a\u00f1adi\u00f3 \u201cesto fue la gota que colm\u00f3 el vaso de la paciencia de los usuarios\u201d.<\/p>\n<p>Adem\u00e1s, el director destac\u00f3 \u201cmucho se ha hablado que el secretario de energ\u00eda, Iguacel funda esta resoluci\u00f3n en un decreto de 1992, lo cual es falso, porque la resoluci\u00f3n no est\u00e1 contemplada en dicha resoluci\u00f3n, que establece cu\u00e1l es la forma en que se va a incrementar el gas. O sea, al no estar contemplado opt\u00f3 por una soluci\u00f3n que era claramente en beneficio de las empresas y en detrimento de todos los usuarios, como ha sido siempre en todas las pol\u00edticas llevadas adelante por el Gobierno Nacional\u201d.<\/p>\n<p>\u201cViola el principio cancelatorio, el articulo 880 del C\u00f3digo Civil y Comercial que resuelve que el pago extingue la deuda. En este caso parece que no, con lo cual, todo aquello que se hablaba antes, de la seguridad jur\u00eddica que ven\u00eda a traer este gobierno, claramente es seguridad jur\u00eddica para las grandes empresas y en contra de los consumidores\u201d afirm\u00f3 Guevara.<\/p>\n<p>&nbsp;<\/p>\n<p>Data: conferencia de prensa \/ MM<\/p>\n","protected":false},"excerpt":{"rendered":"<p>&nbsp; &nbsp; El Dr. Ustarroz inform\u00f3 que, tras el masivo reclamo de la semana pasada ante un nuevo tarifazo en &#8230; <a title=\"Municipio presenta amparo por tarifazo del gas en pos de los derechos de mercedinos\" class=\"read-more\" href=\"https:\/\/www.hoymercedes.com.ar\/principal\/2018\/10\/09\/municipio-presenta-amparo-por-tarifazo-del-gas-en-pos-de-los-derechos-de-mercedinos\/\" aria-label=\"Leer m\u00e1s sobre Municipio presenta amparo por tarifazo del gas en pos de los derechos de mercedinos\">Leer m\u00e1s<\/a><\/p>\n","protected":false},"author":1,"featured_media":82268,"comment_status":"closed","ping_status":"open","sticky":false,"template":"","format":"standard","meta":{"_monsterinsights_skip_tracking":false,"_monsterinsights_sitenote_active":false,"_monsterinsights_sitenote_note":"","_monsterinsights_sitenote_category":0,"jetpack_post_was_ever_published":false,"_jetpack_newsletter_access":"","_jetpack_dont_email_post_to_subs":false,"_jetpack_newsletter_tier_id":0,"_jetpack_memberships_contains_paywalled_content":false,"_jetpack_memberships_contains_paid_content":false,"footnotes":"","jetpack_publicize_message":"","jetpack_publicize_feature_enabled":true,"jetpack_social_post_already_shared":true,"jetpack_social_options":{"image_generator_settings":{"template":"highway","default_image_id":0,"font":"","enabled":false},"version":2},"_wpas_customize_per_network":false},"categories":[30],"tags":[13854,13855],"class_list":["post-82267","post","type-post","status-publish","format-standard","has-post-thumbnail","hentry","category-municipio","tag-amparo-de-gas","tag-ustarroz-amparo-muncipio","generate-columns","tablet-grid-50","mobile-grid-100","grid-parent","grid-50"],"jetpack_publicize_connections":[],"jetpack_featured_media_url":"https:\/\/www.hoymercedes.com.ar\/principal\/wp-content\/uploads\/2018\/10\/Amparo.jpg","wps_subtitle":"Tarifazo en cuotas","jetpack_sharing_enabled":true,"_links":{"self":[{"href":"https:\/\/www.hoymercedes.com.ar\/principal\/wp-json\/wp\/v2\/posts\/82267","targetHints":{"allow":["GET"]}}],"collection":[{"href":"https:\/\/www.hoymercedes.com.ar\/principal\/wp-json\/wp\/v2\/posts"}],"about":[{"href":"https:\/\/www.hoymercedes.com.ar\/principal\/wp-json\/wp\/v2\/types\/post"}],"author":[{"embeddable":true,"href":"https:\/\/www.hoymercedes.com.ar\/principal\/wp-json\/wp\/v2\/users\/1"}],"replies":[{"embeddable":true,"href":"https:\/\/www.hoymercedes.com.ar\/principal\/wp-json\/wp\/v2\/comments?post=82267"}],"version-history":[{"count":0,"href":"https:\/\/www.hoymercedes.com.ar\/principal\/wp-json\/wp\/v2\/posts\/82267\/revisions"}],"wp:featuredmedia":[{"embeddable":true,"href":"https:\/\/www.hoymercedes.com.ar\/principal\/wp-json\/wp\/v2\/media\/82268"}],"wp:attachment":[{"href":"https:\/\/www.hoymercedes.com.ar\/principal\/wp-json\/wp\/v2\/media?parent=82267"}],"wp:term":[{"taxonomy":"category","embeddable":true,"href":"https:\/\/www.hoymercedes.com.ar\/principal\/wp-json\/wp\/v2\/categories?post=82267"},{"taxonomy":"post_tag","embeddable":true,"href":"https:\/\/www.hoymercedes.com.ar\/principal\/wp-json\/wp\/v2\/tags?post=82267"}],"curies":[{"name":"wp","href":"https:\/\/api.w.org\/{rel}","templated":true}]}}