{"id":8227,"date":"2011-10-13T15:28:41","date_gmt":"2011-10-13T15:28:41","guid":{"rendered":"http:\/\/www.hoymercedes.com.ar\/principal\/?p=8227"},"modified":"2011-10-13T15:28:41","modified_gmt":"2011-10-13T15:28:41","slug":"selva-entrego-mas-netbooks-en-la-agrotecnica","status":"publish","type":"post","link":"https:\/\/www.hoymercedes.com.ar\/principal\/2011\/10\/13\/selva-entrego-mas-netbooks-en-la-agrotecnica\/","title":{"rendered":"Selva entreg\u00f3 m\u00e1s Netbooks en la Agrot\u00e9cnica"},"content":{"rendered":"<p>En la Escuela de Educaci\u00f3n Secundaria Agraria N\u00ba 1 \u201cHugo Miatello\u201d, se llev\u00f3 adelante la entrega de 182 Netbooks para los alumnos de primero a cuarto a\u00f1o y para los docentes. Las mismas provienen del Programa Nacional \u201cConectar Igualdad\u201d, que junto al Programa de Acceso a Internet que ofrece la Municipalidad de Mercedes.<\/p>\n<p>Sandra Almada, Directora del Establecimiento hablo sobre la importancia de las computadoras como herramienta de estudio, y explic\u00f3 que los chicos tienen que ser supervisados por sus padres para el cuidado y el uso de las mismas.<\/p>\n<p>Quien se sum\u00f3 a ese pedido fue la Inspectora Jefe Distrital, Elsa Capurro, quien dijo que \u201cest\u00e1 bien que se diviertan con los jueguitos de las maquinas, por que est\u00e1n en edad para jugar, pero aprovechen la herramienta que tienen para estudiar, ya que tienen todo al alcance de las manos\u201d<\/p>\n<p>El Intendente Carlos Selva, agradeci\u00f3 la presencia de los alumnos y padres y manifest\u00f3 la importancia del programa que se hizo con una fuerte decisi\u00f3n pol\u00edtica, al igual que la iniciativa, por parte de la Municipalidad de Mercedes, de llevar Wi-fi a todos los puntos de la ciudad, para que los chicos puedan, desde la comodidad de sus casas, utilizar la Netbooks.\u201d<\/p>\n","protected":false},"excerpt":{"rendered":"<p>En la Escuela de Educaci\u00f3n Secundaria Agraria N\u00ba 1 \u201cHugo Miatello\u201d, se llev\u00f3 adelante la entrega de 182 Netbooks para &#8230; <a title=\"Selva entreg\u00f3 m\u00e1s Netbooks en la Agrot\u00e9cnica\" class=\"read-more\" href=\"https:\/\/www.hoymercedes.com.ar\/principal\/2011\/10\/13\/selva-entrego-mas-netbooks-en-la-agrotecnica\/\" aria-label=\"Leer m\u00e1s sobre Selva entreg\u00f3 m\u00e1s Netbooks en la Agrot\u00e9cnica\">Leer m\u00e1s<\/a><\/p>\n","protected":false},"author":1,"featured_media":0,"comment_status":"open","ping_status":"open","sticky":false,"template":"","format":"standard","meta":{"_monsterinsights_skip_tracking":false,"_monsterinsights_sitenote_active":false,"_monsterinsights_sitenote_note":"","_monsterinsights_sitenote_category":0,"jetpack_post_was_ever_published":false,"_jetpack_newsletter_access":"","_jetpack_dont_email_post_to_subs":false,"_jetpack_newsletter_tier_id":0,"_jetpack_memberships_contains_paywalled_content":false,"_jetpack_memberships_contains_paid_content":false,"footnotes":"","jetpack_publicize_message":"","jetpack_publicize_feature_enabled":true,"jetpack_social_post_already_shared":false,"jetpack_social_options":{"image_generator_settings":{"template":"highway","default_image_id":0,"font":"","enabled":false},"version":2},"_wpas_customize_per_network":false},"categories":[30],"tags":[360,1460,18],"class_list":["post-8227","post","type-post","status-publish","format-standard","hentry","category-municipio","tag-conectar-igualdad","tag-netbooks","tag-selva","generate-columns","tablet-grid-50","mobile-grid-100","grid-parent","grid-50"],"jetpack_publicize_connections":[],"jetpack_featured_media_url":"","wps_subtitle":"","jetpack_sharing_enabled":true,"_links":{"self":[{"href":"https:\/\/www.hoymercedes.com.ar\/principal\/wp-json\/wp\/v2\/posts\/8227","targetHints":{"allow":["GET"]}}],"collection":[{"href":"https:\/\/www.hoymercedes.com.ar\/principal\/wp-json\/wp\/v2\/posts"}],"about":[{"href":"https:\/\/www.hoymercedes.com.ar\/principal\/wp-json\/wp\/v2\/types\/post"}],"author":[{"embeddable":true,"href":"https:\/\/www.hoymercedes.com.ar\/principal\/wp-json\/wp\/v2\/users\/1"}],"replies":[{"embeddable":true,"href":"https:\/\/www.hoymercedes.com.ar\/principal\/wp-json\/wp\/v2\/comments?post=8227"}],"version-history":[{"count":0,"href":"https:\/\/www.hoymercedes.com.ar\/principal\/wp-json\/wp\/v2\/posts\/8227\/revisions"}],"wp:attachment":[{"href":"https:\/\/www.hoymercedes.com.ar\/principal\/wp-json\/wp\/v2\/media?parent=8227"}],"wp:term":[{"taxonomy":"category","embeddable":true,"href":"https:\/\/www.hoymercedes.com.ar\/principal\/wp-json\/wp\/v2\/categories?post=8227"},{"taxonomy":"post_tag","embeddable":true,"href":"https:\/\/www.hoymercedes.com.ar\/principal\/wp-json\/wp\/v2\/tags?post=8227"}],"curies":[{"name":"wp","href":"https:\/\/api.w.org\/{rel}","templated":true}]}}