{"id":82274,"date":"2018-10-10T09:33:53","date_gmt":"2018-10-10T12:33:53","guid":{"rendered":"http:\/\/www.hoymercedes.com.ar\/principal\/?p=82274"},"modified":"2018-10-10T10:01:30","modified_gmt":"2018-10-10T13:01:30","slug":"mesa-sindical-planteo-el-rechazo-de-las-politicas-economicas-nacionales","status":"publish","type":"post","link":"https:\/\/www.hoymercedes.com.ar\/principal\/2018\/10\/10\/mesa-sindical-planteo-el-rechazo-de-las-politicas-economicas-nacionales\/","title":{"rendered":"Mesa Sindical plante\u00f3 el rechazo de las pol\u00edticas econ\u00f3micas nacionales"},"content":{"rendered":"<p>Haciendo uso de la banca participativa en el Concejo Deliberante, la Mesa Sindical representados por Silvia Gandolfi (UEB Mercedes) y Mario Vi\u00f1ales (Sindicato Regional de Luz y Fuerza) expresaron el lunes pasado ante los concejales el rechazo a las pol\u00edticas econ\u00f3mica del gobierno nacional.<\/p>\n<p><img loading=\"lazy\" decoding=\"async\" data-attachment-id=\"82209\" data-permalink=\"https:\/\/www.hoymercedes.com.ar\/principal\/2018\/10\/09\/vecino-reclamo-porque-no-lo-habilitaron-a-instalar-food-truck-vegetariana\/09-banca-mesa-sindical-2\/#main\" data-orig-file=\"https:\/\/www.hoymercedes.com.ar\/principal\/wp-content\/uploads\/2018\/10\/09-banca-mesa-sindical-2.jpg\" data-orig-size=\"750,500\" data-comments-opened=\"0\" data-image-meta=\"{&quot;aperture&quot;:&quot;3.5&quot;,&quot;credit&quot;:&quot;&quot;,&quot;camera&quot;:&quot;NIKON D3100&quot;,&quot;caption&quot;:&quot;&quot;,&quot;created_timestamp&quot;:&quot;1539027256&quot;,&quot;copyright&quot;:&quot;&quot;,&quot;focal_length&quot;:&quot;18&quot;,&quot;iso&quot;:&quot;1400&quot;,&quot;shutter_speed&quot;:&quot;0.016666666666667&quot;,&quot;title&quot;:&quot;&quot;,&quot;orientation&quot;:&quot;1&quot;}\" data-image-title=\"09 banca mesa sindical 2\" data-image-description=\"\" data-image-caption=\"\" data-large-file=\"https:\/\/www.hoymercedes.com.ar\/principal\/wp-content\/uploads\/2018\/10\/09-banca-mesa-sindical-2.jpg\" class=\"aligncenter size-medium wp-image-82209\" src=\"https:\/\/www.hoymercedes.com.ar\/principal\/wp-content\/uploads\/2018\/10\/09-banca-mesa-sindical-2-630x420.jpg\" alt=\"\" width=\"630\" height=\"420\" srcset=\"https:\/\/www.hoymercedes.com.ar\/principal\/wp-content\/uploads\/2018\/10\/09-banca-mesa-sindical-2-630x420.jpg 630w, https:\/\/www.hoymercedes.com.ar\/principal\/wp-content\/uploads\/2018\/10\/09-banca-mesa-sindical-2-150x100.jpg 150w, https:\/\/www.hoymercedes.com.ar\/principal\/wp-content\/uploads\/2018\/10\/09-banca-mesa-sindical-2.jpg 750w\" sizes=\"auto, (max-width: 630px) 100vw, 630px\" \/><\/p>\n<p>En primer t\u00e9rmino, Gandolfi resumi\u00f3 c\u00f3mo se fue conformando la mesa sindical que re\u00fane a diferentes gremios de la ciudad. \u201cLa sociedad de Mercedes no est\u00e1 ajena a las acciones que se llevaron adelante el \u00faltimo viernes, Fue una muestra contundente que los ciudadanos de Mercedes se manifestaron en contra de los tarifazos. Estos tarifazos como consecuencia, excluyen a la gente, excluyen a las personas, excluyen a las familias. Este gobierno lo hace decretazos derribando la constitucionalidad, las leyes y el quehacer soberano de un pueblo que ha venido luchando durante tanto a\u00f1os para tener los derechos que hoy tenemos como trabajadores y como ciudadanos\u201d, resalt\u00f3 la titular de uno de los gremios docentes.<\/p>\n<p>\u201cLo que nos pone en alerta es la resoluci\u00f3n 20, en el cual los ciudadanos nos tenemos que hacer cargo de la p\u00e9rdida de las empresas, por una devaluaci\u00f3n o por una p\u00e9rdida del valor del d\u00f3lar. Inaudito, nunca visto en la historia. \u2026 Reivindicamos la lucha por los derechos de los trabajadores, la lucha por los movimientos sociales, y defendemos la dignidad de la vida\u201d, agreg\u00f3.<\/p>\n<p>A su lado, Vi\u00f1ales, el abogado que supo estar al frente de la CGT Mercedes, expres\u00f3: \u201cNo alcanza la plata para llegar a fin de mes, no alcanza la plata para comprar un medicamento, no alcanza la plata para comer y no alcanza la plata para casi nada. Pero somos respetuosos del sistema democr\u00e1tico y queremos expresarnos en cada uno de los lugares como corresponde expresarse, ac\u00e1 y no con una barra atr\u00e1s llena de gente que la podr\u00edamos haber tra\u00eddo, pero o queremos que esto suceda, queremos que nos escuchen y nos presten atenci\u00f3n. Nosotros necesitamos que este cuerpo deliberativo se constituya en comisi\u00f3n y saquen en unanimidad un rechazo absoluto a un ajuste que no tiene sentido porque est\u00e1 en contra de la ley, que es el aumento del gas, pero no solamente el aumento, sino las cuotas que hay que pagar durante veinticuatro meses\u201d.<\/p>\n<p><img loading=\"lazy\" decoding=\"async\" data-attachment-id=\"82208\" data-permalink=\"https:\/\/www.hoymercedes.com.ar\/principal\/2018\/10\/09\/vecino-reclamo-porque-no-lo-habilitaron-a-instalar-food-truck-vegetariana\/09-banca-mesa-sindical-1\/#main\" data-orig-file=\"https:\/\/www.hoymercedes.com.ar\/principal\/wp-content\/uploads\/2018\/10\/09-banca-mesa-sindical-1.jpg\" data-orig-size=\"750,500\" data-comments-opened=\"0\" data-image-meta=\"{&quot;aperture&quot;:&quot;4.8&quot;,&quot;credit&quot;:&quot;&quot;,&quot;camera&quot;:&quot;NIKON D3100&quot;,&quot;caption&quot;:&quot;&quot;,&quot;created_timestamp&quot;:&quot;1539027802&quot;,&quot;copyright&quot;:&quot;&quot;,&quot;focal_length&quot;:&quot;38&quot;,&quot;iso&quot;:&quot;2000&quot;,&quot;shutter_speed&quot;:&quot;0.016666666666667&quot;,&quot;title&quot;:&quot;&quot;,&quot;orientation&quot;:&quot;1&quot;}\" data-image-title=\"09 banca mesa sindical 1\" data-image-description=\"\" data-image-caption=\"\" data-large-file=\"https:\/\/www.hoymercedes.com.ar\/principal\/wp-content\/uploads\/2018\/10\/09-banca-mesa-sindical-1.jpg\" class=\"aligncenter size-medium wp-image-82208\" src=\"https:\/\/www.hoymercedes.com.ar\/principal\/wp-content\/uploads\/2018\/10\/09-banca-mesa-sindical-1-630x420.jpg\" alt=\"\" width=\"630\" height=\"420\" srcset=\"https:\/\/www.hoymercedes.com.ar\/principal\/wp-content\/uploads\/2018\/10\/09-banca-mesa-sindical-1-630x420.jpg 630w, https:\/\/www.hoymercedes.com.ar\/principal\/wp-content\/uploads\/2018\/10\/09-banca-mesa-sindical-1-150x100.jpg 150w, https:\/\/www.hoymercedes.com.ar\/principal\/wp-content\/uploads\/2018\/10\/09-banca-mesa-sindical-1.jpg 750w\" sizes=\"auto, (max-width: 630px) 100vw, 630px\" \/><\/p>\n<p>Asimismo, el representante regional de los trabajadores que est\u00e1n en empresas relacionadas con el servicio de energ\u00eda el\u00e9ctrica cont\u00f3 que ese d\u00eda estaban programados 890 cortes del servicio y para el otro d\u00eda se preve\u00eda que ser\u00edan 1400. \u201cLa gene no puede pagar, a ver si les entra por alg\u00fan lado la realidad que vivimos, La gente cuando va a pagar, se pone a llorar. No pueden, pero no porque no quieren, no les alcanza la plata y si un gobierno no tiene la sensibilidad para entender que una comunidad se est\u00e1 deteriorando d\u00eda a d\u00eda, hora a hora\u201d, cont\u00f3.<\/p>\n<p>Al t\u00e9rmino de las bancas participativas, finalmente los<a href=\"https:\/\/www.hoymercedes.com.ar\/principal\/2018\/10\/10\/concejales-rechazaron-la-resolucion-20-2018-de-la-secretaria-de-energia\/\" target=\"_blank\" rel=\"noopener\"> concejales se conformaron en comisi\u00f3n<\/a> para tratar dos proyectos confeccionados minutos antes del recinto. Ambos proyectos fueron unificados en su articulado y aprobaron por unanimidad el rechazo a la Resoluci\u00f3n 20\/2018 que establece el pago retroactivo por servicio de gas.<\/p>\n<p>Por Hoy Mercedes<\/p>\n","protected":false},"excerpt":{"rendered":"<p>Haciendo uso de la banca participativa en el Concejo Deliberante, la Mesa Sindical representados por Silvia Gandolfi (UEB Mercedes) y &#8230; <a title=\"Mesa Sindical plante\u00f3 el rechazo de las pol\u00edticas econ\u00f3micas nacionales\" class=\"read-more\" href=\"https:\/\/www.hoymercedes.com.ar\/principal\/2018\/10\/10\/mesa-sindical-planteo-el-rechazo-de-las-politicas-economicas-nacionales\/\" aria-label=\"Leer m\u00e1s sobre Mesa Sindical plante\u00f3 el rechazo de las pol\u00edticas econ\u00f3micas nacionales\">Leer m\u00e1s<\/a><\/p>\n","protected":false},"author":1,"featured_media":82208,"comment_status":"closed","ping_status":"open","sticky":false,"template":"","format":"standard","meta":{"_monsterinsights_skip_tracking":false,"_monsterinsights_sitenote_active":false,"_monsterinsights_sitenote_note":"","_monsterinsights_sitenote_category":0,"jetpack_post_was_ever_published":false,"_jetpack_newsletter_access":"","_jetpack_dont_email_post_to_subs":false,"_jetpack_newsletter_tier_id":0,"_jetpack_memberships_contains_paywalled_content":false,"_jetpack_memberships_contains_paid_content":false,"footnotes":"","jetpack_publicize_message":"","jetpack_publicize_feature_enabled":true,"jetpack_social_post_already_shared":true,"jetpack_social_options":{"image_generator_settings":{"template":"highway","default_image_id":0,"font":"","enabled":false},"version":2},"_wpas_customize_per_network":false},"categories":[5],"tags":[6372,15,10,13508,5319,10165,9490],"class_list":["post-82274","post","type-post","status-publish","format-standard","has-post-thumbnail","hentry","category-politica","tag-banca-participativa","tag-hcd","tag-mercedes","tag-mesa-sindical","tag-politica-2","tag-rechazo","tag-tarifazo","generate-columns","tablet-grid-50","mobile-grid-100","grid-parent","grid-50"],"jetpack_publicize_connections":[],"jetpack_featured_media_url":"https:\/\/www.hoymercedes.com.ar\/principal\/wp-content\/uploads\/2018\/10\/09-banca-mesa-sindical-1.jpg","wps_subtitle":"En Banca Participativa","jetpack_sharing_enabled":true,"_links":{"self":[{"href":"https:\/\/www.hoymercedes.com.ar\/principal\/wp-json\/wp\/v2\/posts\/82274","targetHints":{"allow":["GET"]}}],"collection":[{"href":"https:\/\/www.hoymercedes.com.ar\/principal\/wp-json\/wp\/v2\/posts"}],"about":[{"href":"https:\/\/www.hoymercedes.com.ar\/principal\/wp-json\/wp\/v2\/types\/post"}],"author":[{"embeddable":true,"href":"https:\/\/www.hoymercedes.com.ar\/principal\/wp-json\/wp\/v2\/users\/1"}],"replies":[{"embeddable":true,"href":"https:\/\/www.hoymercedes.com.ar\/principal\/wp-json\/wp\/v2\/comments?post=82274"}],"version-history":[{"count":0,"href":"https:\/\/www.hoymercedes.com.ar\/principal\/wp-json\/wp\/v2\/posts\/82274\/revisions"}],"wp:featuredmedia":[{"embeddable":true,"href":"https:\/\/www.hoymercedes.com.ar\/principal\/wp-json\/wp\/v2\/media\/82208"}],"wp:attachment":[{"href":"https:\/\/www.hoymercedes.com.ar\/principal\/wp-json\/wp\/v2\/media?parent=82274"}],"wp:term":[{"taxonomy":"category","embeddable":true,"href":"https:\/\/www.hoymercedes.com.ar\/principal\/wp-json\/wp\/v2\/categories?post=82274"},{"taxonomy":"post_tag","embeddable":true,"href":"https:\/\/www.hoymercedes.com.ar\/principal\/wp-json\/wp\/v2\/tags?post=82274"}],"curies":[{"name":"wp","href":"https:\/\/api.w.org\/{rel}","templated":true}]}}