{"id":8231,"date":"2011-10-14T03:07:17","date_gmt":"2011-10-14T03:07:17","guid":{"rendered":"http:\/\/www.hoymercedes.com.ar\/principal\/?p=8231"},"modified":"2011-10-14T03:07:17","modified_gmt":"2011-10-14T03:07:17","slug":"torres-%e2%80%9cselva-y-ustarroz-terminaran-juntos%e2%80%9d","status":"publish","type":"post","link":"https:\/\/www.hoymercedes.com.ar\/principal\/2011\/10\/14\/torres-%e2%80%9cselva-y-ustarroz-terminaran-juntos%e2%80%9d\/","title":{"rendered":"Torres: \u201cSelva y Ustarroz terminar\u00e1n juntos\u201d"},"content":{"rendered":"<p>El candidato a intendente de UDESO plantea \u201cdefender la libertad\u201d con el voto del 23, y no dejarse arrastrar por la polarizaci\u00f3n entre los candidatos peronistas. Recuerdos de la alianza Selva \u2013 Zubeld\u00eda.<\/p>\n<p><strong>En las \u00faltimas semanas, usted ha planteado ejercer el voto como defensa de la libertad. \u00bfPor qu\u00e9?<\/strong><\/p>\n<p>No me gusta lo que avizoro hacia el futuro si se mantiene el actual estado de cosas. Tanto en lo vinculado al desenvolvimiento del futuro gobierno, como al de las relaciones humanas, al respeto, a la convivencia, a la limpieza de los mecanismos institucionales.<\/p>\n<p>Me preocupa el estado actual de la cultura pol\u00edtica en la ciudad: los valores en juego, los intereses en pugna, el orden de prioridades y los efectos que esa cultura produce sobre la sociedad.<\/p>\n<p>Llevamos 28 a\u00f1os gobernados por la misma concepci\u00f3n de la pol\u00edtica. Con variantes de personas, el sedimento en la forma y en los contenidos del accionar de los gobiernos locales ha sido el mismo, y eso nos ha llevado al estancamiento, y ese estancamiento no es s\u00f3lo material: hay un avance sobre la libertad de las personas, con un manoseo cotidiano de los derechos de la gente para que juegue a favor del caudillo de turno.<\/p>\n<p>Adem\u00e1s, llevamos 28 a\u00f1os gobernados por el mismo partido pol\u00edtico, \u00bfya no es aburrido?, \u00bfno es tiempo de cambiar para estar mejor en serio?<\/p>\n<p><strong>Una vez m\u00e1s la elecci\u00f3n aparece polarizada en torno a dos candidatos del PJ\u2026<\/strong><\/p>\n<p>El justicialismo ha venido haciendo su juego, y le ha salido bien electoralmente; lo que le cuestiono es que desde el poder se haya conformado con ese peque\u00f1o logro electoral y no haya asumido la tarea de demostrar con evidencias que el verdadero sentido de la pol\u00edtica no es otro que el de elevar material y moralmente al pueblo.<\/p>\n<p><strong>La pol\u00edtica enredada en disputas menores provoca consecuencias que termina pagando la sociedad. A su vez, la sociedad ha sido poco exigente y se ha dejado envolver por esos mecanismos, se ha conformado con un estado de cosas que\u2026 la sociedad deber\u00eda generar, forjar nuevas, mayores demandas.<\/strong><\/p>\n<p>Entonces, cercenadas las grandes posibilidades que ofrece, la democracia se ha visto mutilada.. Necesitamos un verdadero cambio de la cultura pol\u00edtica, de la forma de hacer pol\u00edtica, de la \u00e9tica que impone la pr\u00e1ctica pol\u00edtica como medio para lograr el bien com\u00fan.<\/p>\n<p><strong>\u00bfQu\u00e9 balance hace de la administraci\u00f3n municipal de Carlos Selva?<\/strong><\/p>\n<p>Selva ha cumplido un ciclo. Lo m\u00e1s cuestionable: su irrespeto hacia la democracia y el no haber hecho en un per\u00edodo floreciente, de ocho a\u00f1os, para la econom\u00eda del pa\u00eds del que Mercedes forma parte. No es buena una continuidad, ya mostr\u00f3 que no da para m\u00e1s.<\/p>\n<p><strong>\u00bfY c\u00f3mo ve a Juani Ustarroz?<\/strong><\/p>\n<p>No debo ocultar que lo de Ustarroz me suena a aventura (y tenemos larga e infausta experiencia de las aventuras pol\u00edticas en la Argentina), aventura cuyos l\u00edmites de razonabilidad mueven a incertidumbre y a suspicacia. De lo poco visto me surgen preocupaciones.<\/p>\n<p><strong>Una, la desmesura con que ha encarado la campa\u00f1a. La abrumadora propaganda desplegada y la enorme estructura financiera con la cual se mueva, implica necesariamente un inconcebible manejo de plata que pone bajo sospecha la utilizaci\u00f3n de fondos de los jubilados u otros de origen estatal. Si esto es as\u00ed y llegara a la intendencia, \u00bfcon qu\u00e9 criterio, con qu\u00e9 cuidado, manejar\u00eda los fondos municipales?<\/strong><\/p>\n<p>Otra, que no define un plan de gobierno municipal\u2026 mucho menos con presupuesto propio. Nos habla como si la Casa Rosada fuera a trasladarse a Mercedes. Hay muchos propensos a dejarse cautivar por ilusiones y hay quienes gustan de oficiar de ilusionistas.<\/p>\n<p>Adem\u00e1s, sus conductas desnudan claramente su liviandad en cuanto a la comprensi\u00f3n y al respeto hacia lo institucional.<\/p>\n<p><strong>\u00bfEste peronismo dividido hoy se volver\u00e1 a unir despu\u00e9s del 23?<\/strong><\/p>\n<p>Me parece que hay una certeza que deriva de la experiencia. Entre ellos -que no son sino dos vertientes de una misma identidad pol\u00edtica- lo que confrontan son aspiraciones personales; y esos enfrentamientos terminan disolvi\u00e9ndose en el tiempo por imperio de las necesidades pol\u00edticas. Amigos o no, terminar\u00e1n juntos. Ya pas\u00f3 con la anterior polarizaci\u00f3n Selva \u2013 Zubeld\u00eda. Y sigue girando la rueda.<\/p>\n<p><strong>Su campa\u00f1a en las \u00faltimas semanas se bas\u00f3 en 10 Ideas para Mercedes. \u00bfNo es una plataforma limitada?<\/strong><\/p>\n<p>Mir\u00e1, dentro de nuestras posibilidades hemos tratado de que llegaran a todos los vecinos ideas b\u00e1sicas de un futuro gobierno; e implican la decisi\u00f3n de desarrollar los intereses de la poblaci\u00f3n en su conjunto, con estructuras y recursos suficientes para un manejo aut\u00f3nomo. La din\u00e1mica de la acci\u00f3n de gobierno ampl\u00eda horizontes. El tema es estar atentos y dispuestos. No prometemos, proponemos -y siempre menos de lo que pensamos hacer.<\/p>\n<p><strong>\u00bfCu\u00e1l es su p\u00e1lpito para las elecciones?<\/strong><\/p>\n<p>Soy optimista acerca de los resultados que pueden darse el 23. El ejercicio, la experiencia de las primarias de agosto debe servir para madurar criterios. Y tengo confianza en la ciudadan\u00eda. Si miramos atentamente, advertiremos que hay dos corrientes de pensamiento preponderantes: una af\u00edn al justicialismo y otra af\u00edn a la Uni\u00f3n C\u00edvica Radical. Si logramos capitalizar el apoyo mayoritario de quienes comparten los valores hist\u00f3ricos del radicalismo, su forma de ver las cosas y de practicar la pol\u00edtica, estaremos peleando la mayor\u00eda.<\/p>\n<p>Y esto es posible, si quien vota el domingo 23 comprende la necesidad de un cambio en la cultura pol\u00edtica imperante y, asumi\u00e9ndose como ciudadano, vota ejerciendo en plenitud su libertad.<\/p>\n<p><span style=\"color: #888888;\">Fuente: UDESO<\/span><\/p>\n<p>&nbsp;<\/p>\n","protected":false},"excerpt":{"rendered":"<p>El candidato a intendente de UDESO plantea \u201cdefender la libertad\u201d con el voto del 23, y no dejarse arrastrar por &#8230; <a title=\"Torres: \u201cSelva y Ustarroz terminar\u00e1n juntos\u201d\" class=\"read-more\" href=\"https:\/\/www.hoymercedes.com.ar\/principal\/2011\/10\/14\/torres-%e2%80%9cselva-y-ustarroz-terminaran-juntos%e2%80%9d\/\" aria-label=\"Leer m\u00e1s sobre Torres: \u201cSelva y Ustarroz terminar\u00e1n juntos\u201d\">Leer m\u00e1s<\/a><\/p>\n","protected":false},"author":1,"featured_media":0,"comment_status":"open","ping_status":"open","sticky":false,"template":"","format":"standard","meta":{"_monsterinsights_skip_tracking":false,"_monsterinsights_sitenote_active":false,"_monsterinsights_sitenote_note":"","_monsterinsights_sitenote_category":0,"jetpack_post_was_ever_published":false,"_jetpack_newsletter_access":"","_jetpack_dont_email_post_to_subs":false,"_jetpack_newsletter_tier_id":0,"_jetpack_memberships_contains_paywalled_content":false,"_jetpack_memberships_contains_paid_content":false,"footnotes":"","jetpack_publicize_message":"","jetpack_publicize_feature_enabled":true,"jetpack_social_post_already_shared":false,"jetpack_social_options":{"image_generator_settings":{"template":"highway","default_image_id":0,"font":"","enabled":false},"version":2},"_wpas_customize_per_network":false},"categories":[5],"tags":[],"class_list":["post-8231","post","type-post","status-publish","format-standard","hentry","category-politica","generate-columns","tablet-grid-50","mobile-grid-100","grid-parent","grid-50"],"jetpack_publicize_connections":[],"jetpack_featured_media_url":"","wps_subtitle":"","jetpack_sharing_enabled":true,"_links":{"self":[{"href":"https:\/\/www.hoymercedes.com.ar\/principal\/wp-json\/wp\/v2\/posts\/8231","targetHints":{"allow":["GET"]}}],"collection":[{"href":"https:\/\/www.hoymercedes.com.ar\/principal\/wp-json\/wp\/v2\/posts"}],"about":[{"href":"https:\/\/www.hoymercedes.com.ar\/principal\/wp-json\/wp\/v2\/types\/post"}],"author":[{"embeddable":true,"href":"https:\/\/www.hoymercedes.com.ar\/principal\/wp-json\/wp\/v2\/users\/1"}],"replies":[{"embeddable":true,"href":"https:\/\/www.hoymercedes.com.ar\/principal\/wp-json\/wp\/v2\/comments?post=8231"}],"version-history":[{"count":0,"href":"https:\/\/www.hoymercedes.com.ar\/principal\/wp-json\/wp\/v2\/posts\/8231\/revisions"}],"wp:attachment":[{"href":"https:\/\/www.hoymercedes.com.ar\/principal\/wp-json\/wp\/v2\/media?parent=8231"}],"wp:term":[{"taxonomy":"category","embeddable":true,"href":"https:\/\/www.hoymercedes.com.ar\/principal\/wp-json\/wp\/v2\/categories?post=8231"},{"taxonomy":"post_tag","embeddable":true,"href":"https:\/\/www.hoymercedes.com.ar\/principal\/wp-json\/wp\/v2\/tags?post=8231"}],"curies":[{"name":"wp","href":"https:\/\/api.w.org\/{rel}","templated":true}]}}