{"id":82347,"date":"2018-10-11T15:27:21","date_gmt":"2018-10-11T18:27:21","guid":{"rendered":"http:\/\/www.hoymercedes.com.ar\/principal\/?p=82347"},"modified":"2018-10-11T15:31:24","modified_gmt":"2018-10-11T18:31:24","slug":"este-domingo-descubriran-una-estrella-amarilla-para-nicolas-dematei","status":"publish","type":"post","link":"https:\/\/www.hoymercedes.com.ar\/principal\/2018\/10\/11\/este-domingo-descubriran-una-estrella-amarilla-para-nicolas-dematei\/","title":{"rendered":"Este domingo descubrir\u00e1n una Estrella Amarilla para Nicol\u00e1s Dematei"},"content":{"rendered":"<p>El domingo 14 de octubre venidero se cumple un a\u00f1o del tr\u00e1gico siniestro vial que cuatro j\u00f3venes mercedinos vivieron en la colectora de la ex ruta 5 en la localidad de Jauregui y que termin\u00f3 con la vida de ellos. (<a href=\"https:\/\/www.hoymercedes.com.ar\/principal\/2017\/10\/14\/mercedinos-mueren-en-choque-en-la-vieja-ruta-5\/\" target=\"_blank\" rel=\"noopener\">Ver Archivo<\/a>). Nicol\u00e1s Dematei era el que manejaba y falleci\u00f3 en el acto.\u00a0A un a\u00f1o de esa tragedia, la familia de Nico e integrantes del Grupo Estrellas Amarillas Mercedes, le har\u00e1n un homenaje descubriendo su estrella en nuestra ciudad. Ser\u00e1\u00a0el domingo, 15 hs., en Acceso Sur (Acceso Manuel Sanmart\u00edn) y 114.<\/p>\n<p><img loading=\"lazy\" decoding=\"async\" data-attachment-id=\"82348\" data-permalink=\"https:\/\/www.hoymercedes.com.ar\/principal\/2018\/10\/11\/este-domingo-descubriran-una-estrella-amarilla-para-nicolas-dematei\/11-nico-dematei\/#main\" data-orig-file=\"https:\/\/www.hoymercedes.com.ar\/principal\/wp-content\/uploads\/2018\/10\/11-Nico-Dematei.jpg\" data-orig-size=\"540,540\" data-comments-opened=\"0\" data-image-meta=\"{&quot;aperture&quot;:&quot;0&quot;,&quot;credit&quot;:&quot;&quot;,&quot;camera&quot;:&quot;&quot;,&quot;caption&quot;:&quot;&quot;,&quot;created_timestamp&quot;:&quot;0&quot;,&quot;copyright&quot;:&quot;&quot;,&quot;focal_length&quot;:&quot;0&quot;,&quot;iso&quot;:&quot;0&quot;,&quot;shutter_speed&quot;:&quot;0&quot;,&quot;title&quot;:&quot;&quot;,&quot;orientation&quot;:&quot;0&quot;}\" data-image-title=\"11 Nico Dematei\" data-image-description=\"\" data-image-caption=\"\" data-large-file=\"https:\/\/www.hoymercedes.com.ar\/principal\/wp-content\/uploads\/2018\/10\/11-Nico-Dematei.jpg\" class=\"aligncenter size-full wp-image-82348\" src=\"https:\/\/www.hoymercedes.com.ar\/principal\/wp-content\/uploads\/2018\/10\/11-Nico-Dematei.jpg\" alt=\"\" width=\"540\" height=\"540\" srcset=\"https:\/\/www.hoymercedes.com.ar\/principal\/wp-content\/uploads\/2018\/10\/11-Nico-Dematei.jpg 540w, https:\/\/www.hoymercedes.com.ar\/principal\/wp-content\/uploads\/2018\/10\/11-Nico-Dematei-150x150.jpg 150w\" sizes=\"auto, (max-width: 540px) 100vw, 540px\" \/><\/p>\n<p>\u00abSe cumple un a\u00f1o del tr\u00e1gico siniestro que nos conmovi\u00f3 a todos donde cuatro j\u00f3venes viajaban\u00bb, expresaron desde el grupo de Estrellas Amarillas Mercedes. \u00abHace un a\u00f1o, Mar\u00eda Cristina \u201cKuky\u201d Almir\u00f3n (mam\u00e1 de Nicol\u00e1s Dematei)\u00a0se uni\u00f3 a nuestro grupo, y d\u00eda a d\u00eda\u00a0transforma en amor su dolor. Un dolor que jam\u00e1s se ir\u00e1\u00bb, agregan.<\/p>\n<p>\u00abCon un permiso especial, al no haber sucedido el hecho en nuestra ciudad, y no haber Grupo de Estrellas Amarillas en Lujan, se honrar\u00e1 la memoria de Nico, se colocar\u00e1 una se\u00f1al en Mercedes con la Estrella Amarilla y con ella se estar\u00e1 cumpliendo con la funci\u00f3n de prevenir.\u00a0Con este homenaje tambi\u00e9n estaremos recordando de forma simb\u00f3lica a Yesi, Cami y Yami (Yesica Miranda, Camila Cortese y Yamila Locampo que falleci\u00f3 en julio pasado)\u00bb, explicaron el grupo de familiares de v\u00edctimas de siniestros viales.<\/p>\n<p>\u00abSi bien no estar\u00e1n sus nombres en esa se\u00f1al, cuando las familias lo deseen, m\u00e1s adelante podr\u00e1n poner sus nombres en una plaquita. Una manera m\u00e1s de concientizar para que no le pase a nadie m\u00e1s.\u00a0Jamas muere quien no es olvidado\u00bb, agregan.<\/p>\n<p>&nbsp;<\/p>\n","protected":false},"excerpt":{"rendered":"<p>El domingo 14 de octubre venidero se cumple un a\u00f1o del tr\u00e1gico siniestro vial que cuatro j\u00f3venes mercedinos vivieron en &#8230; <a title=\"Este domingo descubrir\u00e1n una Estrella Amarilla para Nicol\u00e1s Dematei\" class=\"read-more\" href=\"https:\/\/www.hoymercedes.com.ar\/principal\/2018\/10\/11\/este-domingo-descubriran-una-estrella-amarilla-para-nicolas-dematei\/\" aria-label=\"Leer m\u00e1s sobre Este domingo descubrir\u00e1n una Estrella Amarilla para Nicol\u00e1s Dematei\">Leer m\u00e1s<\/a><\/p>\n","protected":false},"author":1,"featured_media":82348,"comment_status":"closed","ping_status":"open","sticky":false,"template":"","format":"standard","meta":{"_monsterinsights_skip_tracking":false,"_monsterinsights_sitenote_active":false,"_monsterinsights_sitenote_note":"","_monsterinsights_sitenote_category":0,"jetpack_post_was_ever_published":false,"_jetpack_newsletter_access":"","_jetpack_dont_email_post_to_subs":false,"_jetpack_newsletter_tier_id":0,"_jetpack_memberships_contains_paywalled_content":false,"_jetpack_memberships_contains_paid_content":false,"footnotes":"","jetpack_publicize_message":"","jetpack_publicize_feature_enabled":true,"jetpack_social_post_already_shared":true,"jetpack_social_options":{"image_generator_settings":{"template":"highway","default_image_id":0,"font":"","enabled":false},"version":2},"_wpas_customize_per_network":false},"categories":[8],"tags":[11115,626,9453,7802],"class_list":["post-82347","post","type-post","status-publish","format-standard","has-post-thumbnail","hentry","category-sociedad","tag-estrellas-amarillas-mercedes","tag-seguridad-vial","tag-siniestros-viales","tag-sociedad","generate-columns","tablet-grid-50","mobile-grid-100","grid-parent","grid-50"],"jetpack_publicize_connections":[],"jetpack_featured_media_url":"https:\/\/www.hoymercedes.com.ar\/principal\/wp-content\/uploads\/2018\/10\/11-Nico-Dematei.jpg","wps_subtitle":"A un a\u00f1o del siniestro que termin\u00f3 con su vida","jetpack_sharing_enabled":true,"_links":{"self":[{"href":"https:\/\/www.hoymercedes.com.ar\/principal\/wp-json\/wp\/v2\/posts\/82347","targetHints":{"allow":["GET"]}}],"collection":[{"href":"https:\/\/www.hoymercedes.com.ar\/principal\/wp-json\/wp\/v2\/posts"}],"about":[{"href":"https:\/\/www.hoymercedes.com.ar\/principal\/wp-json\/wp\/v2\/types\/post"}],"author":[{"embeddable":true,"href":"https:\/\/www.hoymercedes.com.ar\/principal\/wp-json\/wp\/v2\/users\/1"}],"replies":[{"embeddable":true,"href":"https:\/\/www.hoymercedes.com.ar\/principal\/wp-json\/wp\/v2\/comments?post=82347"}],"version-history":[{"count":0,"href":"https:\/\/www.hoymercedes.com.ar\/principal\/wp-json\/wp\/v2\/posts\/82347\/revisions"}],"wp:featuredmedia":[{"embeddable":true,"href":"https:\/\/www.hoymercedes.com.ar\/principal\/wp-json\/wp\/v2\/media\/82348"}],"wp:attachment":[{"href":"https:\/\/www.hoymercedes.com.ar\/principal\/wp-json\/wp\/v2\/media?parent=82347"}],"wp:term":[{"taxonomy":"category","embeddable":true,"href":"https:\/\/www.hoymercedes.com.ar\/principal\/wp-json\/wp\/v2\/categories?post=82347"},{"taxonomy":"post_tag","embeddable":true,"href":"https:\/\/www.hoymercedes.com.ar\/principal\/wp-json\/wp\/v2\/tags?post=82347"}],"curies":[{"name":"wp","href":"https:\/\/api.w.org\/{rel}","templated":true}]}}