{"id":8235,"date":"2011-10-14T03:31:34","date_gmt":"2011-10-14T03:31:34","guid":{"rendered":"http:\/\/www.hoymercedes.com.ar\/principal\/?p=8235"},"modified":"2011-10-14T03:31:35","modified_gmt":"2011-10-14T03:31:35","slug":"la-cooperativa-15-de-junio-entrego-un-presente-al-intendente-por-el-apoyo-brindado","status":"publish","type":"post","link":"https:\/\/www.hoymercedes.com.ar\/principal\/2011\/10\/14\/la-cooperativa-15-de-junio-entrego-un-presente-al-intendente-por-el-apoyo-brindado\/","title":{"rendered":"La Cooperativa 15 de junio  Entreg\u00f3 un presente al Intendente por el apoyo brindado"},"content":{"rendered":"<p><a href=\"https:\/\/www.hoymercedes.com.ar\/principal\/wp-content\/uploads\/2011\/10\/Cooperativa15abril.jpg\"><img loading=\"lazy\" decoding=\"async\" data-attachment-id=\"8237\" data-permalink=\"https:\/\/www.hoymercedes.com.ar\/principal\/2011\/10\/14\/la-cooperativa-15-de-junio-entrego-un-presente-al-intendente-por-el-apoyo-brindado\/cooperativa15abril\/#main\" data-orig-file=\"https:\/\/www.hoymercedes.com.ar\/principal\/wp-content\/uploads\/2011\/10\/Cooperativa15abril.jpg\" data-orig-size=\"612,459\" data-comments-opened=\"1\" data-image-meta=\"{&quot;aperture&quot;:&quot;2.8&quot;,&quot;credit&quot;:&quot;&quot;,&quot;camera&quot;:&quot;COOLPIX L10&quot;,&quot;caption&quot;:&quot;&quot;,&quot;created_timestamp&quot;:&quot;1318317158&quot;,&quot;copyright&quot;:&quot;Copyright 2006&quot;,&quot;focal_length&quot;:&quot;6.2&quot;,&quot;iso&quot;:&quot;64&quot;,&quot;shutter_speed&quot;:&quot;0.033333333333333&quot;,&quot;title&quot;:&quot;&quot;}\" data-image-title=\"Cooperativa15abril\" data-image-description=\"\" data-image-caption=\"\" data-large-file=\"https:\/\/www.hoymercedes.com.ar\/principal\/wp-content\/uploads\/2011\/10\/Cooperativa15abril.jpg\" class=\"aligncenter size-full wp-image-8237\" title=\"Cooperativa15abril\" src=\"https:\/\/www.hoymercedes.com.ar\/principal\/wp-content\/uploads\/2011\/10\/Cooperativa15abril.jpg\" alt=\"\" width=\"612\" height=\"459\" \/><\/a><\/p>\n<p>Los productores hort\u00edcolas anticiparon que debido al \u00e9xito de la convocatoria del s\u00e1bado pasado van a reiterar la misma el 5 de noviembre pr\u00f3ximo<\/p>\n<p>Los m\u00e1ximos responsables de la Cooperativa de Productores Hort\u00edcolas de Mercedes \u201c15 de abril\u201d concurrieron ayer al despacho del intendente Carlos Selva para entregarle un presente que consisti\u00f3 en una canasta con frutillas producidas en nuestra ciudad como s\u00edmbolo del agradecimiento por todo el apoyo que han recibido a trav\u00e9s del municipio desde el momento que decidieron formar la Cooperativa y trabajar de manera asociada en la producci\u00f3n de frutas y verduras.<\/p>\n<p>Al referirse al encuentro realizado el s\u00e1bado pasado en la sede del mercado que la Cooperativa tiene en la colectora de la autopista Mercedes-Lujan en el kil\u00f3metro 93.500 con la venta directa de productos al p\u00fablico expresaron<em> \u201crealmente estamos muy conformes, la verdad es que nos vimos sobrepasado por la cantidad de gente que concurri\u00f3.<\/em><\/p>\n<p><em>Como primera experiencia fue muy buena pero queremos hacer algo mejor como por ejemplo poner bien a la vista los carteles indicadores con los precios de las diferentes variedades de frutas y verduras, ubicar de manera diferentes los puestos de cada variedad y dar adem{as una myor comodidad para la gente que se aceca a comprarnos.<\/em><\/p>\n<p><em>La modalidad que adoptamos es hacer un encuentro por mes, no queremos de ninguna manera chocar ni buscar enfrentamientos con las verduler\u00edas de la ciudad, solo pretendemos mostrar y vender lo que nosotros producimos al precio que estimamos es ventajoso porque se trata de alguna manera de poder aumentar el consumo entre los vecinos de la ciudad.<\/em><\/p>\n<p><em>Por tal motivo queremos agradecer al intendente Carlos Selva y al resto de quienes trabajan con \u00e9l facilit\u00e1ndonos lo que realizamos en tierras mercedinas (en clara referencia al grupo que forma la Direcci\u00f3n de Planeamiento y Producci\u00f3n a cargo de Oscar L\u00f3pez) y desde ya tambi\u00e9n el amplio apoyo que nos dieron la mayor\u00eda de los medios de prensa algunos no solo promocionando el encuentro sino tambi\u00e9n participando el s\u00e1bado junto a nosotros, a los restantes productores especialmente los que hacen empredimientos en alimentos que nos acompa\u00f1aron y a los vecinos de Mercedes que confiaron en nuestros productos sabiendo que compraban calidad, cosas muy frescas casi reci\u00e9n sacadas de la tierra y a un precio muy favorable\u201d<\/em><\/p>\n<p>Por su parte el jefe comunal dijo<em> \u201crealmente me han llegado comentarios muy buenos acerca de la feria en s\u00ed, incluso les puedo contar que la chica que concurri\u00f3 como productora de bombones artesanales pudo vender absolutamente todo como as\u00ed tambi\u00e9n Graciela Sarube de Donofrio qui\u00e9n junto con su marido ya son una verdadera instituci\u00f3n vendiendo pasteles caseros y ambos fueron microempredimientos que nacieron a partior del trabajo realizado por el \u00e1rea de Promoci\u00f3n de la Econom\u00eda Social de la Direcci\u00f3n de Planeamiento y Producci\u00f3n, en definitiva una feria de frutas, hortalizas y verduras que tambi\u00e9n tuvo otros ingredientes muy valiosos.<\/em><\/p>\n<p><em>Por otra parte otro de los objetivos tenidos en cuenta para realizar la feria era que los verduleros de nuestra ciudad sepan que en Mercedes tambi\u00e9n se producen frutas y verduras de primera calidad por lo cual no hace falta ir a buscarlas al Mercado Central o a Pilar y Escobar.<\/em><\/p>\n<p><em>Creo que para que los verduleros de la ciudad puedan ir al mercado concentrador 15 de abril hace falta una mejor comunicaci\u00f3n con ellos para que tengan la mayor cantidad de informaci\u00f3n posible acerca de lo que pueden comprar y aprovechar la oportunidad viendo reducidos sus costos porque al productor le conviene m\u00e1s vender m\u00e1s barato en mercedes en lugar de absorber los gastos que demanda trasladar dicha mercader\u00eda al Mercado Central o a cualquiera de los alternativos que existen en la zona\u201d<\/em><\/p>\n<p>Por ultimo los productores que integran la Cooperativa manifestaron que la fecha de realizaci\u00f3n del pr\u00f3ximo encuentro de venta directa al p\u00fablico ser\u00e1 el 5 de noviembre.<\/p>\n","protected":false},"excerpt":{"rendered":"<p>Los productores hort\u00edcolas anticiparon que debido al \u00e9xito de la convocatoria del s\u00e1bado pasado van a reiterar la misma el &#8230; <a title=\"La Cooperativa 15 de junio  Entreg\u00f3 un presente al Intendente por el apoyo brindado\" class=\"read-more\" href=\"https:\/\/www.hoymercedes.com.ar\/principal\/2011\/10\/14\/la-cooperativa-15-de-junio-entrego-un-presente-al-intendente-por-el-apoyo-brindado\/\" aria-label=\"Leer m\u00e1s sobre La Cooperativa 15 de junio  Entreg\u00f3 un presente al Intendente por el apoyo brindado\">Leer m\u00e1s<\/a><\/p>\n","protected":false},"author":1,"featured_media":0,"comment_status":"open","ping_status":"open","sticky":false,"template":"","format":"standard","meta":{"_monsterinsights_skip_tracking":false,"_monsterinsights_sitenote_active":false,"_monsterinsights_sitenote_note":"","_monsterinsights_sitenote_category":0,"jetpack_post_was_ever_published":false,"_jetpack_newsletter_access":"","_jetpack_dont_email_post_to_subs":false,"_jetpack_newsletter_tier_id":0,"_jetpack_memberships_contains_paywalled_content":false,"_jetpack_memberships_contains_paid_content":false,"footnotes":"","jetpack_publicize_message":"","jetpack_publicize_feature_enabled":true,"jetpack_social_post_already_shared":false,"jetpack_social_options":{"image_generator_settings":{"template":"highway","default_image_id":0,"font":"","enabled":false},"version":2},"_wpas_customize_per_network":false},"categories":[8],"tags":[1449],"class_list":["post-8235","post","type-post","status-publish","format-standard","hentry","category-sociedad","tag-cooperativa-15-de-abril","generate-columns","tablet-grid-50","mobile-grid-100","grid-parent","grid-50"],"jetpack_publicize_connections":[],"jetpack_featured_media_url":"","wps_subtitle":"","jetpack_sharing_enabled":true,"_links":{"self":[{"href":"https:\/\/www.hoymercedes.com.ar\/principal\/wp-json\/wp\/v2\/posts\/8235","targetHints":{"allow":["GET"]}}],"collection":[{"href":"https:\/\/www.hoymercedes.com.ar\/principal\/wp-json\/wp\/v2\/posts"}],"about":[{"href":"https:\/\/www.hoymercedes.com.ar\/principal\/wp-json\/wp\/v2\/types\/post"}],"author":[{"embeddable":true,"href":"https:\/\/www.hoymercedes.com.ar\/principal\/wp-json\/wp\/v2\/users\/1"}],"replies":[{"embeddable":true,"href":"https:\/\/www.hoymercedes.com.ar\/principal\/wp-json\/wp\/v2\/comments?post=8235"}],"version-history":[{"count":0,"href":"https:\/\/www.hoymercedes.com.ar\/principal\/wp-json\/wp\/v2\/posts\/8235\/revisions"}],"wp:attachment":[{"href":"https:\/\/www.hoymercedes.com.ar\/principal\/wp-json\/wp\/v2\/media?parent=8235"}],"wp:term":[{"taxonomy":"category","embeddable":true,"href":"https:\/\/www.hoymercedes.com.ar\/principal\/wp-json\/wp\/v2\/categories?post=8235"},{"taxonomy":"post_tag","embeddable":true,"href":"https:\/\/www.hoymercedes.com.ar\/principal\/wp-json\/wp\/v2\/tags?post=8235"}],"curies":[{"name":"wp","href":"https:\/\/api.w.org\/{rel}","templated":true}]}}