{"id":82356,"date":"2018-10-12T13:00:56","date_gmt":"2018-10-12T16:00:56","guid":{"rendered":"http:\/\/www.hoymercedes.com.ar\/principal\/?p=82356"},"modified":"2018-10-12T15:33:54","modified_gmt":"2018-10-12T18:33:54","slug":"buen-viaje-show-con-botija-mujica","status":"publish","type":"post","link":"https:\/\/www.hoymercedes.com.ar\/principal\/2018\/10\/12\/buen-viaje-show-con-botija-mujica\/","title":{"rendered":"Buen Viaje show con Botija Mujica"},"content":{"rendered":"<p>Este domingo 14 de octubre, Botija Mujica har\u00e1 su presentaci\u00f3n en La Cultural Dumer. Dos d\u00faos que se juntaron para compartir algunos temas y hoy se presentan como cuarteto con canciones de poetas y m\u00fasicos uruguayos. Desde la hora 21, Tato Deluca, Nico Pavone, Gena Cobuccio y Rodri Acttis subir\u00e1n al escenario del espacio cultural de calle 10, entre 33 y 31.<\/p>\n<p><img loading=\"lazy\" decoding=\"async\" data-attachment-id=\"82359\" data-permalink=\"https:\/\/www.hoymercedes.com.ar\/principal\/2018\/10\/12\/buen-viaje-show-con-botija-mujica\/11-botija-mujica1\/#main\" data-orig-file=\"https:\/\/www.hoymercedes.com.ar\/principal\/wp-content\/uploads\/2018\/10\/11-botija-mujica1.jpg\" data-orig-size=\"682,344\" data-comments-opened=\"0\" data-image-meta=\"{&quot;aperture&quot;:&quot;0&quot;,&quot;credit&quot;:&quot;&quot;,&quot;camera&quot;:&quot;&quot;,&quot;caption&quot;:&quot;&quot;,&quot;created_timestamp&quot;:&quot;0&quot;,&quot;copyright&quot;:&quot;&quot;,&quot;focal_length&quot;:&quot;0&quot;,&quot;iso&quot;:&quot;0&quot;,&quot;shutter_speed&quot;:&quot;0&quot;,&quot;title&quot;:&quot;&quot;,&quot;orientation&quot;:&quot;0&quot;}\" data-image-title=\"11 botija mujica1\" data-image-description=\"\" data-image-caption=\"\" data-large-file=\"https:\/\/www.hoymercedes.com.ar\/principal\/wp-content\/uploads\/2018\/10\/11-botija-mujica1.jpg\" class=\"aligncenter size-medium wp-image-82359\" src=\"https:\/\/www.hoymercedes.com.ar\/principal\/wp-content\/uploads\/2018\/10\/11-botija-mujica1-630x318.jpg\" alt=\"\" width=\"630\" height=\"318\" srcset=\"https:\/\/www.hoymercedes.com.ar\/principal\/wp-content\/uploads\/2018\/10\/11-botija-mujica1-630x318.jpg 630w, https:\/\/www.hoymercedes.com.ar\/principal\/wp-content\/uploads\/2018\/10\/11-botija-mujica1-150x76.jpg 150w, https:\/\/www.hoymercedes.com.ar\/principal\/wp-content\/uploads\/2018\/10\/11-botija-mujica1.jpg 682w\" sizes=\"auto, (max-width: 630px) 100vw, 630px\" \/><\/p>\n<p>\u00abBotija Mujica naci\u00f3 porque nos escuchamos cuando coincidimos en el cumple lim\u00f3n&#8230; Dos d\u00faos que se juntaron a compartir un par de temas, pero despu\u00e9s esas canciones se multiplicaron y descubrimos que hab\u00eda algo que nos pod\u00eda unir en un proyecto: un cierto gusto por los poetas y m\u00fasicos uruguayos.\u00a0Cabrera, Drexler, Balbis, el Pr\u00edncipe&#8230; Y algunas cositas m\u00e1s que de uruguayas no tienen nada, pero que contaminamos con aires de candombe\u00bb, explican sus integrantes.<\/p>\n<p>El cuarteto lo integran: Nicol\u00e1s Pavone en Percusi\u00f3n, Genaro Cobuccio en guitarra y voz, Rodrigo Acttis en guitarra y voz y Pedro Santos Deluca en voz.<\/p>\n<p>El espect\u00e1culo es con entrada. Su valor es de 100 pesos que se pueden reservar previamente a los integrantes de la banda o a trav\u00e9s de las redes sociales de La Cultural Dumer.<\/p>\n<div class=\"fb-video\" data-allowfullscreen=\"true\" data-href=\"https:\/\/www.facebook.com\/Laculturaldumer\/videos\/303657823555190\/\" style=\"background-color: #fff; display: inline-block;\"><\/div>\n","protected":false},"excerpt":{"rendered":"<p>Este domingo 14 de octubre, Botija Mujica har\u00e1 su presentaci\u00f3n en La Cultural Dumer. Dos d\u00faos que se juntaron para &#8230; <a title=\"Buen Viaje show con Botija Mujica\" class=\"read-more\" href=\"https:\/\/www.hoymercedes.com.ar\/principal\/2018\/10\/12\/buen-viaje-show-con-botija-mujica\/\" aria-label=\"Leer m\u00e1s sobre Buen Viaje show con Botija Mujica\">Leer m\u00e1s<\/a><\/p>\n","protected":false},"author":1,"featured_media":82359,"comment_status":"closed","ping_status":"open","sticky":false,"template":"","format":"standard","meta":{"_monsterinsights_skip_tracking":false,"_monsterinsights_sitenote_active":false,"_monsterinsights_sitenote_note":"","_monsterinsights_sitenote_category":0,"jetpack_post_was_ever_published":false,"_jetpack_newsletter_access":"","_jetpack_dont_email_post_to_subs":false,"_jetpack_newsletter_tier_id":0,"_jetpack_memberships_contains_paywalled_content":false,"_jetpack_memberships_contains_paid_content":false,"footnotes":"","jetpack_publicize_message":"","jetpack_publicize_feature_enabled":true,"jetpack_social_post_already_shared":true,"jetpack_social_options":{"image_generator_settings":{"template":"highway","default_image_id":0,"font":"","enabled":false},"version":2},"_wpas_customize_per_network":false},"categories":[104],"tags":[7805,13248,8539],"class_list":["post-82356","post","type-post","status-publish","format-standard","has-post-thumbnail","hentry","category-cultura","tag-cultura","tag-la-cultural-dumer","tag-musica","generate-columns","tablet-grid-50","mobile-grid-100","grid-parent","grid-50"],"jetpack_publicize_connections":[],"jetpack_featured_media_url":"https:\/\/www.hoymercedes.com.ar\/principal\/wp-content\/uploads\/2018\/10\/11-botija-mujica1.jpg","wps_subtitle":"En la Dumer","jetpack_sharing_enabled":true,"_links":{"self":[{"href":"https:\/\/www.hoymercedes.com.ar\/principal\/wp-json\/wp\/v2\/posts\/82356","targetHints":{"allow":["GET"]}}],"collection":[{"href":"https:\/\/www.hoymercedes.com.ar\/principal\/wp-json\/wp\/v2\/posts"}],"about":[{"href":"https:\/\/www.hoymercedes.com.ar\/principal\/wp-json\/wp\/v2\/types\/post"}],"author":[{"embeddable":true,"href":"https:\/\/www.hoymercedes.com.ar\/principal\/wp-json\/wp\/v2\/users\/1"}],"replies":[{"embeddable":true,"href":"https:\/\/www.hoymercedes.com.ar\/principal\/wp-json\/wp\/v2\/comments?post=82356"}],"version-history":[{"count":0,"href":"https:\/\/www.hoymercedes.com.ar\/principal\/wp-json\/wp\/v2\/posts\/82356\/revisions"}],"wp:featuredmedia":[{"embeddable":true,"href":"https:\/\/www.hoymercedes.com.ar\/principal\/wp-json\/wp\/v2\/media\/82359"}],"wp:attachment":[{"href":"https:\/\/www.hoymercedes.com.ar\/principal\/wp-json\/wp\/v2\/media?parent=82356"}],"wp:term":[{"taxonomy":"category","embeddable":true,"href":"https:\/\/www.hoymercedes.com.ar\/principal\/wp-json\/wp\/v2\/categories?post=82356"},{"taxonomy":"post_tag","embeddable":true,"href":"https:\/\/www.hoymercedes.com.ar\/principal\/wp-json\/wp\/v2\/tags?post=82356"}],"curies":[{"name":"wp","href":"https:\/\/api.w.org\/{rel}","templated":true}]}}