{"id":82384,"date":"2018-10-13T07:57:57","date_gmt":"2018-10-13T10:57:57","guid":{"rendered":"http:\/\/www.hoymercedes.com.ar\/principal\/?p=82384"},"modified":"2018-10-12T15:38:15","modified_gmt":"2018-10-12T18:38:15","slug":"el-yacare-va-por-su-segunda-chance-a-nivel-internacional","status":"publish","type":"post","link":"https:\/\/www.hoymercedes.com.ar\/principal\/2018\/10\/13\/el-yacare-va-por-su-segunda-chance-a-nivel-internacional\/","title":{"rendered":"El \u00abYacar\u00e9\u00bb va por su segunda chance a nivel internacional"},"content":{"rendered":"<p>Por Juan Dagnino (Prensa Sequeira Box). El presente Campe\u00f3n Argentino de la FAB y Latino OMB, Walter Gabriel Sequeira, volver\u00e1 a tener una chance internacional este s\u00e1bado 20 de octubre. El p\u00fagil del Macro Boxing Team tras aquel recordado combate en Alemania frente al turco Avni Yildirim en febrero del 2016, vuelve a subirse al avi\u00f3n y en esta ocasi\u00f3n el destino es Inglaterra. En un combate pactado a 10 vueltas estar\u00e1 enfrentando al invicto Anthony Yarde 16 (15 KO) en la categor\u00eda Mediopesado, boxeador ingl\u00e9s nacido en Hackney (Londres) y radicado actualmente en Ilford (Essex).<\/p>\n<p><img loading=\"lazy\" decoding=\"async\" data-attachment-id=\"82385\" data-permalink=\"https:\/\/www.hoymercedes.com.ar\/principal\/2018\/10\/13\/el-yacare-va-por-su-segunda-chance-a-nivel-internacional\/whatsapp-image-2018-10-10-at-15-05-06\/#main\" data-orig-file=\"https:\/\/www.hoymercedes.com.ar\/principal\/wp-content\/uploads\/2018\/10\/WhatsApp-Image-2018-10-10-at-15.05.06.jpeg\" data-orig-size=\"720,830\" data-comments-opened=\"0\" data-image-meta=\"{&quot;aperture&quot;:&quot;0&quot;,&quot;credit&quot;:&quot;&quot;,&quot;camera&quot;:&quot;&quot;,&quot;caption&quot;:&quot;&quot;,&quot;created_timestamp&quot;:&quot;0&quot;,&quot;copyright&quot;:&quot;&quot;,&quot;focal_length&quot;:&quot;0&quot;,&quot;iso&quot;:&quot;0&quot;,&quot;shutter_speed&quot;:&quot;0&quot;,&quot;title&quot;:&quot;&quot;,&quot;orientation&quot;:&quot;0&quot;}\" data-image-title=\"WhatsApp Image 2018-10-10 at 15.05.06\" data-image-description=\"\" data-image-caption=\"\" data-large-file=\"https:\/\/www.hoymercedes.com.ar\/principal\/wp-content\/uploads\/2018\/10\/WhatsApp-Image-2018-10-10-at-15.05.06.jpeg\" class=\"aligncenter size-medium wp-image-82385\" src=\"https:\/\/www.hoymercedes.com.ar\/principal\/wp-content\/uploads\/2018\/10\/WhatsApp-Image-2018-10-10-at-15.05.06-538x620.jpeg\" alt=\"\" width=\"538\" height=\"620\" srcset=\"https:\/\/www.hoymercedes.com.ar\/principal\/wp-content\/uploads\/2018\/10\/WhatsApp-Image-2018-10-10-at-15.05.06-538x620.jpeg 538w, https:\/\/www.hoymercedes.com.ar\/principal\/wp-content\/uploads\/2018\/10\/WhatsApp-Image-2018-10-10-at-15.05.06-130x150.jpeg 130w, https:\/\/www.hoymercedes.com.ar\/principal\/wp-content\/uploads\/2018\/10\/WhatsApp-Image-2018-10-10-at-15.05.06.jpeg 720w\" sizes=\"auto, (max-width: 538px) 100vw, 538px\" \/><\/p>\n<p>El \u201cYacar\u00e9\u201d llega con su buen record de 21 (15 KO) y 4 (1 KO) teniendo su \u00faltima presentaci\u00f3n el pasado 20 de abril de 2018 cuando el CEF N\u00b0 40 derrot\u00f3 por KOT a Gast\u00f3n Alejandro Vega, ese d\u00eda Sequeira defendi\u00f3 y retuvo el cetro Argentino y se hizo de la faja latina de la OMB. Esta nueva chance que tiene el mercedino lo vuelve a proyectar en el campo internacional pese a no tener un t\u00edtulo en juego en esta ocasi\u00f3n. Si bien se ven\u00edan realizando tratativas para este combate reci\u00e9n hoy se oficializ\u00f3.<\/p>\n<p>En principio, resta confirmar, la pelea de Sequeira ante Yard\u00e9 va a las 19 de la Argentina y se ver\u00eda por la pantalla de ESPN +. De muy buena manera se viene entrenando el \u201cYacar\u00e9\u201d al que se le hab\u00edan ca\u00eddo algunos compromisos en el orden nacional ante la falta de rivales. Con 31 a\u00f1os sabe que enfrentar\u00e1 a duro rival que actualmente tiene en su poder con el t\u00edtulo Europeo de la OMB y el Continental de la misma organizaci\u00f3n. Su \u00faltimo rival fue Dariusz Sek (Polonia) a quien super\u00f3 por KOT en la s\u00e9ptima vuelta el 23 de junio de 2018.<\/p>\n<p>La partida de Sequeira junto a su equipo, donde estar\u00e1 el promotor \u201cCharly\u201d Rodr\u00edguez, ser\u00e1 el venidero domingo 14. Ya en Inglaterra terminar\u00e1 de ajustar el peso para ser parte de la ceremonia de pesaje en la jornada del viernes 19. El Brentwood Centre de Essek ser\u00e1 el sitio del combate en una velada donde habr\u00e1 6\u00a0<a href=\"http:\/\/boxrec.com\/en\/event\/773970\" target=\"_blank\" rel=\"noopener\">combates<\/a>\u00a0profesionales en total.<\/p>\n","protected":false},"excerpt":{"rendered":"<p>Por Juan Dagnino (Prensa Sequeira Box). El presente Campe\u00f3n Argentino de la FAB y Latino OMB, Walter Gabriel Sequeira, volver\u00e1 &#8230; <a title=\"El \u00abYacar\u00e9\u00bb va por su segunda chance a nivel internacional\" class=\"read-more\" href=\"https:\/\/www.hoymercedes.com.ar\/principal\/2018\/10\/13\/el-yacare-va-por-su-segunda-chance-a-nivel-internacional\/\" aria-label=\"Leer m\u00e1s sobre El \u00abYacar\u00e9\u00bb va por su segunda chance a nivel internacional\">Leer m\u00e1s<\/a><\/p>\n","protected":false},"author":1,"featured_media":82385,"comment_status":"closed","ping_status":"open","sticky":false,"template":"","format":"standard","meta":{"_monsterinsights_skip_tracking":false,"_monsterinsights_sitenote_active":false,"_monsterinsights_sitenote_note":"","_monsterinsights_sitenote_category":0,"jetpack_post_was_ever_published":false,"_jetpack_newsletter_access":"","_jetpack_dont_email_post_to_subs":false,"_jetpack_newsletter_tier_id":0,"_jetpack_memberships_contains_paywalled_content":false,"_jetpack_memberships_contains_paid_content":false,"footnotes":"","jetpack_publicize_message":"","jetpack_publicize_feature_enabled":true,"jetpack_social_post_already_shared":true,"jetpack_social_options":{"image_generator_settings":{"template":"highway","default_image_id":0,"font":"","enabled":false},"version":2},"_wpas_customize_per_network":false},"categories":[21],"tags":[1279,204,4048],"class_list":["post-82384","post","type-post","status-publish","format-standard","has-post-thumbnail","hentry","category-deportes","tag-boxeo","tag-deportes-2","tag-yacare-sequeira","generate-columns","tablet-grid-50","mobile-grid-100","grid-parent","grid-50"],"jetpack_publicize_connections":[],"jetpack_featured_media_url":"https:\/\/www.hoymercedes.com.ar\/principal\/wp-content\/uploads\/2018\/10\/WhatsApp-Image-2018-10-10-at-15.05.06.jpeg","wps_subtitle":"Boxeo","jetpack_sharing_enabled":true,"_links":{"self":[{"href":"https:\/\/www.hoymercedes.com.ar\/principal\/wp-json\/wp\/v2\/posts\/82384","targetHints":{"allow":["GET"]}}],"collection":[{"href":"https:\/\/www.hoymercedes.com.ar\/principal\/wp-json\/wp\/v2\/posts"}],"about":[{"href":"https:\/\/www.hoymercedes.com.ar\/principal\/wp-json\/wp\/v2\/types\/post"}],"author":[{"embeddable":true,"href":"https:\/\/www.hoymercedes.com.ar\/principal\/wp-json\/wp\/v2\/users\/1"}],"replies":[{"embeddable":true,"href":"https:\/\/www.hoymercedes.com.ar\/principal\/wp-json\/wp\/v2\/comments?post=82384"}],"version-history":[{"count":0,"href":"https:\/\/www.hoymercedes.com.ar\/principal\/wp-json\/wp\/v2\/posts\/82384\/revisions"}],"wp:featuredmedia":[{"embeddable":true,"href":"https:\/\/www.hoymercedes.com.ar\/principal\/wp-json\/wp\/v2\/media\/82385"}],"wp:attachment":[{"href":"https:\/\/www.hoymercedes.com.ar\/principal\/wp-json\/wp\/v2\/media?parent=82384"}],"wp:term":[{"taxonomy":"category","embeddable":true,"href":"https:\/\/www.hoymercedes.com.ar\/principal\/wp-json\/wp\/v2\/categories?post=82384"},{"taxonomy":"post_tag","embeddable":true,"href":"https:\/\/www.hoymercedes.com.ar\/principal\/wp-json\/wp\/v2\/tags?post=82384"}],"curies":[{"name":"wp","href":"https:\/\/api.w.org\/{rel}","templated":true}]}}