{"id":8239,"date":"2011-10-14T03:34:02","date_gmt":"2011-10-14T03:34:02","guid":{"rendered":"http:\/\/www.hoymercedes.com.ar\/principal\/?p=8239"},"modified":"2011-10-14T03:34:02","modified_gmt":"2011-10-14T03:34:02","slug":"la-direccion-de-seguridad-comienza-su-trabajo-en-la-nueva-sede-de-26-y-23","status":"publish","type":"post","link":"https:\/\/www.hoymercedes.com.ar\/principal\/2011\/10\/14\/la-direccion-de-seguridad-comienza-su-trabajo-en-la-nueva-sede-de-26-y-23\/","title":{"rendered":"La Direcci\u00f3n de Seguridad comienza su trabajo en la nueva sede de 26 y 23"},"content":{"rendered":"<p><a href=\"https:\/\/www.hoymercedes.com.ar\/principal\/wp-content\/uploads\/2011\/10\/Esteban-Rossi-Director-SeguridadJPG.jpg\"><img loading=\"lazy\" decoding=\"async\" data-attachment-id=\"8241\" data-permalink=\"https:\/\/www.hoymercedes.com.ar\/principal\/2011\/10\/14\/la-direccion-de-seguridad-comienza-su-trabajo-en-la-nueva-sede-de-26-y-23\/esteban-rossi-director-seguridadjpg\/#main\" data-orig-file=\"https:\/\/www.hoymercedes.com.ar\/principal\/wp-content\/uploads\/2011\/10\/Esteban-Rossi-Director-SeguridadJPG.jpg\" data-orig-size=\"612,459\" data-comments-opened=\"1\" data-image-meta=\"{&quot;aperture&quot;:&quot;2.8&quot;,&quot;credit&quot;:&quot;&quot;,&quot;camera&quot;:&quot;COOLPIX L10&quot;,&quot;caption&quot;:&quot;&quot;,&quot;created_timestamp&quot;:&quot;1318318859&quot;,&quot;copyright&quot;:&quot;Copyright 2006&quot;,&quot;focal_length&quot;:&quot;6.2&quot;,&quot;iso&quot;:&quot;64&quot;,&quot;shutter_speed&quot;:&quot;0.016666666666667&quot;,&quot;title&quot;:&quot;&quot;}\" data-image-title=\"Esteban-Rossi-Director-SeguridadJPG\" data-image-description=\"\" data-image-caption=\"\" data-large-file=\"https:\/\/www.hoymercedes.com.ar\/principal\/wp-content\/uploads\/2011\/10\/Esteban-Rossi-Director-SeguridadJPG.jpg\" class=\"aligncenter size-full wp-image-8241\" title=\"Esteban-Rossi-Director-SeguridadJPG\" src=\"https:\/\/www.hoymercedes.com.ar\/principal\/wp-content\/uploads\/2011\/10\/Esteban-Rossi-Director-SeguridadJPG.jpg\" alt=\"\" width=\"612\" height=\"459\" \/><\/a><\/p>\n<p>El director de dicha \u00e1rea confirm\u00f3 que solo restan algunos detalles m\u00ednimos para completar el equipamiento necesario para poder comenzar a trabajar en el lugar<\/p>\n<p>Esteban Rossi, director de Seguridad del municipio, confirm\u00f3 que es inminente el traslado definitivo de la direcci\u00f3n a su cargo a la nueva vivienda que a trav\u00e9s de un contrato en alquiler se ha dispuesto para el funcionamiento de la misma al expresar \u201clo m\u00e1s importante pr\u00e1cticamente ya se ha hecho, por ejemplo se ha terminado con el cableado necesario para el funcionamiento de los televisores y los servidores para poder comenzar a funcionar ya en un lugar m\u00e1s c\u00f3modo porque debemos recordar que al colocarse m\u00e1s c\u00e1maras de seguridad en diferentes lugares de la ciudad se hace necesario contar con una mayor cantidad de monitores para control y al mismo tiempo con m\u00e1s personal por eso ya tenemos asignados los empleados que se van a incorporar a nuestro trabajo.<\/p>\n<p>Por otra parte tambi\u00e9n se ha designado al personal especializado en comunicaci\u00f3n perteneciente a Polic\u00eda, est\u00e1n totalmente preparados los elementos necesarios para poder concretar el monitoreo permanente de los diferentes m\u00f3viles policiales como as\u00ed tambi\u00e9n los equipos para hacer el seguimiento satelital correspondiente y adem\u00e1s vamos a estar interconectados de manera permanente a trav\u00e9s de un equipo nuevo que lo vamos a instalar el lunes pr\u00f3ximo con el Hospital Blas L Dubarry, el Cuerpo de Bomberos Voluntarios y desde ya con las dependencias policiales, es decir que tendremos toda una red de emergencias cerrada para ser utilizada de inmediato ante cualquier requerimiento que se nos efect\u00fae.<\/p>\n<p>Por otra parte tambi\u00e9n se va a ubicar con nosotros en la vivienda de 23 y 26 a los responsables del trabajo que se leva a cabo con el n\u00famero \u00fanico de reclamos, es decir el 147, y en la parte de adelante de la vivienda en lo que puede decirse es al hall se instalar\u00e1 la oficina para pedido de antecedentes que ahora funciona sobre el lateral derecho en la galer\u00eda de ingreso al Palacio Municipal.<\/p>\n<p>Calculo que para el lunes a la tarde ya estaremos en condiciones de comenzar a trabajar en el nuevo lugar, solo faltan detalles peque\u00f1os como ser completar algunas de las conexiones con los nuevos equipos y colocar uno o dos escritorios m\u00e1s para acomodar los monitores que estaremos utilizando para hacer el seguimiento de las c\u00e1maras de seguridad que se encuentran funcionando que por cierto no son todas la ya instaladas porque debido al tremendo rayo que cay\u00f3 en la \u00faltima tormenta que azoto a nuestra ciudad hubo algunos equipos que quedaron fuera de funcionamiento por lo cual estamos en plena tarea de reparaci\u00f3n de los mismos, me estoy refiriendo a sectores como el de 15 y 40 y en 1 y 24, so nos ha quitado tiempo al que hab\u00edamos programado para seguir efectuando la instalaci\u00f3n de nuevas unidades en diferentes sectores de la ciudad pero calculo que tras las reparaciones del sistema en los lugares mencionados ya estaremos en condiciones de continuar con la instalaci\u00f3n de las c\u00e1maras\u201d<\/p>\n","protected":false},"excerpt":{"rendered":"<p>El director de dicha \u00e1rea confirm\u00f3 que solo restan algunos detalles m\u00ednimos para completar el equipamiento necesario para poder comenzar &#8230; <a title=\"La Direcci\u00f3n de Seguridad comienza su trabajo en la nueva sede de 26 y 23\" class=\"read-more\" href=\"https:\/\/www.hoymercedes.com.ar\/principal\/2011\/10\/14\/la-direccion-de-seguridad-comienza-su-trabajo-en-la-nueva-sede-de-26-y-23\/\" aria-label=\"Leer m\u00e1s sobre La Direcci\u00f3n de Seguridad comienza su trabajo en la nueva sede de 26 y 23\">Leer m\u00e1s<\/a><\/p>\n","protected":false},"author":1,"featured_media":0,"comment_status":"open","ping_status":"open","sticky":false,"template":"","format":"standard","meta":{"_monsterinsights_skip_tracking":false,"_monsterinsights_sitenote_active":false,"_monsterinsights_sitenote_note":"","_monsterinsights_sitenote_category":0,"jetpack_post_was_ever_published":false,"_jetpack_newsletter_access":"","_jetpack_dont_email_post_to_subs":false,"_jetpack_newsletter_tier_id":0,"_jetpack_memberships_contains_paywalled_content":false,"_jetpack_memberships_contains_paid_content":false,"footnotes":"","jetpack_publicize_message":"","jetpack_publicize_feature_enabled":true,"jetpack_social_post_already_shared":false,"jetpack_social_options":{"image_generator_settings":{"template":"highway","default_image_id":0,"font":"","enabled":false},"version":2},"_wpas_customize_per_network":false},"categories":[30],"tags":[333],"class_list":["post-8239","post","type-post","status-publish","format-standard","hentry","category-municipio","tag-esteban-rossi","generate-columns","tablet-grid-50","mobile-grid-100","grid-parent","grid-50"],"jetpack_publicize_connections":[],"jetpack_featured_media_url":"","wps_subtitle":"","jetpack_sharing_enabled":true,"_links":{"self":[{"href":"https:\/\/www.hoymercedes.com.ar\/principal\/wp-json\/wp\/v2\/posts\/8239","targetHints":{"allow":["GET"]}}],"collection":[{"href":"https:\/\/www.hoymercedes.com.ar\/principal\/wp-json\/wp\/v2\/posts"}],"about":[{"href":"https:\/\/www.hoymercedes.com.ar\/principal\/wp-json\/wp\/v2\/types\/post"}],"author":[{"embeddable":true,"href":"https:\/\/www.hoymercedes.com.ar\/principal\/wp-json\/wp\/v2\/users\/1"}],"replies":[{"embeddable":true,"href":"https:\/\/www.hoymercedes.com.ar\/principal\/wp-json\/wp\/v2\/comments?post=8239"}],"version-history":[{"count":0,"href":"https:\/\/www.hoymercedes.com.ar\/principal\/wp-json\/wp\/v2\/posts\/8239\/revisions"}],"wp:attachment":[{"href":"https:\/\/www.hoymercedes.com.ar\/principal\/wp-json\/wp\/v2\/media?parent=8239"}],"wp:term":[{"taxonomy":"category","embeddable":true,"href":"https:\/\/www.hoymercedes.com.ar\/principal\/wp-json\/wp\/v2\/categories?post=8239"},{"taxonomy":"post_tag","embeddable":true,"href":"https:\/\/www.hoymercedes.com.ar\/principal\/wp-json\/wp\/v2\/tags?post=8239"}],"curies":[{"name":"wp","href":"https:\/\/api.w.org\/{rel}","templated":true}]}}