{"id":82390,"date":"2018-10-15T11:30:09","date_gmt":"2018-10-15T14:30:09","guid":{"rendered":"http:\/\/www.hoymercedes.com.ar\/principal\/?p=82390"},"modified":"2018-10-15T11:34:14","modified_gmt":"2018-10-15T14:34:14","slug":"la-carrera-solidaria-del-cef-40-sera-el-4-de-noviembre","status":"publish","type":"post","link":"https:\/\/www.hoymercedes.com.ar\/principal\/2018\/10\/15\/la-carrera-solidaria-del-cef-40-sera-el-4-de-noviembre\/","title":{"rendered":"La Carrera Solidaria del CEF 40 ser\u00e1 el 4 de noviembre"},"content":{"rendered":"<p>Se viene la cuarta edici\u00f3n de la Carrera Solidaria del CEF N\u00b0 40 que ser\u00e1 el pr\u00f3ximo domingo 4 de noviembre desde las hora 9 con largada desde el predio de La Trocha, Avenida 40 y calle 21.<\/p>\n<p><img loading=\"lazy\" decoding=\"async\" data-attachment-id=\"82391\" data-permalink=\"https:\/\/www.hoymercedes.com.ar\/principal\/2018\/10\/15\/la-carrera-solidaria-del-cef-40-sera-el-4-de-noviembre\/dscn9826\/#main\" data-orig-file=\"https:\/\/www.hoymercedes.com.ar\/principal\/wp-content\/uploads\/2018\/10\/DSCN9826.jpg\" data-orig-size=\"4320,3240\" data-comments-opened=\"0\" data-image-meta=\"{&quot;aperture&quot;:&quot;5.6&quot;,&quot;credit&quot;:&quot;&quot;,&quot;camera&quot;:&quot;COOLPIX L310&quot;,&quot;caption&quot;:&quot;&quot;,&quot;created_timestamp&quot;:&quot;1506249673&quot;,&quot;copyright&quot;:&quot;&quot;,&quot;focal_length&quot;:&quot;50&quot;,&quot;iso&quot;:&quot;110&quot;,&quot;shutter_speed&quot;:&quot;0.002&quot;,&quot;title&quot;:&quot;&quot;,&quot;orientation&quot;:&quot;1&quot;}\" data-image-title=\"DSCN9826\" data-image-description=\"\" data-image-caption=\"\" data-large-file=\"https:\/\/www.hoymercedes.com.ar\/principal\/wp-content\/uploads\/2018\/10\/DSCN9826-1024x768.jpg\" class=\"aligncenter size-medium wp-image-82391\" src=\"https:\/\/www.hoymercedes.com.ar\/principal\/wp-content\/uploads\/2018\/10\/DSCN9826-630x473.jpg\" alt=\"\" width=\"630\" height=\"473\" srcset=\"https:\/\/www.hoymercedes.com.ar\/principal\/wp-content\/uploads\/2018\/10\/DSCN9826-630x473.jpg 630w, https:\/\/www.hoymercedes.com.ar\/principal\/wp-content\/uploads\/2018\/10\/DSCN9826-150x113.jpg 150w, https:\/\/www.hoymercedes.com.ar\/principal\/wp-content\/uploads\/2018\/10\/DSCN9826-1024x768.jpg 1024w\" sizes=\"auto, (max-width: 630px) 100vw, 630px\" \/><\/p>\n<p>La carrera de calle tendr\u00e1 10 competitivos y 5 K recreativos, encontr\u00e1ndose abierta la inscripci\u00f3n con un costo de $ 400 desde el pasado 1 de octubre al venidero jueves 1 de noviembre.<\/p>\n<p>La misma se puede llevar adelante v\u00eda mail a\u00a0cer40_mercedes@hotmail.com\u00a0o personalmente en calle 30 n\u00famero 1080 de 10 a 18 horas. Una vez cumplido con el tr\u00e1mite los d\u00edas2 y 3 de noviembre de 17 a 20 ser\u00e1 la entrega de kits a los atletas inscriptos.<\/p>\n<p>La carrera del CEF N\u00b0 40 tambi\u00e9n contar\u00e1 con una prueba para ni\u00f1os,\u00a0 en el 2017 los 10 k fueron ganados por\u00a0 Juan Sosa (Mercedes) 36\u2019 39\u201d para imponerse entre las damas Mar\u00eda Paula Solari (Alberti) 44\u2019 13\u201d.<\/p>\n","protected":false},"excerpt":{"rendered":"<p>Se viene la cuarta edici\u00f3n de la Carrera Solidaria del CEF N\u00b0 40 que ser\u00e1 el pr\u00f3ximo domingo 4 de &#8230; <a title=\"La Carrera Solidaria del CEF 40 ser\u00e1 el 4 de noviembre\" class=\"read-more\" href=\"https:\/\/www.hoymercedes.com.ar\/principal\/2018\/10\/15\/la-carrera-solidaria-del-cef-40-sera-el-4-de-noviembre\/\" aria-label=\"Leer m\u00e1s sobre La Carrera Solidaria del CEF 40 ser\u00e1 el 4 de noviembre\">Leer m\u00e1s<\/a><\/p>\n","protected":false},"author":1,"featured_media":82391,"comment_status":"closed","ping_status":"open","sticky":false,"template":"","format":"standard","meta":{"_monsterinsights_skip_tracking":false,"_monsterinsights_sitenote_active":false,"_monsterinsights_sitenote_note":"","_monsterinsights_sitenote_category":0,"jetpack_post_was_ever_published":false,"_jetpack_newsletter_access":"","_jetpack_dont_email_post_to_subs":false,"_jetpack_newsletter_tier_id":0,"_jetpack_memberships_contains_paywalled_content":false,"_jetpack_memberships_contains_paid_content":false,"footnotes":"","jetpack_publicize_message":"","jetpack_publicize_feature_enabled":true,"jetpack_social_post_already_shared":false,"jetpack_social_options":{"image_generator_settings":{"template":"highway","default_image_id":0,"font":"","enabled":false},"version":2},"_wpas_customize_per_network":false},"categories":[21],"tags":[803,10097,11181,204],"class_list":["post-82390","post","type-post","status-publish","format-standard","has-post-thumbnail","hentry","category-deportes","tag-atletismo","tag-carrera-solidaria","tag-cef-n-40","tag-deportes-2","generate-columns","tablet-grid-50","mobile-grid-100","grid-parent","grid-50"],"jetpack_publicize_connections":[],"jetpack_featured_media_url":"https:\/\/www.hoymercedes.com.ar\/principal\/wp-content\/uploads\/2018\/10\/DSCN9826.jpg","wps_subtitle":"Atletismo","jetpack_sharing_enabled":true,"_links":{"self":[{"href":"https:\/\/www.hoymercedes.com.ar\/principal\/wp-json\/wp\/v2\/posts\/82390","targetHints":{"allow":["GET"]}}],"collection":[{"href":"https:\/\/www.hoymercedes.com.ar\/principal\/wp-json\/wp\/v2\/posts"}],"about":[{"href":"https:\/\/www.hoymercedes.com.ar\/principal\/wp-json\/wp\/v2\/types\/post"}],"author":[{"embeddable":true,"href":"https:\/\/www.hoymercedes.com.ar\/principal\/wp-json\/wp\/v2\/users\/1"}],"replies":[{"embeddable":true,"href":"https:\/\/www.hoymercedes.com.ar\/principal\/wp-json\/wp\/v2\/comments?post=82390"}],"version-history":[{"count":0,"href":"https:\/\/www.hoymercedes.com.ar\/principal\/wp-json\/wp\/v2\/posts\/82390\/revisions"}],"wp:featuredmedia":[{"embeddable":true,"href":"https:\/\/www.hoymercedes.com.ar\/principal\/wp-json\/wp\/v2\/media\/82391"}],"wp:attachment":[{"href":"https:\/\/www.hoymercedes.com.ar\/principal\/wp-json\/wp\/v2\/media?parent=82390"}],"wp:term":[{"taxonomy":"category","embeddable":true,"href":"https:\/\/www.hoymercedes.com.ar\/principal\/wp-json\/wp\/v2\/categories?post=82390"},{"taxonomy":"post_tag","embeddable":true,"href":"https:\/\/www.hoymercedes.com.ar\/principal\/wp-json\/wp\/v2\/tags?post=82390"}],"curies":[{"name":"wp","href":"https:\/\/api.w.org\/{rel}","templated":true}]}}