{"id":82401,"date":"2018-10-12T10:09:16","date_gmt":"2018-10-12T13:09:16","guid":{"rendered":"http:\/\/www.hoymercedes.com.ar\/principal\/?p=82401"},"modified":"2018-10-12T15:14:44","modified_gmt":"2018-10-12T18:14:44","slug":"mercedes-participo-del-consejo-regional-de-seguridad-en-junin","status":"publish","type":"post","link":"https:\/\/www.hoymercedes.com.ar\/principal\/2018\/10\/12\/mercedes-participo-del-consejo-regional-de-seguridad-en-junin\/","title":{"rendered":"Mercedes particip\u00f3 del Consejo Regional de Seguridad en Jun\u00edn"},"content":{"rendered":"<p>El Director de Seguridad de la Municipalidad de Mercedes, Esteban Rossi, particip\u00f3 del Consejo Regional de Seguridad que se llev\u00f3 adelante el d\u00eda jueves del cual participaron representantes de 37 municipios y el\u00a0ministro de Seguridad de la provincia de Buenos Aires, Cristian Ritondo. El encuentro se realiz\u00f3 en la ciudad de Jun\u00edn.<\/p>\n<p><img loading=\"lazy\" decoding=\"async\" data-attachment-id=\"82402\" data-permalink=\"https:\/\/www.hoymercedes.com.ar\/principal\/2018\/10\/12\/mercedes-participo-del-consejo-regional-de-seguridad-en-junin\/12-seguridad-junin\/#main\" data-orig-file=\"https:\/\/www.hoymercedes.com.ar\/principal\/wp-content\/uploads\/2018\/10\/12-seguridad-junin.jpg\" data-orig-size=\"906,390\" data-comments-opened=\"0\" data-image-meta=\"{&quot;aperture&quot;:&quot;0&quot;,&quot;credit&quot;:&quot;&quot;,&quot;camera&quot;:&quot;&quot;,&quot;caption&quot;:&quot;&quot;,&quot;created_timestamp&quot;:&quot;0&quot;,&quot;copyright&quot;:&quot;&quot;,&quot;focal_length&quot;:&quot;0&quot;,&quot;iso&quot;:&quot;0&quot;,&quot;shutter_speed&quot;:&quot;0&quot;,&quot;title&quot;:&quot;&quot;,&quot;orientation&quot;:&quot;0&quot;}\" data-image-title=\"12 seguridad junin\" data-image-description=\"\" data-image-caption=\"\" data-large-file=\"https:\/\/www.hoymercedes.com.ar\/principal\/wp-content\/uploads\/2018\/10\/12-seguridad-junin.jpg\" class=\"aligncenter size-medium wp-image-82402\" src=\"https:\/\/www.hoymercedes.com.ar\/principal\/wp-content\/uploads\/2018\/10\/12-seguridad-junin-630x271.jpg\" alt=\"\" width=\"630\" height=\"271\" srcset=\"https:\/\/www.hoymercedes.com.ar\/principal\/wp-content\/uploads\/2018\/10\/12-seguridad-junin-630x271.jpg 630w, https:\/\/www.hoymercedes.com.ar\/principal\/wp-content\/uploads\/2018\/10\/12-seguridad-junin-150x65.jpg 150w, https:\/\/www.hoymercedes.com.ar\/principal\/wp-content\/uploads\/2018\/10\/12-seguridad-junin.jpg 906w\" sizes=\"auto, (max-width: 630px) 100vw, 630px\" \/><\/p>\n<p>De la reuni\u00f3n regional participaron los intendentes de Chivilcoy, Guillermo Britos; General Villegas, Eduardo Campana; Hip\u00f3lito Yrigoyen, Jorge Cortes; General Viamonte, Franco Flexas; Rivadavia, Javier Reynoso; Florentino Ameghino, Calixto Telechea; Trenque Lauquen, Miguel \u00c1ngel Fern\u00e1ndez; Suipacha, Federico Alejandro; General Pinto, Alexis Guerrera; Luj\u00e1n, Oscar Luciani; Carlos Tejedor, Ra\u00fal Sala; Exaltaci\u00f3n de la Cruz, Adri\u00e1n S\u00e1nchez, y Bragado, Vicente Gatica.<br \/>\nAdem\u00e1s, asistieron funcionarios de los distritos de Alberti, Arrecifes, Baradero, Capit\u00e1n Sarmiento, Carlos Casares, Carmen de Areco, Chacabuco, Col\u00f3n, General Arenales, Leandro N. Alem, Lincoln, Navarro, Nueve de Julio, Pehuaj\u00f3, Pergamino, Ramallo, Rojas, Salto, San Andr\u00e9s de Giles, San Antonio de Areco, San Nicol\u00e1s y San Pedro, entre ellos el Director de Seguridad, Esteban Rossi.<\/p>\n<p>El ministro Ritondo anunci\u00f3 que realizar\u00e1n otros siete Consejos de Seguridad en distintas ciudades y recalc\u00f3: \u00abDecidimos implementar esta iniciativa para sumar otro \u00e1mbito de intercambio de ideas, consultas y de di\u00e1logo entre la Provincia y los municipios\u00bb.<\/p>\n<p>\u00abEsta jornada nos permite un contacto directo con las problem\u00e1ticas de cada regi\u00f3n y fortalecer el trabajo conjunto que realizamos con los intendentes\u00bb, sostuvo el funcionario provincial en compa\u00f1\u00eda del mandatario local, Pablo Petrecca; el jefe de la Polic\u00eda, comisario general Fabi\u00e1n Perroni, el auditor general de Asuntos Internos, Guillermo Berra, y el diputado provincial Mat\u00edas Ranzini.<\/p>\n<p>Durante la jornada, funcionarios y autoridades de cada uno de los municipios que participaron, reflexionaron sobre cuestiones espec\u00edficas de seguridad p\u00fablica para el interior provincial y expusieron balances y estad\u00edsticas respecto a esta tem\u00e1tica.<\/p>\n","protected":false},"excerpt":{"rendered":"<p>El Director de Seguridad de la Municipalidad de Mercedes, Esteban Rossi, particip\u00f3 del Consejo Regional de Seguridad que se llev\u00f3 &#8230; <a title=\"Mercedes particip\u00f3 del Consejo Regional de Seguridad en Jun\u00edn\" class=\"read-more\" href=\"https:\/\/www.hoymercedes.com.ar\/principal\/2018\/10\/12\/mercedes-participo-del-consejo-regional-de-seguridad-en-junin\/\" aria-label=\"Leer m\u00e1s sobre Mercedes particip\u00f3 del Consejo Regional de Seguridad en Jun\u00edn\">Leer m\u00e1s<\/a><\/p>\n","protected":false},"author":1,"featured_media":82402,"comment_status":"closed","ping_status":"open","sticky":false,"template":"","format":"standard","meta":{"_monsterinsights_skip_tracking":false,"_monsterinsights_sitenote_active":false,"_monsterinsights_sitenote_note":"","_monsterinsights_sitenote_category":0,"jetpack_post_was_ever_published":false,"_jetpack_newsletter_access":"","_jetpack_dont_email_post_to_subs":false,"_jetpack_newsletter_tier_id":0,"_jetpack_memberships_contains_paywalled_content":false,"_jetpack_memberships_contains_paid_content":false,"footnotes":"","jetpack_publicize_message":"Mercedes particip\u00f3 del Consejo Regional de Seguridad en Jun\u00edn","jetpack_publicize_feature_enabled":true,"jetpack_social_post_already_shared":true,"jetpack_social_options":{"image_generator_settings":{"template":"highway","default_image_id":0,"font":"","enabled":false},"version":2},"_wpas_customize_per_network":false},"categories":[8881],"tags":[9083,1803,802],"class_list":["post-82401","post","type-post","status-publish","format-standard","has-post-thumbnail","hentry","category-provincia","tag-junin","tag-provincia","tag-seguridad","generate-columns","tablet-grid-50","mobile-grid-100","grid-parent","grid-50"],"jetpack_publicize_connections":[],"jetpack_featured_media_url":"https:\/\/www.hoymercedes.com.ar\/principal\/wp-content\/uploads\/2018\/10\/12-seguridad-junin.jpg","wps_subtitle":"","jetpack_sharing_enabled":true,"_links":{"self":[{"href":"https:\/\/www.hoymercedes.com.ar\/principal\/wp-json\/wp\/v2\/posts\/82401","targetHints":{"allow":["GET"]}}],"collection":[{"href":"https:\/\/www.hoymercedes.com.ar\/principal\/wp-json\/wp\/v2\/posts"}],"about":[{"href":"https:\/\/www.hoymercedes.com.ar\/principal\/wp-json\/wp\/v2\/types\/post"}],"author":[{"embeddable":true,"href":"https:\/\/www.hoymercedes.com.ar\/principal\/wp-json\/wp\/v2\/users\/1"}],"replies":[{"embeddable":true,"href":"https:\/\/www.hoymercedes.com.ar\/principal\/wp-json\/wp\/v2\/comments?post=82401"}],"version-history":[{"count":0,"href":"https:\/\/www.hoymercedes.com.ar\/principal\/wp-json\/wp\/v2\/posts\/82401\/revisions"}],"wp:featuredmedia":[{"embeddable":true,"href":"https:\/\/www.hoymercedes.com.ar\/principal\/wp-json\/wp\/v2\/media\/82402"}],"wp:attachment":[{"href":"https:\/\/www.hoymercedes.com.ar\/principal\/wp-json\/wp\/v2\/media?parent=82401"}],"wp:term":[{"taxonomy":"category","embeddable":true,"href":"https:\/\/www.hoymercedes.com.ar\/principal\/wp-json\/wp\/v2\/categories?post=82401"},{"taxonomy":"post_tag","embeddable":true,"href":"https:\/\/www.hoymercedes.com.ar\/principal\/wp-json\/wp\/v2\/tags?post=82401"}],"curies":[{"name":"wp","href":"https:\/\/api.w.org\/{rel}","templated":true}]}}