{"id":82408,"date":"2018-10-12T15:46:05","date_gmt":"2018-10-12T18:46:05","guid":{"rendered":"http:\/\/www.hoymercedes.com.ar\/principal\/?p=82408"},"modified":"2018-10-12T15:46:05","modified_gmt":"2018-10-12T18:46:05","slug":"todo-listo-para-el-gran-festival-de-cerveceros-mercedinos-videos","status":"publish","type":"post","link":"https:\/\/www.hoymercedes.com.ar\/principal\/2018\/10\/12\/todo-listo-para-el-gran-festival-de-cerveceros-mercedinos-videos\/","title":{"rendered":"Todo listo para el gran \u00abFestival de Cerveceros Mercedinos\u00bb (Videos)"},"content":{"rendered":"<p>Se viene este fin de semana una nueva gran fiesta en Mercedes. Se trata de la primera edici\u00f3n del Festival de Cerveceros Mercedes que adem\u00e1s del atractivo principal que ser\u00e1 la cerveza artesanal tiene una gran cantidad de artistas novedosos en Mercedes. Es la fiesta este s\u00e1bado 13 y domingo 14 de octubre.<\/p>\n<p>La fiesta tendr\u00e1 patios de comidas t\u00edpicas, 18 Food Trucks y una gran feria de artesanos locales que seguramente le dar\u00e1n color al predio. Adem\u00e1s, habr\u00e1 montado un gran escenario donde se podr\u00e1 disfrutar de bandas en vivo, DJs y muchas sorpresas.<\/p>\n<p>Juanito y Juan de \u201cLos Cocineros\u201d, Frith Irish &amp; Scoth Folk, Soirse danzas irlandesas, Comensales, Mamabora, Doble Carolina, Lastronauta, Margot, Phaway y Tano Ver\u00f3n ser\u00e1n parte de los atractivos, adem\u00e1s de Fedezz Dj en vivo siendo una fiesta bien distinta a las ya conocidas por los vecinos.<\/p>\n<p>La entrada tiene un valor de $50, menores de 16 a\u00f1os no pagan.<\/p>\n<p>Conoc\u00e9 la historia de nuestros productores<\/p>\n<p><span class=\"embed-youtube\" style=\"text-align:center; display: block;\"><iframe loading=\"lazy\" class=\"youtube-player\" width=\"1200\" height=\"675\" src=\"https:\/\/www.youtube.com\/embed\/M-Bo4g7tb_E?version=3&#038;rel=1&#038;showsearch=0&#038;showinfo=1&#038;iv_load_policy=1&#038;fs=1&#038;hl=es-ES&#038;autohide=2&#038;wmode=transparent\" allowfullscreen=\"true\" style=\"border:0;\" sandbox=\"allow-scripts allow-same-origin allow-popups allow-presentation allow-popups-to-escape-sandbox\"><\/iframe><\/span><\/p>\n<p>&nbsp;<\/p>\n<p><span class=\"embed-youtube\" style=\"text-align:center; display: block;\"><iframe loading=\"lazy\" class=\"youtube-player\" width=\"1200\" height=\"675\" src=\"https:\/\/www.youtube.com\/embed\/46SBQWXxeFc?version=3&#038;rel=1&#038;showsearch=0&#038;showinfo=1&#038;iv_load_policy=1&#038;fs=1&#038;hl=es-ES&#038;autohide=2&#038;wmode=transparent\" allowfullscreen=\"true\" style=\"border:0;\" sandbox=\"allow-scripts allow-same-origin allow-popups allow-presentation allow-popups-to-escape-sandbox\"><\/iframe><\/span><\/p>\n<p>&nbsp;<\/p>\n<p><span class=\"embed-youtube\" style=\"text-align:center; display: block;\"><iframe loading=\"lazy\" class=\"youtube-player\" width=\"1200\" height=\"675\" src=\"https:\/\/www.youtube.com\/embed\/t0vqXE-fh1I?version=3&#038;rel=1&#038;showsearch=0&#038;showinfo=1&#038;iv_load_policy=1&#038;fs=1&#038;hl=es-ES&#038;autohide=2&#038;wmode=transparent\" allowfullscreen=\"true\" style=\"border:0;\" sandbox=\"allow-scripts allow-same-origin allow-popups allow-presentation allow-popups-to-escape-sandbox\"><\/iframe><\/span><\/p>\n<p>&nbsp;<\/p>\n<p><span class=\"embed-youtube\" style=\"text-align:center; display: block;\"><iframe loading=\"lazy\" class=\"youtube-player\" width=\"1200\" height=\"675\" src=\"https:\/\/www.youtube.com\/embed\/C0lEp8SV_Uk?version=3&#038;rel=1&#038;showsearch=0&#038;showinfo=1&#038;iv_load_policy=1&#038;fs=1&#038;hl=es-ES&#038;autohide=2&#038;wmode=transparent\" allowfullscreen=\"true\" style=\"border:0;\" sandbox=\"allow-scripts allow-same-origin allow-popups allow-presentation allow-popups-to-escape-sandbox\"><\/iframe><\/span><\/p>\n","protected":false},"excerpt":{"rendered":"<p>Se viene este fin de semana una nueva gran fiesta en Mercedes. Se trata de la primera edici\u00f3n del Festival &#8230; <a title=\"Todo listo para el gran \u00abFestival de Cerveceros Mercedinos\u00bb (Videos)\" class=\"read-more\" href=\"https:\/\/www.hoymercedes.com.ar\/principal\/2018\/10\/12\/todo-listo-para-el-gran-festival-de-cerveceros-mercedinos-videos\/\" aria-label=\"Leer m\u00e1s sobre Todo listo para el gran \u00abFestival de Cerveceros Mercedinos\u00bb (Videos)\">Leer m\u00e1s<\/a><\/p>\n","protected":false},"author":1,"featured_media":82113,"comment_status":"closed","ping_status":"open","sticky":false,"template":"","format":"standard","meta":{"_monsterinsights_skip_tracking":false,"_monsterinsights_sitenote_active":false,"_monsterinsights_sitenote_note":"","_monsterinsights_sitenote_category":0,"jetpack_post_was_ever_published":false,"_jetpack_newsletter_access":"","_jetpack_dont_email_post_to_subs":false,"_jetpack_newsletter_tier_id":0,"_jetpack_memberships_contains_paywalled_content":false,"_jetpack_memberships_contains_paid_content":false,"footnotes":"","jetpack_publicize_message":"","jetpack_publicize_feature_enabled":true,"jetpack_social_post_already_shared":true,"jetpack_social_options":{"image_generator_settings":{"template":"highway","default_image_id":0,"font":"","enabled":false},"version":2},"_wpas_customize_per_network":false},"categories":[104],"tags":[13832,13871],"class_list":["post-82408","post","type-post","status-publish","format-standard","has-post-thumbnail","hentry","category-cultura","tag-cerveceros-mercedinos","tag-festival-de-cerveceros-mercedinos","generate-columns","tablet-grid-50","mobile-grid-100","grid-parent","grid-50"],"jetpack_publicize_connections":[],"jetpack_featured_media_url":"https:\/\/www.hoymercedes.com.ar\/principal\/wp-content\/uploads\/2018\/10\/cerveza.jpeg","wps_subtitle":"Fiestas populares","jetpack_sharing_enabled":true,"_links":{"self":[{"href":"https:\/\/www.hoymercedes.com.ar\/principal\/wp-json\/wp\/v2\/posts\/82408","targetHints":{"allow":["GET"]}}],"collection":[{"href":"https:\/\/www.hoymercedes.com.ar\/principal\/wp-json\/wp\/v2\/posts"}],"about":[{"href":"https:\/\/www.hoymercedes.com.ar\/principal\/wp-json\/wp\/v2\/types\/post"}],"author":[{"embeddable":true,"href":"https:\/\/www.hoymercedes.com.ar\/principal\/wp-json\/wp\/v2\/users\/1"}],"replies":[{"embeddable":true,"href":"https:\/\/www.hoymercedes.com.ar\/principal\/wp-json\/wp\/v2\/comments?post=82408"}],"version-history":[{"count":0,"href":"https:\/\/www.hoymercedes.com.ar\/principal\/wp-json\/wp\/v2\/posts\/82408\/revisions"}],"wp:featuredmedia":[{"embeddable":true,"href":"https:\/\/www.hoymercedes.com.ar\/principal\/wp-json\/wp\/v2\/media\/82113"}],"wp:attachment":[{"href":"https:\/\/www.hoymercedes.com.ar\/principal\/wp-json\/wp\/v2\/media?parent=82408"}],"wp:term":[{"taxonomy":"category","embeddable":true,"href":"https:\/\/www.hoymercedes.com.ar\/principal\/wp-json\/wp\/v2\/categories?post=82408"},{"taxonomy":"post_tag","embeddable":true,"href":"https:\/\/www.hoymercedes.com.ar\/principal\/wp-json\/wp\/v2\/tags?post=82408"}],"curies":[{"name":"wp","href":"https:\/\/api.w.org\/{rel}","templated":true}]}}