{"id":82411,"date":"2018-10-12T00:48:32","date_gmt":"2018-10-12T03:48:32","guid":{"rendered":"http:\/\/www.hoymercedes.com.ar\/principal\/?p=82411"},"modified":"2018-10-12T15:53:22","modified_gmt":"2018-10-12T18:53:22","slug":"asumio-la-nueva-comision-directiva-en-asociacion-judicial-bonaerense","status":"publish","type":"post","link":"https:\/\/www.hoymercedes.com.ar\/principal\/2018\/10\/12\/asumio-la-nueva-comision-directiva-en-asociacion-judicial-bonaerense\/","title":{"rendered":"Asumi\u00f3 la nueva comisi\u00f3n directiva en Asociaci\u00f3n Judicial Bonaerense"},"content":{"rendered":"<p>Tomaron posesi\u00f3n del cargo quienes resultaron electos en la \u00faltima elecci\u00f3n. Mariano Romano contin\u00faa al frente de la entidad por un nuevo per\u00edodo, con gran expectativa.<\/p>\n<p><img loading=\"lazy\" decoding=\"async\" data-attachment-id=\"82412\" data-permalink=\"https:\/\/www.hoymercedes.com.ar\/principal\/2018\/10\/12\/asumio-la-nueva-comision-directiva-en-asociacion-judicial-bonaerense\/12-ajb-comision\/#main\" data-orig-file=\"https:\/\/www.hoymercedes.com.ar\/principal\/wp-content\/uploads\/2018\/10\/12-ajb-comision.jpeg\" data-orig-size=\"750,499\" data-comments-opened=\"0\" data-image-meta=\"{&quot;aperture&quot;:&quot;0&quot;,&quot;credit&quot;:&quot;&quot;,&quot;camera&quot;:&quot;&quot;,&quot;caption&quot;:&quot;&quot;,&quot;created_timestamp&quot;:&quot;1539283373&quot;,&quot;copyright&quot;:&quot;&quot;,&quot;focal_length&quot;:&quot;0&quot;,&quot;iso&quot;:&quot;0&quot;,&quot;shutter_speed&quot;:&quot;0&quot;,&quot;title&quot;:&quot;&quot;,&quot;orientation&quot;:&quot;1&quot;}\" data-image-title=\"12 ajb comision\" data-image-description=\"\" data-image-caption=\"\" data-large-file=\"https:\/\/www.hoymercedes.com.ar\/principal\/wp-content\/uploads\/2018\/10\/12-ajb-comision.jpeg\" class=\"aligncenter size-medium wp-image-82412\" src=\"https:\/\/www.hoymercedes.com.ar\/principal\/wp-content\/uploads\/2018\/10\/12-ajb-comision-630x419.jpeg\" alt=\"\" width=\"630\" height=\"419\" srcset=\"https:\/\/www.hoymercedes.com.ar\/principal\/wp-content\/uploads\/2018\/10\/12-ajb-comision-630x419.jpeg 630w, https:\/\/www.hoymercedes.com.ar\/principal\/wp-content\/uploads\/2018\/10\/12-ajb-comision-150x100.jpeg 150w, https:\/\/www.hoymercedes.com.ar\/principal\/wp-content\/uploads\/2018\/10\/12-ajb-comision.jpeg 750w\" sizes=\"auto, (max-width: 630px) 100vw, 630px\" \/><\/p>\n<p>Durante el mediod\u00eda del pasado s\u00e1bado, se llev\u00f3 a cabo en el recientemente inaugurado sal\u00f3n de fiestas que la Asociaci\u00f3n Judicial Bonaerense posee en su campo de deportes, el respectivo acto protocolar de toma de posesi\u00f3n de cargos de la nueva comisi\u00f3n directiva.<\/p>\n<p>Recordemos que los integrantes de la misma, formaron parte de la lista verde, que se impuso por amplio margen en las elecciones llevadas a cabo el pasado 24 de agosto.<\/p>\n<p>Mariano Romano quien asumi\u00f3 su segundo mandato consecutivo el frente de la entidad gremial, sostuvo ante los presentes que \u2019\u2019Estamos muy orgullosos de la gesti\u00f3n que hemos realizado para todos los trabajadores judiciales, realizamos muchas obras que jerarquizan los inmuebles que son patrimonio de nuestros afiliados, y que nos permiten ampliar las prestaciones para los mismos. De igual modo, nos reconforta haber dado todas las discusiones salariales necesarias para cuidar el bolsillo de nuestros compa\u00f1eros\u201d. Asimismo agreg\u00f3 que \u2019\u2019Todo lo que hicimos nos enorgullece, pero tambi\u00e9n nos fija una vara alta para este nuevo desaf\u00edo que tenemos por delante. Tenemos la convicci\u00f3n y la fuerza necesaria para llevar a cabo todas las acciones necesarias en beneficio de nuestros afiliados, por lo que esperamos que \u00e9sta gesti\u00f3n sea a\u00fan mejor que la anterior. Ese es nuestro compromiso.\u201d<br \/>\nLa nueva comisi\u00f3n directiva:<\/p>\n<p>Secretario General: Romano, Mariano. Secretario Gremial: Barletta, Hernan. Secretario Adjunto: Panessi, Mario. Secretario de Hacienda: Neiro, Aldo. Secretarios Titulares: Igoldi, Alberto; Cavallero, Ana Mar\u00eda; Cruz, Fabricio; Colotta, Marcelo; Zarate, Oscar Ariel; Cerverizzo, Christian; Garcia, Mario; Juarez, Mar\u00eda Mercedes y Garracedo, Mar\u00eda Alejandra. Secretarios Suplentes: Riquelme, Norberto; Sarubbe, Mar\u00eda Fernanda; Bainotti, Juan; Garcia, Dulce y Real, Patricia. Revisores de cuentas titulares: Panessi, Gabriel; Fahey, Gustavo Javier y Banedetti, Lorena. Revisores de cuentas suplentes: Rodini, Micaela y Ricci, Diego. Congresales Provinciales Titulares: Igoldi, Alberto; Romano, Mariano; Real, Patricia; Barletta, Hern\u00e1n; Brandolin, Adrian; Navarro, Marta; Garcia, Mario y Cavallero, Ana Mar\u00eda. Suplentes: Garc\u00eda, Tomas; Colotta, Marcelo; Sarubbe, Mar\u00eda Fernanda; Panessi, Mario; Sclavi, Hugo Lorenzo; Rodini, Micaela; Anselmo, Rafael Atilio y Garc\u00eda, Dulce Mar\u00eda Silvia<\/p>\n","protected":false},"excerpt":{"rendered":"<p>Tomaron posesi\u00f3n del cargo quienes resultaron electos en la \u00faltima elecci\u00f3n. Mariano Romano contin\u00faa al frente de la entidad por &#8230; <a title=\"Asumi\u00f3 la nueva comisi\u00f3n directiva en Asociaci\u00f3n Judicial Bonaerense\" class=\"read-more\" href=\"https:\/\/www.hoymercedes.com.ar\/principal\/2018\/10\/12\/asumio-la-nueva-comision-directiva-en-asociacion-judicial-bonaerense\/\" aria-label=\"Leer m\u00e1s sobre Asumi\u00f3 la nueva comisi\u00f3n directiva en Asociaci\u00f3n Judicial Bonaerense\">Leer m\u00e1s<\/a><\/p>\n","protected":false},"author":1,"featured_media":82412,"comment_status":"closed","ping_status":"open","sticky":false,"template":"","format":"standard","meta":{"_monsterinsights_skip_tracking":false,"_monsterinsights_sitenote_active":false,"_monsterinsights_sitenote_note":"","_monsterinsights_sitenote_category":0,"jetpack_post_was_ever_published":false,"_jetpack_newsletter_access":"","_jetpack_dont_email_post_to_subs":false,"_jetpack_newsletter_tier_id":0,"_jetpack_memberships_contains_paywalled_content":false,"_jetpack_memberships_contains_paid_content":false,"footnotes":"","jetpack_publicize_message":"Asumi\u00f3 la nueva comisi\u00f3n directiva en Asociaci\u00f3n Judicial Bonaerense","jetpack_publicize_feature_enabled":true,"jetpack_social_post_already_shared":true,"jetpack_social_options":{"image_generator_settings":{"template":"highway","default_image_id":0,"font":"","enabled":false},"version":2},"_wpas_customize_per_network":false},"categories":[10563],"tags":[95,9411,1443],"class_list":["post-82411","post","type-post","status-publish","format-standard","has-post-thumbnail","hentry","category-gremios-sindicatos","tag-ajb","tag-comision-directiva","tag-sindicatos","generate-columns","tablet-grid-50","mobile-grid-100","grid-parent","grid-50"],"jetpack_publicize_connections":[],"jetpack_featured_media_url":"https:\/\/www.hoymercedes.com.ar\/principal\/wp-content\/uploads\/2018\/10\/12-ajb-comision.jpeg","wps_subtitle":"El s\u00e1bado pasado","jetpack_sharing_enabled":true,"_links":{"self":[{"href":"https:\/\/www.hoymercedes.com.ar\/principal\/wp-json\/wp\/v2\/posts\/82411","targetHints":{"allow":["GET"]}}],"collection":[{"href":"https:\/\/www.hoymercedes.com.ar\/principal\/wp-json\/wp\/v2\/posts"}],"about":[{"href":"https:\/\/www.hoymercedes.com.ar\/principal\/wp-json\/wp\/v2\/types\/post"}],"author":[{"embeddable":true,"href":"https:\/\/www.hoymercedes.com.ar\/principal\/wp-json\/wp\/v2\/users\/1"}],"replies":[{"embeddable":true,"href":"https:\/\/www.hoymercedes.com.ar\/principal\/wp-json\/wp\/v2\/comments?post=82411"}],"version-history":[{"count":0,"href":"https:\/\/www.hoymercedes.com.ar\/principal\/wp-json\/wp\/v2\/posts\/82411\/revisions"}],"wp:featuredmedia":[{"embeddable":true,"href":"https:\/\/www.hoymercedes.com.ar\/principal\/wp-json\/wp\/v2\/media\/82412"}],"wp:attachment":[{"href":"https:\/\/www.hoymercedes.com.ar\/principal\/wp-json\/wp\/v2\/media?parent=82411"}],"wp:term":[{"taxonomy":"category","embeddable":true,"href":"https:\/\/www.hoymercedes.com.ar\/principal\/wp-json\/wp\/v2\/categories?post=82411"},{"taxonomy":"post_tag","embeddable":true,"href":"https:\/\/www.hoymercedes.com.ar\/principal\/wp-json\/wp\/v2\/tags?post=82411"}],"curies":[{"name":"wp","href":"https:\/\/api.w.org\/{rel}","templated":true}]}}