{"id":82414,"date":"2018-10-12T17:15:17","date_gmt":"2018-10-12T20:15:17","guid":{"rendered":"http:\/\/www.hoymercedes.com.ar\/principal\/?p=82414"},"modified":"2018-10-12T16:15:37","modified_gmt":"2018-10-12T19:15:37","slug":"confirman-que-se-concreta-la-llegada-de-nicotex-dond-funciono-guilford","status":"publish","type":"post","link":"https:\/\/www.hoymercedes.com.ar\/principal\/2018\/10\/12\/confirman-que-se-concreta-la-llegada-de-nicotex-dond-funciono-guilford\/","title":{"rendered":"Confirman que se concreta la llegada de Nicotex donde funcion\u00f3 Guilford"},"content":{"rendered":"<p>De acuerdo a la informaci\u00f3n proveniente del\u00a0Delegado Regional del Ministerio de Trabajo de la provincia de Buenos Aires, Jorge Retegui, se confirm\u00f3 la instalaci\u00f3n de la textil Nicotex en el mismo lugar donde funcion\u00f3 Guilford y anta\u00f1o Dupont. Adelant\u00f3 que ex trabajadores de la empresa anterior ingresar\u00edan a trabajar en el nuevo emprendimiento.<\/p>\n<p>\u00abMantuve una conversaci\u00f3n con Hugo\u00a0Acosta, responsable de Nicotex y, afortunadamente, confirma y ratifica el arribo de la empresa, donde se encuentra situado el predio que dej\u00f3 Guilford, ubicado en la calle Avenida 40\u201d, confirm\u00f3 Jorge Retegui, Delegado Regional del Ministerio de Trabajo de la provincia de Buenos Aires.<\/p>\n<p>\u00abYa se realiz\u00f3 la conexi\u00f3n de la luz, y pr\u00f3ximamente, se har\u00e1 la del gas. Por otra parte, se est\u00e1n realizando las entrevistas con ex trabajadores de Guilford para constatar en qu\u00e9 condiciones est\u00e1n, para poder volver a trabajar.\u00a0 Se comenzar\u00e1 con un n\u00famero reducido de empleados para poder, m\u00e1s adelante, completar con la cantidad de puestos que hab\u00eda con anterioridad\u00bb, agrega el funcionario.<\/p>\n<p>\u201cHace tres meses que los ex empleados de Guilford est\u00e1n cobrando el Plan Nacional de Transformaci\u00f3n Productiva, equivalente a un subsidio por desempleo, de 3.750 pesos, el cual fue ampliado por 10.000 pesos, por 6 meses; a\u00fan les quedan 3 meses por cobrar como para poder ayudarlos en esta situaci\u00f3n tan dif\u00edcil por la que est\u00e1n atravesando, ante el abandono de los trabajadores, por parte de esta empresa. Tambi\u00e9n, est\u00e1n recibiendo alimentos a trav\u00e9s de Desarrollo Social de la Naci\u00f3n, en forma peri\u00f3dica, tanto a los ex trabajadores de Guilford como de Karavell\u201d, concluy\u00f3 Retegui.<\/p>\n","protected":false},"excerpt":{"rendered":"<p>De acuerdo a la informaci\u00f3n proveniente del\u00a0Delegado Regional del Ministerio de Trabajo de la provincia de Buenos Aires, Jorge Retegui, &#8230; <a title=\"Confirman que se concreta la llegada de Nicotex donde funcion\u00f3 Guilford\" class=\"read-more\" href=\"https:\/\/www.hoymercedes.com.ar\/principal\/2018\/10\/12\/confirman-que-se-concreta-la-llegada-de-nicotex-dond-funciono-guilford\/\" aria-label=\"Leer m\u00e1s sobre Confirman que se concreta la llegada de Nicotex donde funcion\u00f3 Guilford\">Leer m\u00e1s<\/a><\/p>\n","protected":false},"author":1,"featured_media":55413,"comment_status":"closed","ping_status":"open","sticky":false,"template":"","format":"standard","meta":{"_monsterinsights_skip_tracking":false,"_monsterinsights_sitenote_active":false,"_monsterinsights_sitenote_note":"","_monsterinsights_sitenote_category":0,"jetpack_post_was_ever_published":false,"_jetpack_newsletter_access":"","_jetpack_dont_email_post_to_subs":false,"_jetpack_newsletter_tier_id":0,"_jetpack_memberships_contains_paywalled_content":false,"_jetpack_memberships_contains_paid_content":false,"footnotes":"","jetpack_publicize_message":"","jetpack_publicize_feature_enabled":true,"jetpack_social_post_already_shared":true,"jetpack_social_options":{"image_generator_settings":{"template":"highway","default_image_id":0,"font":"","enabled":false},"version":2},"_wpas_customize_per_network":false},"categories":[8881],"tags":[255,1432,12786,12768],"class_list":["post-82414","post","type-post","status-publish","format-standard","has-post-thumbnail","hentry","category-provincia","tag-jorge-retegui","tag-ministerio-de-trabajo","tag-nicotex","tag-trabajadores-de-guilford","generate-columns","tablet-grid-50","mobile-grid-100","grid-parent","grid-50"],"jetpack_publicize_connections":[],"jetpack_featured_media_url":"https:\/\/www.hoymercedes.com.ar\/principal\/wp-content\/uploads\/2016\/10\/03-jorge-retegui.jpg","wps_subtitle":"Reestableciendo puestos de trabajo","jetpack_sharing_enabled":true,"_links":{"self":[{"href":"https:\/\/www.hoymercedes.com.ar\/principal\/wp-json\/wp\/v2\/posts\/82414","targetHints":{"allow":["GET"]}}],"collection":[{"href":"https:\/\/www.hoymercedes.com.ar\/principal\/wp-json\/wp\/v2\/posts"}],"about":[{"href":"https:\/\/www.hoymercedes.com.ar\/principal\/wp-json\/wp\/v2\/types\/post"}],"author":[{"embeddable":true,"href":"https:\/\/www.hoymercedes.com.ar\/principal\/wp-json\/wp\/v2\/users\/1"}],"replies":[{"embeddable":true,"href":"https:\/\/www.hoymercedes.com.ar\/principal\/wp-json\/wp\/v2\/comments?post=82414"}],"version-history":[{"count":0,"href":"https:\/\/www.hoymercedes.com.ar\/principal\/wp-json\/wp\/v2\/posts\/82414\/revisions"}],"wp:featuredmedia":[{"embeddable":true,"href":"https:\/\/www.hoymercedes.com.ar\/principal\/wp-json\/wp\/v2\/media\/55413"}],"wp:attachment":[{"href":"https:\/\/www.hoymercedes.com.ar\/principal\/wp-json\/wp\/v2\/media?parent=82414"}],"wp:term":[{"taxonomy":"category","embeddable":true,"href":"https:\/\/www.hoymercedes.com.ar\/principal\/wp-json\/wp\/v2\/categories?post=82414"},{"taxonomy":"post_tag","embeddable":true,"href":"https:\/\/www.hoymercedes.com.ar\/principal\/wp-json\/wp\/v2\/tags?post=82414"}],"curies":[{"name":"wp","href":"https:\/\/api.w.org\/{rel}","templated":true}]}}