{"id":82417,"date":"2018-10-12T18:15:44","date_gmt":"2018-10-12T21:15:44","guid":{"rendered":"http:\/\/www.hoymercedes.com.ar\/principal\/?p=82417"},"modified":"2018-10-12T16:36:57","modified_gmt":"2018-10-12T19:36:57","slug":"municipio-creo-ortopedia-de-ayuda-solidaria","status":"publish","type":"post","link":"https:\/\/www.hoymercedes.com.ar\/principal\/2018\/10\/12\/municipio-creo-ortopedia-de-ayuda-solidaria\/","title":{"rendered":"Municipio cre\u00f3 ortopedia de ayuda solidaria"},"content":{"rendered":"<p>En la ma\u00f1ana del d\u00eda jueves, se inaugur\u00f3 la primera Ortopedia Municipal de Ayuda Solidaria. A cargo de la Secretar\u00eda de Salud y la Direcci\u00f3n de Discapacidad, el municipio realiz\u00f3 una primera inversi\u00f3n de aparatos y art\u00edculos ortop\u00e9dicos que ser\u00e1n cedidos a los vecinos que los necesiten.<\/p>\n<p><img loading=\"lazy\" decoding=\"async\" data-attachment-id=\"82419\" data-permalink=\"https:\/\/www.hoymercedes.com.ar\/principal\/2018\/10\/12\/municipio-creo-ortopedia-de-ayuda-solidaria\/12-muni-ortopedia2\/#main\" data-orig-file=\"https:\/\/www.hoymercedes.com.ar\/principal\/wp-content\/uploads\/2018\/10\/12-muni-ortopedia2.jpg\" data-orig-size=\"750,415\" data-comments-opened=\"0\" data-image-meta=\"{&quot;aperture&quot;:&quot;0&quot;,&quot;credit&quot;:&quot;&quot;,&quot;camera&quot;:&quot;&quot;,&quot;caption&quot;:&quot;&quot;,&quot;created_timestamp&quot;:&quot;0&quot;,&quot;copyright&quot;:&quot;&quot;,&quot;focal_length&quot;:&quot;0&quot;,&quot;iso&quot;:&quot;0&quot;,&quot;shutter_speed&quot;:&quot;0&quot;,&quot;title&quot;:&quot;&quot;,&quot;orientation&quot;:&quot;0&quot;}\" data-image-title=\"12 muni ortopedia2\" data-image-description=\"\" data-image-caption=\"\" data-large-file=\"https:\/\/www.hoymercedes.com.ar\/principal\/wp-content\/uploads\/2018\/10\/12-muni-ortopedia2.jpg\" class=\"aligncenter size-medium wp-image-82419\" src=\"https:\/\/www.hoymercedes.com.ar\/principal\/wp-content\/uploads\/2018\/10\/12-muni-ortopedia2-630x349.jpg\" alt=\"\" width=\"630\" height=\"349\" srcset=\"https:\/\/www.hoymercedes.com.ar\/principal\/wp-content\/uploads\/2018\/10\/12-muni-ortopedia2-630x349.jpg 630w, https:\/\/www.hoymercedes.com.ar\/principal\/wp-content\/uploads\/2018\/10\/12-muni-ortopedia2-150x83.jpg 150w, https:\/\/www.hoymercedes.com.ar\/principal\/wp-content\/uploads\/2018\/10\/12-muni-ortopedia2.jpg 750w\" sizes=\"auto, (max-width: 630px) 100vw, 630px\" \/><\/p>\n<p>En la calle 25, entre 28 y 30, se inaugur\u00f3 el local que funcionar\u00e1 de centro ortop\u00e9dico municipal. El Intendente Municipal Juan Ignacio Ustarroz acompa\u00f1ado del Secretario de Salud\u00a0Pablo Cassiani, la directora de discapacidad, Tatiana L\u00f3pez, y concejales de distintas fuerzas hicieron el acto oficial de apertura.<\/p>\n<p>\u201cEl Municipio realiz\u00f3 una primera gran inversi\u00f3n para darle sustento a este nuevo programa, pero luego apelamos a la solidaridad de los vecinos, para que el mismo sea autosustentable\u201d destac\u00f3 Ustarroz.<\/p>\n<p>A su lado, el Dr. Cassiani explic\u00f3 que desde el \u00e1rea de discapacidad se propuso la creaci\u00f3n de un \u00abbanco de ayudas t\u00e9cnicas\u00bb que incluyese aparatos y elementos como sillas de ruedas, muleta cabestrillo, bastones, cuellos, sillas posturales, colchones anti escaras u otros art\u00edculos ortop\u00e9dicos.<\/p>\n<p>Los art\u00edculos ser\u00e1n prestados a quienes los requieran hasta que la obra social se los entregue. Ser\u00e1 la direcci\u00f3n la que acompa\u00f1ar\u00e1 en el reclamo para que las obras social cubran esa necesidad. En tanto, quienes no posean ninguna obra social tambi\u00e9n podr\u00e1n solicitar los elementos necesarios.<\/p>\n<p>\u201cEl banco funciona a trav\u00e9s de un comodato de pr\u00e9stamo, donde la persona se compromete a devolver lo facilitado en buenas condiciones cuando no la use m\u00e1s o cuando su obra social se lo entregue y esa misma ayuda luego ser\u00e1 prestada a otra persona, generando un circulo positivo y solidario\u201d, explic\u00f3 La directora de discapacidad.<\/p>\n<p>En este sentido, el Secretario de Salud expres\u00f3 \u201cla idea es que se genere un ida y vuelta, una simbiosis como se gener\u00f3 con el Banco de Medicamentos\u201d.\u00a0<img loading=\"lazy\" decoding=\"async\" data-attachment-id=\"82418\" data-permalink=\"https:\/\/www.hoymercedes.com.ar\/principal\/2018\/10\/12\/municipio-creo-ortopedia-de-ayuda-solidaria\/12-muni-ortopedia\/#main\" data-orig-file=\"https:\/\/www.hoymercedes.com.ar\/principal\/wp-content\/uploads\/2018\/10\/12-muni-ortopedia.jpg\" data-orig-size=\"750,500\" data-comments-opened=\"0\" data-image-meta=\"{&quot;aperture&quot;:&quot;0&quot;,&quot;credit&quot;:&quot;&quot;,&quot;camera&quot;:&quot;&quot;,&quot;caption&quot;:&quot;&quot;,&quot;created_timestamp&quot;:&quot;0&quot;,&quot;copyright&quot;:&quot;&quot;,&quot;focal_length&quot;:&quot;0&quot;,&quot;iso&quot;:&quot;0&quot;,&quot;shutter_speed&quot;:&quot;0&quot;,&quot;title&quot;:&quot;&quot;,&quot;orientation&quot;:&quot;0&quot;}\" data-image-title=\"12 muni ortopedia\" data-image-description=\"\" data-image-caption=\"\" data-large-file=\"https:\/\/www.hoymercedes.com.ar\/principal\/wp-content\/uploads\/2018\/10\/12-muni-ortopedia.jpg\" class=\"aligncenter size-medium wp-image-82418\" src=\"https:\/\/www.hoymercedes.com.ar\/principal\/wp-content\/uploads\/2018\/10\/12-muni-ortopedia-630x420.jpg\" alt=\"\" width=\"630\" height=\"420\" srcset=\"https:\/\/www.hoymercedes.com.ar\/principal\/wp-content\/uploads\/2018\/10\/12-muni-ortopedia-630x420.jpg 630w, https:\/\/www.hoymercedes.com.ar\/principal\/wp-content\/uploads\/2018\/10\/12-muni-ortopedia-150x100.jpg 150w, https:\/\/www.hoymercedes.com.ar\/principal\/wp-content\/uploads\/2018\/10\/12-muni-ortopedia.jpg 750w\" sizes=\"auto, (max-width: 630px) 100vw, 630px\" \/><\/p>\n<p>&nbsp;<\/p>\n","protected":false},"excerpt":{"rendered":"<p>En la ma\u00f1ana del d\u00eda jueves, se inaugur\u00f3 la primera Ortopedia Municipal de Ayuda Solidaria. A cargo de la Secretar\u00eda &#8230; <a title=\"Municipio cre\u00f3 ortopedia de ayuda solidaria\" class=\"read-more\" href=\"https:\/\/www.hoymercedes.com.ar\/principal\/2018\/10\/12\/municipio-creo-ortopedia-de-ayuda-solidaria\/\" aria-label=\"Leer m\u00e1s sobre Municipio cre\u00f3 ortopedia de ayuda solidaria\">Leer m\u00e1s<\/a><\/p>\n","protected":false},"author":1,"featured_media":82418,"comment_status":"closed","ping_status":"open","sticky":false,"template":"","format":"standard","meta":{"_monsterinsights_skip_tracking":false,"_monsterinsights_sitenote_active":false,"_monsterinsights_sitenote_note":"","_monsterinsights_sitenote_category":0,"jetpack_post_was_ever_published":false,"_jetpack_newsletter_access":"","_jetpack_dont_email_post_to_subs":false,"_jetpack_newsletter_tier_id":0,"_jetpack_memberships_contains_paywalled_content":false,"_jetpack_memberships_contains_paid_content":false,"footnotes":"","jetpack_publicize_message":"","jetpack_publicize_feature_enabled":true,"jetpack_social_post_already_shared":true,"jetpack_social_options":{"image_generator_settings":{"template":"highway","default_image_id":0,"font":"","enabled":false},"version":2},"_wpas_customize_per_network":false},"categories":[30],"tags":[13872,244,134],"class_list":["post-82417","post","type-post","status-publish","format-standard","has-post-thumbnail","hentry","category-municipio","tag-centro-ortopedico","tag-municipio-2","tag-salud","generate-columns","tablet-grid-50","mobile-grid-100","grid-parent","grid-50"],"jetpack_publicize_connections":[],"jetpack_featured_media_url":"https:\/\/www.hoymercedes.com.ar\/principal\/wp-content\/uploads\/2018\/10\/12-muni-ortopedia.jpg","wps_subtitle":"Inauguraci\u00f3n","jetpack_sharing_enabled":true,"_links":{"self":[{"href":"https:\/\/www.hoymercedes.com.ar\/principal\/wp-json\/wp\/v2\/posts\/82417","targetHints":{"allow":["GET"]}}],"collection":[{"href":"https:\/\/www.hoymercedes.com.ar\/principal\/wp-json\/wp\/v2\/posts"}],"about":[{"href":"https:\/\/www.hoymercedes.com.ar\/principal\/wp-json\/wp\/v2\/types\/post"}],"author":[{"embeddable":true,"href":"https:\/\/www.hoymercedes.com.ar\/principal\/wp-json\/wp\/v2\/users\/1"}],"replies":[{"embeddable":true,"href":"https:\/\/www.hoymercedes.com.ar\/principal\/wp-json\/wp\/v2\/comments?post=82417"}],"version-history":[{"count":0,"href":"https:\/\/www.hoymercedes.com.ar\/principal\/wp-json\/wp\/v2\/posts\/82417\/revisions"}],"wp:featuredmedia":[{"embeddable":true,"href":"https:\/\/www.hoymercedes.com.ar\/principal\/wp-json\/wp\/v2\/media\/82418"}],"wp:attachment":[{"href":"https:\/\/www.hoymercedes.com.ar\/principal\/wp-json\/wp\/v2\/media?parent=82417"}],"wp:term":[{"taxonomy":"category","embeddable":true,"href":"https:\/\/www.hoymercedes.com.ar\/principal\/wp-json\/wp\/v2\/categories?post=82417"},{"taxonomy":"post_tag","embeddable":true,"href":"https:\/\/www.hoymercedes.com.ar\/principal\/wp-json\/wp\/v2\/tags?post=82417"}],"curies":[{"name":"wp","href":"https:\/\/api.w.org\/{rel}","templated":true}]}}