{"id":82446,"date":"2018-10-13T14:38:13","date_gmt":"2018-10-13T17:38:13","guid":{"rendered":"http:\/\/www.hoymercedes.com.ar\/principal\/?p=82446"},"modified":"2018-10-13T13:34:07","modified_gmt":"2018-10-13T16:34:07","slug":"la-problematica-de-la-contaminacion-ambiental","status":"publish","type":"post","link":"https:\/\/www.hoymercedes.com.ar\/principal\/2018\/10\/13\/la-problematica-de-la-contaminacion-ambiental\/","title":{"rendered":"La problem\u00e1tica de la contaminaci\u00f3n ambiental"},"content":{"rendered":"<p>Por Cristi\u00e1n Frers* &#8211; \u201cLa gente no se da cuenta de que la contaminaci\u00f3n da\u00f1a las econom\u00edas. La gente que enferma o muere no puede contribuir a la econom\u00eda\u201d.<\/p>\n<p>La contaminaci\u00f3n es una realidad en nuestra vida y es que, por desgracia, cada vez o\u00edmos m\u00e1s voces sobre ella. Muchos son los pa\u00edses que est\u00e1n buscando una buena soluci\u00f3n a este problema, aunque parece que les cuesta mucho llegar a un acuerdo que satisfaga a todos los actores de los escenarios. Mientras, las consecuencias se siguen viendo, empeoran y m\u00e1s se destruyen los h\u00e1bitats naturales que un d\u00eda hicieron de este planeta un planeta verde y azul.<\/p>\n<p>Con los problemas a los que nos enfrentamos en la actualidad, problemas de tipo pol\u00edtico, econ\u00f3mico, social y hasta deportivos, dejamos de lado uno con el que tenemos contacto m\u00e1s cercano, el problema de la contaminaci\u00f3n, un problema que nosotros creamos e incrementamos de forma gradual todos los d\u00edas.<\/p>\n<p>La contaminaci\u00f3n afecta a todos los seres vivos, tanto a vegetales como a animales, entre los cuales debemos incluir a los seres humanos.<\/p>\n<p>A diario estamos expuestos a cuatro millones de sustancias t\u00f3xicas que son causa directa de enfermedades como el c\u00e1ncer, el Alzheimer\u2026 y otros problemas de salud como el asma o la infertilidad.<\/p>\n<p>Aunque los riesgos de la contaminaci\u00f3n para la salud son elevados y los datos algo alarmantes, tambi\u00e9n hay espacio para el optimismo.<\/p>\n<p>El establecimiento de un programa integral de control del ambiente llenar\u00eda una necesidad cr\u00edtica en este aspecto. Se necesitan estudios para establecer cu\u00e1l es la poblaci\u00f3n que est\u00e1 expuesta al riesgo de las diversas formas de la contaminaci\u00f3n ambiental y el grado actual de amenaza al que est\u00e1n expuestas la salud y la seguridad como consecuencia de la contaminaci\u00f3n.<\/p>\n<p>La contaminaci\u00f3n ambiental en Argentina es uno de los problemas m\u00e1s importantes a los que nos enfrentamos, afectando a los recursos naturales b\u00e1sicos\u00a0 como el aire, los suelos y el agua.<\/p>\n<p>La contaminaci\u00f3n ambiental en el pa\u00eds es mayor que lo que se podr\u00eda esperar de un pa\u00eds con un nivel de desarrollo mediano. Estos problemas son consecuencia principalmente del aumento gradual de la poblaci\u00f3n urbana y del desarrollo industrial, junto con un marco de reglamentaciones inadecuado y un d\u00e9ficit de d\u00e9cadas en materia de infraestructura sanitaria y de tratamiento de desperdicios.<\/p>\n<p>La capacidad y autoridad institucional para la gesti\u00f3n ambiental est\u00e1 fragmentada entre numerosos organismos en los niveles nacional, provincial y municipal, lo que conduce a la superposici\u00f3n de jurisdicciones, a la debilidad del control y al incumplimiento de las normas. Como consecuencia de esa fragmentaci\u00f3n de responsabilidades institucionales y falta de coordinaci\u00f3n, se ha producido un marco institucional y regulatorio confuso para la gesti\u00f3n ambiental.<\/p>\n<p>Dado los problemas de contaminaci\u00f3n del medio ambiente que enfrenta la Argentina y la multiplicidad de las opciones para encararlos, ser\u00eda \u00fatil integrar los resultados en un plan de acci\u00f3n para que el gobierno lo considere. Adem\u00e1s, a pesar de las limitaciones de la informaci\u00f3n, una estrategia del medio ambiente tambi\u00e9n debe reflejar una serie bien ordenada de prioridades para la acci\u00f3n. Por consiguiente, el pa\u00eds deber\u00eda aplicar medidas priorizadas que beneficiar\u00edan a la mayor cantidad de gente, o que beneficiar\u00edan mayormente a los sectores de menores recursos, o que tengan m\u00faltiples beneficios, medidas dirigidas a problemas con efectos mayores sobre la salud, problemas que son recurrentes o con efectos irreversibles y problemas que plantean los mayores riesgos o incertidumbre. Las acciones prioritarias tambi\u00e9n tienen que ser efectivas en t\u00e9rminos del costo, pol\u00edtica y administrativamente factibles y estar de conformidad con los presupuestos de inversi\u00f3n, es decir con la capacidad financiera del gobierno.<\/p>\n<p>La adecuada protecci\u00f3n y conservaci\u00f3n del ambiente representa uno de los retos m\u00e1s importantes a los que se enfrenta la humanidad. Es evidente que se necesitan cambios dr\u00e1sticos y normas muy estrictas si se quiere conservar la calidad de vida en el planeta. Como miembros de la sociedad debemos participar en forma activa en la creaci\u00f3n de leyes y reglamentos que tengan un impacto ben\u00e9fico para el ambiente, nuestra salud y la econom\u00eda. Es importante se\u00f1alar que las soluciones al problema de la contaminaci\u00f3n est\u00e1n m\u00e1s cerca de lo que uno cree, ya que es posible en nuestra vida cotidiana contribuir con actividades sencillas a mejorar nuestro entorno, como por ejemplo, consumir productos no contaminantes, disminuir el uso del autom\u00f3vil, separar los desechos reciclables en el hogar, crear espacios verdes, entre otras medidas. Es precisamente aqu\u00ed donde se manifiesta en forma m\u00e1s categ\u00f3rica el hecho de pensar globalmente, pero actuar localmente.<\/p>\n<p>&nbsp;<\/p>\n<p>*Cristi\u00e1n Frers \u2013 T\u00e9cnico Superior en Gesti\u00f3n Ambiental y T\u00e9cnico Superior en Comunicaci\u00f3n Social (Periodista).<\/p>\n","protected":false},"excerpt":{"rendered":"<p>Por Cristi\u00e1n Frers* &#8211; \u201cLa gente no se da cuenta de que la contaminaci\u00f3n da\u00f1a las econom\u00edas. La gente que &#8230; <a title=\"La problem\u00e1tica de la contaminaci\u00f3n ambiental\" class=\"read-more\" href=\"https:\/\/www.hoymercedes.com.ar\/principal\/2018\/10\/13\/la-problematica-de-la-contaminacion-ambiental\/\" aria-label=\"Leer m\u00e1s sobre La problem\u00e1tica de la contaminaci\u00f3n ambiental\">Leer m\u00e1s<\/a><\/p>\n","protected":false},"author":1,"featured_media":79611,"comment_status":"closed","ping_status":"open","sticky":false,"template":"","format":"standard","meta":{"_monsterinsights_skip_tracking":false,"_monsterinsights_sitenote_active":false,"_monsterinsights_sitenote_note":"","_monsterinsights_sitenote_category":0,"jetpack_post_was_ever_published":false,"_jetpack_newsletter_access":"","_jetpack_dont_email_post_to_subs":false,"_jetpack_newsletter_tier_id":0,"_jetpack_memberships_contains_paywalled_content":false,"_jetpack_memberships_contains_paid_content":false,"footnotes":"","jetpack_publicize_message":"","jetpack_publicize_feature_enabled":true,"jetpack_social_post_already_shared":true,"jetpack_social_options":{"image_generator_settings":{"template":"highway","default_image_id":0,"font":"","enabled":false},"version":2},"_wpas_customize_per_network":false},"categories":[1],"tags":[13876,43,8748],"class_list":["post-82446","post","type-post","status-publish","format-standard","has-post-thumbnail","hentry","category-opinion","tag-cambio-climatico","tag-medio-ambiente","tag-opinion","generate-columns","tablet-grid-50","mobile-grid-100","grid-parent","grid-50"],"jetpack_publicize_connections":[],"jetpack_featured_media_url":"https:\/\/www.hoymercedes.com.ar\/principal\/wp-content\/uploads\/2018\/08\/09-cambioclimatico.jpg","wps_subtitle":"","jetpack_sharing_enabled":true,"_links":{"self":[{"href":"https:\/\/www.hoymercedes.com.ar\/principal\/wp-json\/wp\/v2\/posts\/82446","targetHints":{"allow":["GET"]}}],"collection":[{"href":"https:\/\/www.hoymercedes.com.ar\/principal\/wp-json\/wp\/v2\/posts"}],"about":[{"href":"https:\/\/www.hoymercedes.com.ar\/principal\/wp-json\/wp\/v2\/types\/post"}],"author":[{"embeddable":true,"href":"https:\/\/www.hoymercedes.com.ar\/principal\/wp-json\/wp\/v2\/users\/1"}],"replies":[{"embeddable":true,"href":"https:\/\/www.hoymercedes.com.ar\/principal\/wp-json\/wp\/v2\/comments?post=82446"}],"version-history":[{"count":0,"href":"https:\/\/www.hoymercedes.com.ar\/principal\/wp-json\/wp\/v2\/posts\/82446\/revisions"}],"wp:featuredmedia":[{"embeddable":true,"href":"https:\/\/www.hoymercedes.com.ar\/principal\/wp-json\/wp\/v2\/media\/79611"}],"wp:attachment":[{"href":"https:\/\/www.hoymercedes.com.ar\/principal\/wp-json\/wp\/v2\/media?parent=82446"}],"wp:term":[{"taxonomy":"category","embeddable":true,"href":"https:\/\/www.hoymercedes.com.ar\/principal\/wp-json\/wp\/v2\/categories?post=82446"},{"taxonomy":"post_tag","embeddable":true,"href":"https:\/\/www.hoymercedes.com.ar\/principal\/wp-json\/wp\/v2\/tags?post=82446"}],"curies":[{"name":"wp","href":"https:\/\/api.w.org\/{rel}","templated":true}]}}