{"id":82475,"date":"2018-10-14T10:59:05","date_gmt":"2018-10-14T13:59:05","guid":{"rendered":"http:\/\/www.hoymercedes.com.ar\/principal\/?p=82475"},"modified":"2018-10-14T10:06:23","modified_gmt":"2018-10-14T13:06:23","slug":"mas-de-cien-artistas-en-la-cuarta-edicion-de-arte-al-pasar","status":"publish","type":"post","link":"https:\/\/www.hoymercedes.com.ar\/principal\/2018\/10\/14\/mas-de-cien-artistas-en-la-cuarta-edicion-de-arte-al-pasar\/","title":{"rendered":"M\u00e1s de cien artistas en la cuarta edici\u00f3n de Arte al Pasar"},"content":{"rendered":"<p>Por TeCleArte &#8211; El venidero 24 de noviembre, los artistas convocados en la cuarta edici\u00f3n de Arte al Pasar estar\u00e1n exponiendo con pinturas, fotograf\u00edas, esculturas, m\u00fasica, teatro, dibujos, circo, danzas, entre otras disciplinas. En esta oportunidad, la exposici\u00f3n ser\u00e1 sobre la Avenida 29. Florencia Mallo, una de las organizadoras, ya sum\u00f3 m\u00e1s de cien artistas que estar\u00e1n esa fecha y contin\u00faa invitando a m\u00e1s interesados.<\/p>\n<figure id=\"attachment_60647\" aria-describedby=\"caption-attachment-60647\" style=\"width: 620px\" class=\"wp-caption aligncenter\"><img loading=\"lazy\" decoding=\"async\" data-attachment-id=\"60647\" data-permalink=\"https:\/\/www.hoymercedes.com.ar\/principal\/2017\/03\/14\/pasear-a-traves-del-arte-en-una-muestra-en-la-calle\/14-arte-al-pasar-2\/#main\" data-orig-file=\"https:\/\/www.hoymercedes.com.ar\/principal\/wp-content\/uploads\/2017\/03\/14-arte-al-pasar-2.jpg\" data-orig-size=\"630,420\" data-comments-opened=\"0\" data-image-meta=\"{&quot;aperture&quot;:&quot;4.5&quot;,&quot;credit&quot;:&quot;&quot;,&quot;camera&quot;:&quot;NIKON D3100&quot;,&quot;caption&quot;:&quot;&quot;,&quot;created_timestamp&quot;:&quot;1489269815&quot;,&quot;copyright&quot;:&quot;&quot;,&quot;focal_length&quot;:&quot;35&quot;,&quot;iso&quot;:&quot;3200&quot;,&quot;shutter_speed&quot;:&quot;0.016666666666667&quot;,&quot;title&quot;:&quot;&quot;,&quot;orientation&quot;:&quot;1&quot;}\" data-image-title=\"14 arte al pasar 2\" data-image-description=\"\" data-image-caption=\"\" data-large-file=\"https:\/\/www.hoymercedes.com.ar\/principal\/wp-content\/uploads\/2017\/03\/14-arte-al-pasar-2.jpg\" class=\"wp-image-60647 size-medium\" src=\"https:\/\/www.hoymercedes.com.ar\/principal\/wp-content\/uploads\/2017\/03\/14-arte-al-pasar-2-630x420.jpg\" alt=\"\" width=\"630\" height=\"420\" srcset=\"https:\/\/www.hoymercedes.com.ar\/principal\/wp-content\/uploads\/2017\/03\/14-arte-al-pasar-2.jpg 630w, https:\/\/www.hoymercedes.com.ar\/principal\/wp-content\/uploads\/2017\/03\/14-arte-al-pasar-2-150x100.jpg 150w, https:\/\/www.hoymercedes.com.ar\/principal\/wp-content\/uploads\/2017\/03\/14-arte-al-pasar-2-300x200.jpg 300w\" sizes=\"auto, (max-width: 630px) 100vw, 630px\" \/><figcaption id=\"caption-attachment-60647\" class=\"wp-caption-text\">Foto de Archivo<\/figcaption><\/figure>\n<p>De los primeros veinticinco que formaron parte de la primera edici\u00f3n de Arte al Pasar, all\u00e1 por<a href=\"https:\/\/www.hoymercedes.com.ar\/principal\/2017\/01\/23\/pasar-por-el-arte-con-pintores-fotografos-musicos-y-escritores\/\" target=\"_blank\" rel=\"noopener\"> enero de 2017<\/a>, en esta cuarta edici\u00f3n, a casi dos a\u00f1os, se esperan que sean m\u00e1s de cien los que est\u00e9n. De aquella primera edici\u00f3n t\u00edmida en donde pinturas y fotograf\u00edas se expon\u00edan sobre la calle 27 devenida en peatonal, el <a href=\"https:\/\/www.hoymercedes.com.ar\/principal\/2017\/03\/14\/pasear-a-traves-del-arte-en-una-muestra-en-la-calle\/\" target=\"_blank\" rel=\"noopener\">arte invadi\u00f3 la plaza<\/a> y en noviembre pr\u00f3ximo se trasladar\u00e1 a la Avenida 29. As\u00ed fue creciendo esa propuesta que busc\u00f3 sacar el arte a la calle en una noche de verano, luego de oto\u00f1o, ahora de primavera,<\/p>\n<p>Florencia Mallo con un peque\u00f1o grupo de artistas comenz\u00f3 a organizar este evento art\u00edstico que super\u00f3 altamente las expectativas. \u201cEl espacio de la calle 27 nos estaba quedando un poco reducido porque este a\u00f1o la convocatoria fue impresionante. Estar\u00e1n artistas de Mercedes, pero tambi\u00e9n de Chivilcoy, de Luj\u00e1n, de Capital, de Avellaneda, de Castelar, de Suipacha. Tratamos de incluir a todos los artistas. Queremos que el artista emergente, el que est\u00e1 comenzando pueda compartir con el que tiene m\u00e1s a\u00f1os de experiencia, son ellos los que m\u00e1s apoyan esta movida con gran humildad. Son ellos los que van proponiendo nuevas ideas\u201d, cont\u00f3 la arquitecta, artista pl\u00e1stica y fot\u00f3grafa.<\/p>\n<p>\u201cEste a\u00f1o Pablo Russo ser\u00e1 el que haga la curadur\u00eda. Ese mismo d\u00eda, con todas las obras de m\u00e1s de cien artistas, ser\u00e1 \u00e9l el que organice y disponga las obras sobre la Avenida 29. Ni \u00e9l ni nosotros sabemos qu\u00e9 obras traer\u00e1n los artistas. Es dif\u00edcil la tarea porque tenemos casi todas las disciplinas. Desde una puesta teatral para ni\u00f1os que organiza el Teatro Tal\u00eda, hasta una performance de circo y otra de danzas, adem\u00e1s de pinturas y dibujos de los talleres de ni\u00f1os de PIET hasta Mario Ortiz, un expositor de 91 a\u00f1os\u201d, adelant\u00f3 Florencia.<\/p>\n<p>Todas las edades, todas las disciplinas: Pinturas, grabados, esculturas, fotograf\u00edas, dibujos, escritores, teatristas, m\u00fasicos, danzas, circo. Algunos de ellos que ya confirmaron son: Marcela Cueto, Pablo Russo, Mar\u00eda Eugenia Scioli, Marina L\u00f3pez, Alberto Brunetti, AGPR fotos, Mariano Bermudez, Mar\u00eda Laura Mangoni, Walter Villa, Miguel Bustos Berrondo, Cristian Cascallares, Evelina Zunino, Ezequiel Dadea, Eliana Ramponi, Marcos Tabossi, Dar\u00edo Gonz\u00e1lez, Juan Meoniz, Carlos Gim\u00e9nez, Cesar Lalla, Pabl\u00edn Rodr\u00edguez, Solano P\u00e9rez, Pedro Santos Deluca, Lisi Moleres, muchos de ellos expusieron en las ediciones anteriores.<\/p>\n<p>Al igual que Camila Despalanques, Carmen Gioscio, Josefina Vivas, Claudio Kajtek Pietrykowski, el circo de Carolina Garc\u00eda y Astor Ciro Lonzarich, Ana Torres, Oscar Bossie, Daiana Dziurdzia, Ana Clara Ben\u00edtez, Pablo G\u00f3mez, Magali Robledo, Javier Fusco, Mario Alejandro Mu\u00f1oz, Chanel Peroncini Altamore, Mercedes C\u00f3rdoba, Dina Bataglia, Mario Ortiz, Gladys Ares, DelOeste Art Chivilcoy, Mar\u00eda Soledad Gusmerotti, la Escuela de Arte de Chivilcoy, de Lujan, Emiliano Miglioranza, Sergio Damian Codonelli, entre otros que todav\u00eda est\u00e1n confirmando.<\/p>\n<p>Sum\u00e1ndole la m\u00fasica de Sebasti\u00e1n Cirillo, Pata Simonet, Tocando Sue\u00f1os, un saxofonista de Chivilcoy, y la improvisaci\u00f3n de m\u00fasicos que quieran presentar sus creaciones all\u00ed.<\/p>\n<p>Tambi\u00e9n habr\u00e1 una feria de obras de artes locales y un puesto de venta de tortas a beneficio del Grupo scout San Vicente de Paul.<\/p>\n<p>Con la cantidad de personas que expondr\u00e1n el s\u00e1bado 24 de noviembre, se iniciar\u00e1n al final de la tarde. Datos que se concretar\u00e1n m\u00e1s cerca de la fecha.<\/p>\n","protected":false},"excerpt":{"rendered":"<p>Por TeCleArte &#8211; El venidero 24 de noviembre, los artistas convocados en la cuarta edici\u00f3n de Arte al Pasar estar\u00e1n &#8230; <a title=\"M\u00e1s de cien artistas en la cuarta edici\u00f3n de Arte al Pasar\" class=\"read-more\" href=\"https:\/\/www.hoymercedes.com.ar\/principal\/2018\/10\/14\/mas-de-cien-artistas-en-la-cuarta-edicion-de-arte-al-pasar\/\" aria-label=\"Leer m\u00e1s sobre M\u00e1s de cien artistas en la cuarta edici\u00f3n de Arte al Pasar\">Leer m\u00e1s<\/a><\/p>\n","protected":false},"author":1,"featured_media":82476,"comment_status":"closed","ping_status":"open","sticky":false,"template":"","format":"standard","meta":{"_monsterinsights_skip_tracking":false,"_monsterinsights_sitenote_active":false,"_monsterinsights_sitenote_note":"","_monsterinsights_sitenote_category":0,"jetpack_post_was_ever_published":false,"_jetpack_newsletter_access":"","_jetpack_dont_email_post_to_subs":false,"_jetpack_newsletter_tier_id":0,"_jetpack_memberships_contains_paywalled_content":false,"_jetpack_memberships_contains_paid_content":false,"footnotes":"","jetpack_publicize_message":"","jetpack_publicize_feature_enabled":true,"jetpack_social_post_already_shared":true,"jetpack_social_options":{"image_generator_settings":{"template":"highway","default_image_id":0,"font":"","enabled":false},"version":2},"_wpas_customize_per_network":false},"categories":[104],"tags":[10465,8890,13879,7805,12841,1034,8539,1180],"class_list":["post-82475","post","type-post","status-publish","format-standard","has-post-thumbnail","hentry","category-cultura","tag-arte-al-pasar","tag-artes-plasticas","tag-cuarta-edicion","tag-cultura","tag-danzas","tag-fotografia","tag-musica","tag-teatro","generate-columns","tablet-grid-50","mobile-grid-100","grid-parent","grid-50"],"jetpack_publicize_connections":[],"jetpack_featured_media_url":"https:\/\/www.hoymercedes.com.ar\/principal\/wp-content\/uploads\/2018\/10\/14-arte-al-pasar.jpg","wps_subtitle":"Para ir agendando","jetpack_sharing_enabled":true,"_links":{"self":[{"href":"https:\/\/www.hoymercedes.com.ar\/principal\/wp-json\/wp\/v2\/posts\/82475","targetHints":{"allow":["GET"]}}],"collection":[{"href":"https:\/\/www.hoymercedes.com.ar\/principal\/wp-json\/wp\/v2\/posts"}],"about":[{"href":"https:\/\/www.hoymercedes.com.ar\/principal\/wp-json\/wp\/v2\/types\/post"}],"author":[{"embeddable":true,"href":"https:\/\/www.hoymercedes.com.ar\/principal\/wp-json\/wp\/v2\/users\/1"}],"replies":[{"embeddable":true,"href":"https:\/\/www.hoymercedes.com.ar\/principal\/wp-json\/wp\/v2\/comments?post=82475"}],"version-history":[{"count":0,"href":"https:\/\/www.hoymercedes.com.ar\/principal\/wp-json\/wp\/v2\/posts\/82475\/revisions"}],"wp:featuredmedia":[{"embeddable":true,"href":"https:\/\/www.hoymercedes.com.ar\/principal\/wp-json\/wp\/v2\/media\/82476"}],"wp:attachment":[{"href":"https:\/\/www.hoymercedes.com.ar\/principal\/wp-json\/wp\/v2\/media?parent=82475"}],"wp:term":[{"taxonomy":"category","embeddable":true,"href":"https:\/\/www.hoymercedes.com.ar\/principal\/wp-json\/wp\/v2\/categories?post=82475"},{"taxonomy":"post_tag","embeddable":true,"href":"https:\/\/www.hoymercedes.com.ar\/principal\/wp-json\/wp\/v2\/tags?post=82475"}],"curies":[{"name":"wp","href":"https:\/\/api.w.org\/{rel}","templated":true}]}}