{"id":82480,"date":"2018-10-14T13:55:37","date_gmt":"2018-10-14T16:55:37","guid":{"rendered":"http:\/\/www.hoymercedes.com.ar\/principal\/?p=82480"},"modified":"2018-10-14T13:55:37","modified_gmt":"2018-10-14T16:55:37","slug":"el-jurado-y-la-dificil-tarea-de-testear-y-elegir-la-cerveza-del-ano","status":"publish","type":"post","link":"https:\/\/www.hoymercedes.com.ar\/principal\/2018\/10\/14\/el-jurado-y-la-dificil-tarea-de-testear-y-elegir-la-cerveza-del-ano\/","title":{"rendered":"El jurado y la dif\u00edcil tarea de testear y elegir la cerveza del a\u00f1o"},"content":{"rendered":"<figure id=\"attachment_82481\" aria-describedby=\"caption-attachment-82481\" style=\"width: 620px\" class=\"wp-caption aligncenter\"><img loading=\"lazy\" decoding=\"async\" data-attachment-id=\"82481\" data-permalink=\"https:\/\/www.hoymercedes.com.ar\/principal\/2018\/10\/14\/el-jurado-y-la-dificil-tarea-de-testear-y-elegir-la-cerveza-del-ano\/jurado\/#main\" data-orig-file=\"https:\/\/www.hoymercedes.com.ar\/principal\/wp-content\/uploads\/2018\/10\/jurado.jpg\" data-orig-size=\"938,626\" data-comments-opened=\"0\" data-image-meta=\"{&quot;aperture&quot;:&quot;0&quot;,&quot;credit&quot;:&quot;&quot;,&quot;camera&quot;:&quot;&quot;,&quot;caption&quot;:&quot;&quot;,&quot;created_timestamp&quot;:&quot;0&quot;,&quot;copyright&quot;:&quot;&quot;,&quot;focal_length&quot;:&quot;0&quot;,&quot;iso&quot;:&quot;0&quot;,&quot;shutter_speed&quot;:&quot;0&quot;,&quot;title&quot;:&quot;&quot;,&quot;orientation&quot;:&quot;0&quot;}\" data-image-title=\"jurado\" data-image-description=\"\" data-image-caption=\"&lt;p&gt;Jurado&lt;\/p&gt;\n\" data-large-file=\"https:\/\/www.hoymercedes.com.ar\/principal\/wp-content\/uploads\/2018\/10\/jurado.jpg\" class=\"size-medium wp-image-82481\" src=\"https:\/\/www.hoymercedes.com.ar\/principal\/wp-content\/uploads\/2018\/10\/jurado-630x420.jpg\" alt=\"\" width=\"630\" height=\"420\" srcset=\"https:\/\/www.hoymercedes.com.ar\/principal\/wp-content\/uploads\/2018\/10\/jurado-630x420.jpg 630w, https:\/\/www.hoymercedes.com.ar\/principal\/wp-content\/uploads\/2018\/10\/jurado-150x100.jpg 150w, https:\/\/www.hoymercedes.com.ar\/principal\/wp-content\/uploads\/2018\/10\/jurado.jpg 938w\" sizes=\"auto, (max-width: 630px) 100vw, 630px\" \/><figcaption id=\"caption-attachment-82481\" class=\"wp-caption-text\">Jurado<\/figcaption><\/figure>\n<p>Este a\u00f1o se eligi\u00f3 la cerveza con mejor sabor, la elegida del primer festival. Para ello se convocaron especialistas provenientes de Luj\u00e1n y Estados Unidos. Ellos tuvieron la dif\u00edcil tarea.<\/p>\n<p>Ryan Malone desde Estados Unidos y Pablo Mileo fueron los jurados de la primera edici\u00f3n, un trabajo que como ellos dicen \u201ces el mejor del mundo\u201d y que tuvieron no la mejor tarea de elegir la mejor cerveza del a\u00f1o, aunque aclaran que \u201ces algo subjetivo, todas son muy buenas\u201d.<\/p>\n<p>Contaron que a la hora de elegir miran varios detalles, como \u201cel color, el sabor, el aroma, seg\u00fan el tipo como viene presentada\u201d y destacaron que \u201cNo buscamos la formalidad de la mejor cerveza, porque nos gusta dar una devoluci\u00f3n sobre qu\u00e9 cosas se pueden mejorar, pero no decir es la mejor, apostamos a colaborar\u201d, cont\u00f3 Pablo ante las c\u00e1maras.<\/p>\n<p>M\u00e1s adelante comentaron que \u201cbuscamos que seg\u00fan el tipo de cerveza se tenga el gusto correspondiente, por ejemplo si es dulce, acaramelada, amarga, que se represente correctamente lo que propone\u201d,<\/p>\n<p>Por su parte Ryan sostuvo que \u201cha crecido mucho la cultura de cerveza artesanal, pero sigue siendo muy nueva, hay mucho por seguir trabajando, pero se nota muy buena calidad\u201d, y destac\u00f3 que \u201cvemos tambi\u00e9n que venga bien presentada, cuando reci\u00e9n arranc\u00f3 se pon\u00eda en cart\u00f3n \u2013 ejemplific\u00f3- y eso no es bueno, le da un sabor que no corresponde, pero ahora eso no se hace, mejor\u00f3 mucho\u201d sostuvo en t\u00e9rminos generales y apelando a su experiencia.<\/p>\n<p>Tambi\u00e9n contaron que para distinguir una buena cerveza se podr\u00edan decir \u201cEs muy dif\u00edcil saber cu\u00e1l es una buena cerveza, porque es muy subjetivo, a algunos les gusta el sabor a trigo, a otros amargo, hay quienes dulces, as\u00ed que la calidad viene con saber qu\u00e9 nos gusta a cada uno\u201d dijo Rayn contando tambi\u00e9n que en Estados Unidos es algo que se ha expandido, pero que depende mucho del contexto donde se produce. Por su parte Pablo coment\u00f3 que \u201cEEUU tiene muchos a\u00f1os de desarrollo, con un mercado muy grande, ac\u00e1 reci\u00e9n se est\u00e1 empezando a desarollar, por eso reci\u00e9n ahora los paladares se est\u00e1n educando, como el vino, cuando yo era chico era blanco o tinto, ahora hay una gran variedad, m\u00e1s uvas, distintas producciones, algo similar con la cerveza, donde se ven los cambios y las mejoras en lo artesanal, donde ya no hay rubia, negra o roja, sino que hay Apa, Ipa, scottish y m\u00e1s\u201d coment\u00f3 y dijo que \u201cdentro de lo que te gusta, el paladar ir\u00e1 diciendo qu\u00e9 nos gusta m\u00e1s\u201d, entre otros conceptos.<\/p>\n<p>Por \u00faltimo tanto Ryan como Pablo coincidieron que la \u201ccerveza industrial no hay de que demonizarla, pero si es muy distinto, se diferencia en el proceso, hay que saber qu\u00e9 cerveza es en cada momento, no es lo mismo una fiesta como la de hoy o una playa\u201d y Rayan destac\u00f3 que \u201cuna es por ganancia, la otra por placer en su producci\u00f3n\u201d.<\/p>\n","protected":false},"excerpt":{"rendered":"<p>Este a\u00f1o se eligi\u00f3 la cerveza con mejor sabor, la elegida del primer festival. Para ello se convocaron especialistas provenientes &#8230; <a title=\"El jurado y la dif\u00edcil tarea de testear y elegir la cerveza del a\u00f1o\" class=\"read-more\" href=\"https:\/\/www.hoymercedes.com.ar\/principal\/2018\/10\/14\/el-jurado-y-la-dificil-tarea-de-testear-y-elegir-la-cerveza-del-ano\/\" aria-label=\"Leer m\u00e1s sobre El jurado y la dif\u00edcil tarea de testear y elegir la cerveza del a\u00f1o\">Leer m\u00e1s<\/a><\/p>\n","protected":false},"author":1,"featured_media":82481,"comment_status":"closed","ping_status":"open","sticky":false,"template":"","format":"standard","meta":{"_monsterinsights_skip_tracking":false,"_monsterinsights_sitenote_active":false,"_monsterinsights_sitenote_note":"","_monsterinsights_sitenote_category":0,"jetpack_post_was_ever_published":false,"_jetpack_newsletter_access":"","_jetpack_dont_email_post_to_subs":false,"_jetpack_newsletter_tier_id":0,"_jetpack_memberships_contains_paywalled_content":false,"_jetpack_memberships_contains_paid_content":false,"footnotes":"","jetpack_publicize_message":"","jetpack_publicize_feature_enabled":true,"jetpack_social_post_already_shared":true,"jetpack_social_options":{"image_generator_settings":{"template":"highway","default_image_id":0,"font":"","enabled":false},"version":2},"_wpas_customize_per_network":false},"categories":[30],"tags":[13881],"class_list":["post-82480","post","type-post","status-publish","format-standard","has-post-thumbnail","hentry","category-municipio","tag-festival-cerveceros-mercedinos","generate-columns","tablet-grid-50","mobile-grid-100","grid-parent","grid-50"],"jetpack_publicize_connections":[],"jetpack_featured_media_url":"https:\/\/www.hoymercedes.com.ar\/principal\/wp-content\/uploads\/2018\/10\/jurado.jpg","wps_subtitle":"Festival Cerveceros Mercedinos","jetpack_sharing_enabled":true,"_links":{"self":[{"href":"https:\/\/www.hoymercedes.com.ar\/principal\/wp-json\/wp\/v2\/posts\/82480","targetHints":{"allow":["GET"]}}],"collection":[{"href":"https:\/\/www.hoymercedes.com.ar\/principal\/wp-json\/wp\/v2\/posts"}],"about":[{"href":"https:\/\/www.hoymercedes.com.ar\/principal\/wp-json\/wp\/v2\/types\/post"}],"author":[{"embeddable":true,"href":"https:\/\/www.hoymercedes.com.ar\/principal\/wp-json\/wp\/v2\/users\/1"}],"replies":[{"embeddable":true,"href":"https:\/\/www.hoymercedes.com.ar\/principal\/wp-json\/wp\/v2\/comments?post=82480"}],"version-history":[{"count":0,"href":"https:\/\/www.hoymercedes.com.ar\/principal\/wp-json\/wp\/v2\/posts\/82480\/revisions"}],"wp:featuredmedia":[{"embeddable":true,"href":"https:\/\/www.hoymercedes.com.ar\/principal\/wp-json\/wp\/v2\/media\/82481"}],"wp:attachment":[{"href":"https:\/\/www.hoymercedes.com.ar\/principal\/wp-json\/wp\/v2\/media?parent=82480"}],"wp:term":[{"taxonomy":"category","embeddable":true,"href":"https:\/\/www.hoymercedes.com.ar\/principal\/wp-json\/wp\/v2\/categories?post=82480"},{"taxonomy":"post_tag","embeddable":true,"href":"https:\/\/www.hoymercedes.com.ar\/principal\/wp-json\/wp\/v2\/tags?post=82480"}],"curies":[{"name":"wp","href":"https:\/\/api.w.org\/{rel}","templated":true}]}}