{"id":82503,"date":"2018-10-15T07:47:38","date_gmt":"2018-10-15T10:47:38","guid":{"rendered":"http:\/\/www.hoymercedes.com.ar\/principal\/?p=82503"},"modified":"2018-10-15T10:53:04","modified_gmt":"2018-10-15T13:53:04","slug":"ciclo-de-charlas-organizado-por-la-asamblea-mercedina-por-la-agroecologia-3","status":"publish","type":"post","link":"https:\/\/www.hoymercedes.com.ar\/principal\/2018\/10\/15\/ciclo-de-charlas-organizado-por-la-asamblea-mercedina-por-la-agroecologia-3\/","title":{"rendered":"Ciclo de charlas organizado por la Asamblea Mercedina por la Agroecolog\u00eda"},"content":{"rendered":"<p>Contin\u00faa el Ciclo de Charlas-debate\u00a0\u201c\u00bfDe qu\u00e9 hablamos cuando hablamos de agroecolog\u00eda?\u201d\u00a0organizado por la\u00a0Asamblea Mercedina por la Agroecolog\u00eda (AMA). El tercer encuentro del ciclo se realizar\u00e1 el\u00a0viernes 19 de octubre a las 19 hs. en el Sal\u00f3n del Concejo Deliberante de Mercedes.<\/p>\n<p>Esta vez, el encuentro apunta a indagar en la noci\u00f3n de \u201cSoberan\u00eda Alimentaria\u201d, concepto te\u00f3rico y consigna pol\u00edtica a la vez, utilizado como s\u00edntesis de la lucha por la agroecolog\u00eda y contra la mercantilizaci\u00f3n de la vida y de la naturaleza. Participaran del panel\u00a0Fernando Cabaleiro, abogado miembro del colectivo\u00a0Naturaleza de Derechos, y\u00a0Ver\u00f3nica Rossi, docente integrante de la C\u00e1tedra Libre de Soberan\u00eda Alimentaria de la\u00a0Universidad Nacional de Lujan.<\/p>\n<p>El ciclo de charlas-debate viene desarroll\u00e1ndose en el marco de distintas actividades promovidas por la AMA, y en paralelo al Ciclo de Cine cr\u00edtico \u201cLo que el agronegocio se llev\u00f3\u201d. Con la participaci\u00f3n de profesionales, trabajadores, artistas, estudiantes y productores, la AMA apunta a promover otra forma de pensar y realizar la producci\u00f3n de bienes y alimentos, fomentando debates, alentando la participaci\u00f3n ciudadana, y proponiendo alternativas al actual modelo productivo basado en monocultivos, agroqu\u00edmicos y despoblamiento rural.<\/p>\n","protected":false},"excerpt":{"rendered":"<p>Contin\u00faa el Ciclo de Charlas-debate\u00a0\u201c\u00bfDe qu\u00e9 hablamos cuando hablamos de agroecolog\u00eda?\u201d\u00a0organizado por la\u00a0Asamblea Mercedina por la Agroecolog\u00eda (AMA). El tercer &#8230; <a title=\"Ciclo de charlas organizado por la Asamblea Mercedina por la Agroecolog\u00eda\" class=\"read-more\" href=\"https:\/\/www.hoymercedes.com.ar\/principal\/2018\/10\/15\/ciclo-de-charlas-organizado-por-la-asamblea-mercedina-por-la-agroecologia-3\/\" aria-label=\"Leer m\u00e1s sobre Ciclo de charlas organizado por la Asamblea Mercedina por la Agroecolog\u00eda\">Leer m\u00e1s<\/a><\/p>\n","protected":false},"author":1,"featured_media":82504,"comment_status":"closed","ping_status":"open","sticky":false,"template":"","format":"standard","meta":{"_monsterinsights_skip_tracking":false,"_monsterinsights_sitenote_active":false,"_monsterinsights_sitenote_note":"","_monsterinsights_sitenote_category":0,"jetpack_post_was_ever_published":false,"_jetpack_newsletter_access":"","_jetpack_dont_email_post_to_subs":false,"_jetpack_newsletter_tier_id":0,"_jetpack_memberships_contains_paywalled_content":false,"_jetpack_memberships_contains_paid_content":false,"footnotes":"","jetpack_publicize_message":"","jetpack_publicize_feature_enabled":true,"jetpack_social_post_already_shared":true,"jetpack_social_options":{"image_generator_settings":{"template":"highway","default_image_id":0,"font":"","enabled":false},"version":2},"_wpas_customize_per_network":false},"categories":[8],"tags":[9947,13642,7802],"class_list":["post-82503","post","type-post","status-publish","format-standard","has-post-thumbnail","hentry","category-sociedad","tag-agroecologia","tag-asamblea-mercedina-por-la-agroecologia","tag-sociedad","generate-columns","tablet-grid-50","mobile-grid-100","grid-parent","grid-50"],"jetpack_publicize_connections":[],"jetpack_featured_media_url":"https:\/\/www.hoymercedes.com.ar\/principal\/wp-content\/uploads\/2018\/10\/15-asam-agro.jpg","wps_subtitle":"El pr\u00f3ximo 19","jetpack_sharing_enabled":true,"_links":{"self":[{"href":"https:\/\/www.hoymercedes.com.ar\/principal\/wp-json\/wp\/v2\/posts\/82503","targetHints":{"allow":["GET"]}}],"collection":[{"href":"https:\/\/www.hoymercedes.com.ar\/principal\/wp-json\/wp\/v2\/posts"}],"about":[{"href":"https:\/\/www.hoymercedes.com.ar\/principal\/wp-json\/wp\/v2\/types\/post"}],"author":[{"embeddable":true,"href":"https:\/\/www.hoymercedes.com.ar\/principal\/wp-json\/wp\/v2\/users\/1"}],"replies":[{"embeddable":true,"href":"https:\/\/www.hoymercedes.com.ar\/principal\/wp-json\/wp\/v2\/comments?post=82503"}],"version-history":[{"count":0,"href":"https:\/\/www.hoymercedes.com.ar\/principal\/wp-json\/wp\/v2\/posts\/82503\/revisions"}],"wp:featuredmedia":[{"embeddable":true,"href":"https:\/\/www.hoymercedes.com.ar\/principal\/wp-json\/wp\/v2\/media\/82504"}],"wp:attachment":[{"href":"https:\/\/www.hoymercedes.com.ar\/principal\/wp-json\/wp\/v2\/media?parent=82503"}],"wp:term":[{"taxonomy":"category","embeddable":true,"href":"https:\/\/www.hoymercedes.com.ar\/principal\/wp-json\/wp\/v2\/categories?post=82503"},{"taxonomy":"post_tag","embeddable":true,"href":"https:\/\/www.hoymercedes.com.ar\/principal\/wp-json\/wp\/v2\/tags?post=82503"}],"curies":[{"name":"wp","href":"https:\/\/api.w.org\/{rel}","templated":true}]}}