{"id":82508,"date":"2018-10-15T12:15:38","date_gmt":"2018-10-15T15:15:38","guid":{"rendered":"http:\/\/www.hoymercedes.com.ar\/principal\/?p=82508"},"modified":"2018-10-15T11:39:53","modified_gmt":"2018-10-15T14:39:53","slug":"recordatorio-carlos-martin-gatica-3","status":"publish","type":"post","link":"https:\/\/www.hoymercedes.com.ar\/principal\/2018\/10\/15\/recordatorio-carlos-martin-gatica-3\/","title":{"rendered":"Recordatorio: Carlos Mart\u00edn Gatica"},"content":{"rendered":"<p><img loading=\"lazy\" decoding=\"async\" data-attachment-id=\"55788\" data-permalink=\"https:\/\/www.hoymercedes.com.ar\/principal\/2016\/10\/15\/recordatorio-carlos-martin-gatica\/15-carlos-gatica\/#main\" data-orig-file=\"https:\/\/www.hoymercedes.com.ar\/principal\/wp-content\/uploads\/2016\/10\/15-Carlos-Gatica.jpg\" data-orig-size=\"336,354\" data-comments-opened=\"1\" data-image-meta=\"{&quot;aperture&quot;:&quot;0&quot;,&quot;credit&quot;:&quot;&quot;,&quot;camera&quot;:&quot;&quot;,&quot;caption&quot;:&quot;&quot;,&quot;created_timestamp&quot;:&quot;0&quot;,&quot;copyright&quot;:&quot;&quot;,&quot;focal_length&quot;:&quot;0&quot;,&quot;iso&quot;:&quot;0&quot;,&quot;shutter_speed&quot;:&quot;0&quot;,&quot;title&quot;:&quot;&quot;,&quot;orientation&quot;:&quot;0&quot;}\" data-image-title=\"15-carlos-gatica\" data-image-description=\"\" data-image-caption=\"\" data-large-file=\"https:\/\/www.hoymercedes.com.ar\/principal\/wp-content\/uploads\/2016\/10\/15-Carlos-Gatica.jpg\" class=\"aligncenter size-full wp-image-55788\" src=\"https:\/\/www.hoymercedes.com.ar\/principal\/wp-content\/uploads\/2016\/10\/15-Carlos-Gatica.jpg\" alt=\"\" width=\"336\" height=\"354\" srcset=\"https:\/\/www.hoymercedes.com.ar\/principal\/wp-content\/uploads\/2016\/10\/15-Carlos-Gatica.jpg 336w, https:\/\/www.hoymercedes.com.ar\/principal\/wp-content\/uploads\/2016\/10\/15-Carlos-Gatica-142x150.jpg 142w\" sizes=\"auto, (max-width: 336px) 100vw, 336px\" \/><\/p>\n<p style=\"text-align: center;\">CARLOS MART\u00cdN GATICA<\/p>\n<p style=\"text-align: center;\">A 42 a\u00f1os de su desaparici\u00f3n el 15-10-1976<\/p>\n<p style=\"text-align: center;\">a los 24 a\u00f1os de edad<\/p>\n<p style=\"text-align: center;\">\n<p>Carlos Mart\u00edn Gatica,\u00a0 Detenido- Desaparecido \u00a0el 15 de Octubre de 1976, v\u00edctima de la violencia represiva que llev\u00f3 a cabo la \u00faltima \u201cdictadura c\u00edvico \u2013 militar\u201d en la Argentina.<\/p>\n<p>Quienes te conocieron, guardan en la memoria el vivo recuerdo de ese pibe humilde y apasionado por el f\u00fatbol, que sell\u00f3 su identidad pol\u00edtica el peronismo, iniciando su activismo militante en la JP, en su propio escenario, con su misma gente, con los mismos problemas y las mismas necesidades comunes de las familias trabajadoras del Barrio de La Trocha y que con el tiempo decidi\u00f3 crecer pol\u00edticamente, para convertirse en ese compa\u00f1ero solidario, luchador y comprometido con el destino de su pa\u00eds, que desafiando riesgos pol\u00edticos, supo jugarse a conciencia y con lealtad inquebrantable por una causa justa y revolucionaria.<\/p>\n<p>A un nuevo aniversario de su desaparici\u00f3n, por \u00e9l y por los 30.000 compa\u00f1eros detenidos-desaparecidos y asesinados decimos \u00a1PRESENTE! No olvidamos, sostenemos la memoria, reclamamos la verdad, luchamos contra la impunidad y exigimos juicio y castigo a todos los culpables.<\/p>\n<p style=\"text-align: center;\">\n<p style=\"text-align: center;\">Memoria, Verdad y Justicia<\/p>\n<p style=\"text-align: center;\">Comisi\u00f3n Municipal por la Memoria de Mercedes<\/p>\n","protected":false},"excerpt":{"rendered":"<p>CARLOS MART\u00cdN GATICA A 42 a\u00f1os de su desaparici\u00f3n el 15-10-1976 a los 24 a\u00f1os de edad Carlos Mart\u00edn Gatica,\u00a0 &#8230; <a title=\"Recordatorio: Carlos Mart\u00edn Gatica\" class=\"read-more\" href=\"https:\/\/www.hoymercedes.com.ar\/principal\/2018\/10\/15\/recordatorio-carlos-martin-gatica-3\/\" aria-label=\"Leer m\u00e1s sobre Recordatorio: Carlos Mart\u00edn Gatica\">Leer m\u00e1s<\/a><\/p>\n","protected":false},"author":1,"featured_media":55788,"comment_status":"closed","ping_status":"open","sticky":false,"template":"","format":"standard","meta":{"_monsterinsights_skip_tracking":false,"_monsterinsights_sitenote_active":false,"_monsterinsights_sitenote_note":"","_monsterinsights_sitenote_category":0,"jetpack_post_was_ever_published":false,"_jetpack_newsletter_access":"","_jetpack_dont_email_post_to_subs":false,"_jetpack_newsletter_tier_id":0,"_jetpack_memberships_contains_paywalled_content":false,"_jetpack_memberships_contains_paid_content":false,"footnotes":"","jetpack_publicize_message":"","jetpack_publicize_feature_enabled":true,"jetpack_social_post_already_shared":true,"jetpack_social_options":{"image_generator_settings":{"template":"highway","default_image_id":0,"font":"","enabled":false},"version":2},"_wpas_customize_per_network":false},"categories":[8],"tags":[10337],"class_list":["post-82508","post","type-post","status-publish","format-standard","has-post-thumbnail","hentry","category-sociedad","tag-memoria-verdad-y-justicia","generate-columns","tablet-grid-50","mobile-grid-100","grid-parent","grid-50"],"jetpack_publicize_connections":[],"jetpack_featured_media_url":"https:\/\/www.hoymercedes.com.ar\/principal\/wp-content\/uploads\/2016\/10\/15-Carlos-Gatica.jpg","wps_subtitle":"","jetpack_sharing_enabled":true,"_links":{"self":[{"href":"https:\/\/www.hoymercedes.com.ar\/principal\/wp-json\/wp\/v2\/posts\/82508","targetHints":{"allow":["GET"]}}],"collection":[{"href":"https:\/\/www.hoymercedes.com.ar\/principal\/wp-json\/wp\/v2\/posts"}],"about":[{"href":"https:\/\/www.hoymercedes.com.ar\/principal\/wp-json\/wp\/v2\/types\/post"}],"author":[{"embeddable":true,"href":"https:\/\/www.hoymercedes.com.ar\/principal\/wp-json\/wp\/v2\/users\/1"}],"replies":[{"embeddable":true,"href":"https:\/\/www.hoymercedes.com.ar\/principal\/wp-json\/wp\/v2\/comments?post=82508"}],"version-history":[{"count":0,"href":"https:\/\/www.hoymercedes.com.ar\/principal\/wp-json\/wp\/v2\/posts\/82508\/revisions"}],"wp:featuredmedia":[{"embeddable":true,"href":"https:\/\/www.hoymercedes.com.ar\/principal\/wp-json\/wp\/v2\/media\/55788"}],"wp:attachment":[{"href":"https:\/\/www.hoymercedes.com.ar\/principal\/wp-json\/wp\/v2\/media?parent=82508"}],"wp:term":[{"taxonomy":"category","embeddable":true,"href":"https:\/\/www.hoymercedes.com.ar\/principal\/wp-json\/wp\/v2\/categories?post=82508"},{"taxonomy":"post_tag","embeddable":true,"href":"https:\/\/www.hoymercedes.com.ar\/principal\/wp-json\/wp\/v2\/tags?post=82508"}],"curies":[{"name":"wp","href":"https:\/\/api.w.org\/{rel}","templated":true}]}}