{"id":82511,"date":"2018-10-15T15:32:24","date_gmt":"2018-10-15T18:32:24","guid":{"rendered":"http:\/\/www.hoymercedes.com.ar\/principal\/?p=82511"},"modified":"2018-10-15T15:32:24","modified_gmt":"2018-10-15T18:32:24","slug":"cerveceros-expresaron-su-alegria-y-sorpresa-por-la-gran-cantidad-de-publico","status":"publish","type":"post","link":"https:\/\/www.hoymercedes.com.ar\/principal\/2018\/10\/15\/cerveceros-expresaron-su-alegria-y-sorpresa-por-la-gran-cantidad-de-publico\/","title":{"rendered":"Cerveceros expresaron su alegr\u00eda y sorpresa por la gran cantidad de p\u00fablico"},"content":{"rendered":"<p><img loading=\"lazy\" decoding=\"async\" data-attachment-id=\"82512\" data-permalink=\"https:\/\/www.hoymercedes.com.ar\/principal\/2018\/10\/15\/cerveceros-expresaron-su-alegria-y-sorpresa-por-la-gran-cantidad-de-publico\/cerveceros-viejos034\/#main\" data-orig-file=\"https:\/\/www.hoymercedes.com.ar\/principal\/wp-content\/uploads\/2018\/10\/cerveceros-viejos034.jpg\" data-orig-size=\"1200,801\" data-comments-opened=\"0\" data-image-meta=\"{&quot;aperture&quot;:&quot;10&quot;,&quot;credit&quot;:&quot;&quot;,&quot;camera&quot;:&quot;NIKON D5500&quot;,&quot;caption&quot;:&quot;&quot;,&quot;created_timestamp&quot;:&quot;1539446059&quot;,&quot;copyright&quot;:&quot;&quot;,&quot;focal_length&quot;:&quot;55&quot;,&quot;iso&quot;:&quot;200&quot;,&quot;shutter_speed&quot;:&quot;0.0025&quot;,&quot;title&quot;:&quot;&quot;,&quot;orientation&quot;:&quot;0&quot;}\" data-image-title=\"cerveceros-viejos034\" data-image-description=\"\" data-image-caption=\"\" data-large-file=\"https:\/\/www.hoymercedes.com.ar\/principal\/wp-content\/uploads\/2018\/10\/cerveceros-viejos034-1024x684.jpg\" class=\"aligncenter size-medium wp-image-82512\" src=\"https:\/\/www.hoymercedes.com.ar\/principal\/wp-content\/uploads\/2018\/10\/cerveceros-viejos034-630x421.jpg\" alt=\"\" width=\"630\" height=\"421\" srcset=\"https:\/\/www.hoymercedes.com.ar\/principal\/wp-content\/uploads\/2018\/10\/cerveceros-viejos034-630x421.jpg 630w, https:\/\/www.hoymercedes.com.ar\/principal\/wp-content\/uploads\/2018\/10\/cerveceros-viejos034-150x100.jpg 150w, https:\/\/www.hoymercedes.com.ar\/principal\/wp-content\/uploads\/2018\/10\/cerveceros-viejos034-1024x684.jpg 1024w, https:\/\/www.hoymercedes.com.ar\/principal\/wp-content\/uploads\/2018\/10\/cerveceros-viejos034.jpg 1200w\" sizes=\"auto, (max-width: 630px) 100vw, 630px\" \/><\/p>\n<p>En el Festival de Cerveceros Mercedinos hubo presencia de los principales cerveceros locales y tambi\u00e9n los denominados Home Drew, que son los m\u00e1s peque\u00f1os en cantidad de producci\u00f3n. Algunos de ellos, tras la fiesta, contaron c\u00f3mo lo vivieron y sintieron a este primer festival.<\/p>\n<p style=\"font-weight: 400;\"><strong>En Primera Persona<\/strong><\/p>\n<p style=\"font-weight: 400;\">Franz de Cervecer\u00eda Scheitler, expres\u00f3 que \u201cesper\u00e1bamos buena afluencia de p\u00fablico, pero la verdad nos desbord\u00f3, estamos muy bien organizados, nada que subsanar, sali\u00f3 todo perfecto, un real fiest\u00f3n y este domingo rebals\u00f3 el parque municipal, espectacular la fiesta, el ambiente, las bandas, la comida, la seguridad, la limpieza, una fiesta \u00fanica, hace much\u00edsimos a\u00f1os que no ve\u00eda algo as\u00ed\u201d dijo y mencion\u00f3 que \u201cdebo felicitar al municipio de Mercedes, a todo el p\u00fablico, muchas gracias por este apoyo\u201d y reafirm\u00f3 \u201cpude cumplir un sue\u00f1o y vamos por muchos m\u00e1s. Esta fiesta la viv\u00eds distinta, es tuya, no es comercial, es un sue\u00f1o realizado, lo vimos con otros ojos, uno va a muchas fiestas con sentido comercial, est\u00e1 la viv\u00ed desde el coraz\u00f3n\u201d<\/p>\n<p style=\"font-weight: 400;\">Andy de Cervecer\u00eda Bretonia, sostuvo que \u201cencontramos una gran aceptaci\u00f3n del p\u00fablico, con el predio, con una convocatoria impresionante. La gente se reprendi\u00f3 a este festival, a la vera del R\u00edo, estando todos muy contentos por c\u00f3mo qued\u00f3 el parque y la puesta del festival en s\u00ed, los puestos, la gastronom\u00eda, las bandas, ha sido impecable, una gran fiesta\u201d dijo y mencion\u00f3 que para el a\u00f1o que viene \u201cnos llueven las ideas y eso pasa cuando encontrar respuestas del otro lado, con un Municipio que trabaj\u00f3 mucho y nos dan ganas de apostar m\u00e1s, hacer cosas creativas, todos nosotros vamos a poner algo m\u00e1s\u201d \u00a0y sostuvo que \u201cla gente busca algo variado, lo que m\u00e1s buscan es saber, conocer, esperan le contemos de donde vienen los estilos\u201d<\/p>\n<p style=\"font-weight: 400;\">Francisco de El Tri\u00e1ngulo coment\u00f3 que \u201cel s\u00e1bado fue incre\u00edble y el domingo impresionante, colm\u00f3 todas las expectativas, de nosotros y creo del municipio tambi\u00e9n, estamos muy agradecidos por todo el apoyo, desde la intendente donde trabajamos codo a codo en equipo\u201d y remarc\u00f3 que \u201cpensamos en una segunda, el s\u00e1bado despu\u00e9s de la gran aceptaci\u00f3n se nos plante\u00f3 en la cabeza encarar una segunda fiesta, tenemos que ver con el municipio\u201d y narr\u00f3 que \u201cse acerca mucha gente, de todos lados\u201d.<\/p>\n<p style=\"font-weight: 400;\">Mart\u00edn de Luperca coment\u00f3 que \u201chacemos un balance muy positivo, estuvo genial, la gente nos acompa\u00f1\u00f3 much\u00edsimo, al igual que los d\u00edas, fue excepcional, el s\u00e1bado nos quedamos sin cerveza y el s\u00e1bado trajimos 1800 litros para que no nos falte\u201d narr\u00f3 y sostuvo que \u201cpensamos en seguir adelante y tratar de que la pr\u00f3xima sea pronto\u201d.<\/p>\n<p style=\"font-weight: 400;\">Arturo de Cervecer\u00eda 6600 narr\u00f3 que \u201cestuvo muy bueno el festival, fue un \u00e9xito rotundo apostar a esto, un pleno directo\u201d y mencion\u00f3 que \u201cpara el a\u00f1o que viene tenemos que sumar m\u00e1s cervecer\u00edas de la ciudad que quieran apostar a esto\u201d sin olvidar que \u201cla gente vino de todos lados, de Capital, Gran Buenos Aires, desde el lado de Chivilcoy, desde todos lados, impresionante, no me esperaba tanta gente\u201d, dijo<\/p>\n","protected":false},"excerpt":{"rendered":"<p>En el Festival de Cerveceros Mercedinos hubo presencia de los principales cerveceros locales y tambi\u00e9n los denominados Home Drew, que &#8230; <a title=\"Cerveceros expresaron su alegr\u00eda y sorpresa por la gran cantidad de p\u00fablico\" class=\"read-more\" href=\"https:\/\/www.hoymercedes.com.ar\/principal\/2018\/10\/15\/cerveceros-expresaron-su-alegria-y-sorpresa-por-la-gran-cantidad-de-publico\/\" aria-label=\"Leer m\u00e1s sobre Cerveceros expresaron su alegr\u00eda y sorpresa por la gran cantidad de p\u00fablico\">Leer m\u00e1s<\/a><\/p>\n","protected":false},"author":1,"featured_media":82513,"comment_status":"closed","ping_status":"open","sticky":false,"template":"","format":"standard","meta":{"_monsterinsights_skip_tracking":false,"_monsterinsights_sitenote_active":false,"_monsterinsights_sitenote_note":"","_monsterinsights_sitenote_category":0,"jetpack_post_was_ever_published":false,"_jetpack_newsletter_access":"","_jetpack_dont_email_post_to_subs":false,"_jetpack_newsletter_tier_id":0,"_jetpack_memberships_contains_paywalled_content":false,"_jetpack_memberships_contains_paid_content":false,"footnotes":"","jetpack_publicize_message":"","jetpack_publicize_feature_enabled":true,"jetpack_social_post_already_shared":true,"jetpack_social_options":{"image_generator_settings":{"template":"highway","default_image_id":0,"font":"","enabled":false},"version":2},"_wpas_customize_per_network":false},"categories":[30],"tags":[13888,13886,13884,13887,13882,13885,424],"class_list":["post-82511","post","type-post","status-publish","format-standard","has-post-thumbnail","hentry","category-municipio","tag-6600-cerveza","tag-bretonia","tag-cerveceros-artesanales-mercedinios","tag-el-triangulo","tag-franz-scheitler","tag-luperca","tag-ustarroz","generate-columns","tablet-grid-50","mobile-grid-100","grid-parent","grid-50"],"jetpack_publicize_connections":[],"jetpack_featured_media_url":"https:\/\/www.hoymercedes.com.ar\/principal\/wp-content\/uploads\/2018\/10\/4.jpeg","wps_subtitle":"Festival de Cerveceros Mercedinos","jetpack_sharing_enabled":true,"_links":{"self":[{"href":"https:\/\/www.hoymercedes.com.ar\/principal\/wp-json\/wp\/v2\/posts\/82511","targetHints":{"allow":["GET"]}}],"collection":[{"href":"https:\/\/www.hoymercedes.com.ar\/principal\/wp-json\/wp\/v2\/posts"}],"about":[{"href":"https:\/\/www.hoymercedes.com.ar\/principal\/wp-json\/wp\/v2\/types\/post"}],"author":[{"embeddable":true,"href":"https:\/\/www.hoymercedes.com.ar\/principal\/wp-json\/wp\/v2\/users\/1"}],"replies":[{"embeddable":true,"href":"https:\/\/www.hoymercedes.com.ar\/principal\/wp-json\/wp\/v2\/comments?post=82511"}],"version-history":[{"count":0,"href":"https:\/\/www.hoymercedes.com.ar\/principal\/wp-json\/wp\/v2\/posts\/82511\/revisions"}],"wp:featuredmedia":[{"embeddable":true,"href":"https:\/\/www.hoymercedes.com.ar\/principal\/wp-json\/wp\/v2\/media\/82513"}],"wp:attachment":[{"href":"https:\/\/www.hoymercedes.com.ar\/principal\/wp-json\/wp\/v2\/media?parent=82511"}],"wp:term":[{"taxonomy":"category","embeddable":true,"href":"https:\/\/www.hoymercedes.com.ar\/principal\/wp-json\/wp\/v2\/categories?post=82511"},{"taxonomy":"post_tag","embeddable":true,"href":"https:\/\/www.hoymercedes.com.ar\/principal\/wp-json\/wp\/v2\/tags?post=82511"}],"curies":[{"name":"wp","href":"https:\/\/api.w.org\/{rel}","templated":true}]}}