{"id":82520,"date":"2018-10-16T09:16:35","date_gmt":"2018-10-16T12:16:35","guid":{"rendered":"http:\/\/www.hoymercedes.com.ar\/principal\/?p=82520"},"modified":"2018-10-16T09:16:35","modified_gmt":"2018-10-16T12:16:35","slug":"sade-mercedes-y-el-museo-del-cine-premiaron-a-escritores-y-realizadores","status":"publish","type":"post","link":"https:\/\/www.hoymercedes.com.ar\/principal\/2018\/10\/16\/sade-mercedes-y-el-museo-del-cine-premiaron-a-escritores-y-realizadores\/","title":{"rendered":"SADE Mercedes y el Museo del Cine premiaron a escritores y realizadores"},"content":{"rendered":"<p><em><strong>Por TeCleArte \u2013 Miguel de Laurenti recibi\u00f3 el Premio Film de Plata 2018 del Museo del Cine; en tanto, M\u00f3nica Brown se llev\u00f3 el m\u00e1ximo galard\u00f3n en investigaciones hist\u00f3ricas por un texto sobre Belgrano. De la entrega en el Colegio de Escribanos, particip\u00f3 como invitado el periodista y escritor Roberto Alifano.<\/strong><\/em><\/p>\n<p><img loading=\"lazy\" decoding=\"async\" data-attachment-id=\"82526\" data-permalink=\"https:\/\/www.hoymercedes.com.ar\/principal\/2018\/10\/16\/sade-mercedes-y-el-museo-del-cine-premiaron-a-escritores-y-realizadores\/15-sade-4\/#main\" data-orig-file=\"https:\/\/www.hoymercedes.com.ar\/principal\/wp-content\/uploads\/2018\/10\/15-SADE-4.jpg\" data-orig-size=\"750,500\" data-comments-opened=\"0\" data-image-meta=\"{&quot;aperture&quot;:&quot;2&quot;,&quot;credit&quot;:&quot;&quot;,&quot;camera&quot;:&quot;Moto G (5S) Plus&quot;,&quot;caption&quot;:&quot;&quot;,&quot;created_timestamp&quot;:&quot;1539440351&quot;,&quot;copyright&quot;:&quot;&quot;,&quot;focal_length&quot;:&quot;3.59&quot;,&quot;iso&quot;:&quot;628&quot;,&quot;shutter_speed&quot;:&quot;0.03030303030303&quot;,&quot;title&quot;:&quot;&quot;,&quot;orientation&quot;:&quot;1&quot;}\" data-image-title=\"15 SADE 4\" data-image-description=\"\" data-image-caption=\"\" data-large-file=\"https:\/\/www.hoymercedes.com.ar\/principal\/wp-content\/uploads\/2018\/10\/15-SADE-4.jpg\" class=\"aligncenter size-medium wp-image-82526\" src=\"https:\/\/www.hoymercedes.com.ar\/principal\/wp-content\/uploads\/2018\/10\/15-SADE-4-630x420.jpg\" alt=\"\" width=\"630\" height=\"420\" srcset=\"https:\/\/www.hoymercedes.com.ar\/principal\/wp-content\/uploads\/2018\/10\/15-SADE-4-630x420.jpg 630w, https:\/\/www.hoymercedes.com.ar\/principal\/wp-content\/uploads\/2018\/10\/15-SADE-4-150x100.jpg 150w, https:\/\/www.hoymercedes.com.ar\/principal\/wp-content\/uploads\/2018\/10\/15-SADE-4.jpg 750w\" sizes=\"auto, (max-width: 630px) 100vw, 630px\" \/><\/p>\n<p>El \u00faltimo s\u00e1bado, de manera conjunta SADE Mercedes, el Museo del Cine y el Colegio de Escribanos llevaron adelante una entrega de premios en homenaje a Roberto J. Payr\u00f3 y a Luis Can\u00e9. Previo a la entrega de distinciones, habl\u00f3 ante los presentes, Roberto Alifano escritor y periodista, reconocido tambi\u00e9n por su labor como secretario de Jorge Luis Borges.<\/p>\n<p>En las primeras horas de la tarde del s\u00e1bado, escritores, lectores y cineastas se dieron cita en el sal\u00f3n de actos del Colegio de Escribanos en su ingreso por avenida 29. Jorge Citr\u00e1ngolo Casal fue el anfitri\u00f3n del evento que presidieron el flamante presidente de los notariados, Not. Mariano Castelucci, la titular de SADE Mercedes Aurora Traverso de Lares y el escritor invitado, Roberto Alifano.<\/p>\n<p><img loading=\"lazy\" decoding=\"async\" data-attachment-id=\"82525\" data-permalink=\"https:\/\/www.hoymercedes.com.ar\/principal\/2018\/10\/16\/sade-mercedes-y-el-museo-del-cine-premiaron-a-escritores-y-realizadores\/15-sade-3\/#main\" data-orig-file=\"https:\/\/www.hoymercedes.com.ar\/principal\/wp-content\/uploads\/2018\/10\/15-SADE-3.jpg\" data-orig-size=\"750,500\" data-comments-opened=\"0\" data-image-meta=\"{&quot;aperture&quot;:&quot;2&quot;,&quot;credit&quot;:&quot;&quot;,&quot;camera&quot;:&quot;Moto G (5S) Plus&quot;,&quot;caption&quot;:&quot;&quot;,&quot;created_timestamp&quot;:&quot;1539440539&quot;,&quot;copyright&quot;:&quot;&quot;,&quot;focal_length&quot;:&quot;3.59&quot;,&quot;iso&quot;:&quot;675&quot;,&quot;shutter_speed&quot;:&quot;0.033333333333333&quot;,&quot;title&quot;:&quot;&quot;,&quot;orientation&quot;:&quot;1&quot;}\" data-image-title=\"15 SADE 3\" data-image-description=\"\" data-image-caption=\"\" data-large-file=\"https:\/\/www.hoymercedes.com.ar\/principal\/wp-content\/uploads\/2018\/10\/15-SADE-3.jpg\" class=\"aligncenter size-medium wp-image-82525\" src=\"https:\/\/www.hoymercedes.com.ar\/principal\/wp-content\/uploads\/2018\/10\/15-SADE-3-630x420.jpg\" alt=\"\" width=\"630\" height=\"420\" srcset=\"https:\/\/www.hoymercedes.com.ar\/principal\/wp-content\/uploads\/2018\/10\/15-SADE-3-630x420.jpg 630w, https:\/\/www.hoymercedes.com.ar\/principal\/wp-content\/uploads\/2018\/10\/15-SADE-3-150x100.jpg 150w, https:\/\/www.hoymercedes.com.ar\/principal\/wp-content\/uploads\/2018\/10\/15-SADE-3.jpg 750w\" sizes=\"auto, (max-width: 630px) 100vw, 630px\" \/><\/p>\n<p>Antecediendo la entrega de premios. Alifano brind\u00f3 una charla en donde hizo alusi\u00f3n a sus textos, a sus visitas anteriores, una de ellas junto a Borges en los a\u00f1os \u201980, y a la actualidad argentina en materia de riquezas literarias y econ\u00f3micas, as\u00ed como su experiencia como acad\u00e9mico de las letras en diferentes pa\u00edses latinoamericanos. Luego, el mismo Alifano recibir\u00eda las distinciones entregadas de mano de la presidenta de SADE Mercedes.<\/p>\n<p>El momento de las distinciones llegar\u00eda m\u00e1s tarde. La primera entrega fue el Premio Film de Plata 2018 para Miguel De Laurenti. \u201cPor sus a\u00f1os de estudios fotografiando, filmando y observando el universo en el Observatorio Astron\u00f3mico Municipal de Mercedes\u201d, el Ing. Fernando Lubo (ex presidente del Cine Club Mercedes) y Mar\u00eda Amelia Dinova Castro (directora de fotograf\u00eda cinematogr\u00e1fica) le entregaron la distinci\u00f3n a Miguel que recibi\u00f3 con el compromiso de continuar con los estudios astron\u00f3micos, esperando que generaciones futuras contin\u00faen con su trabajo.<\/p>\n<p><img loading=\"lazy\" decoding=\"async\" data-attachment-id=\"82524\" data-permalink=\"https:\/\/www.hoymercedes.com.ar\/principal\/2018\/10\/16\/sade-mercedes-y-el-museo-del-cine-premiaron-a-escritores-y-realizadores\/15-sade-2\/#main\" data-orig-file=\"https:\/\/www.hoymercedes.com.ar\/principal\/wp-content\/uploads\/2018\/10\/15-SADE-2.jpg\" data-orig-size=\"750,500\" data-comments-opened=\"0\" data-image-meta=\"{&quot;aperture&quot;:&quot;2&quot;,&quot;credit&quot;:&quot;&quot;,&quot;camera&quot;:&quot;Moto G (5S) Plus&quot;,&quot;caption&quot;:&quot;&quot;,&quot;created_timestamp&quot;:&quot;1539440891&quot;,&quot;copyright&quot;:&quot;&quot;,&quot;focal_length&quot;:&quot;3.59&quot;,&quot;iso&quot;:&quot;618&quot;,&quot;shutter_speed&quot;:&quot;0.033333333333333&quot;,&quot;title&quot;:&quot;&quot;,&quot;orientation&quot;:&quot;1&quot;}\" data-image-title=\"15 SADE 2\" data-image-description=\"\" data-image-caption=\"\" data-large-file=\"https:\/\/www.hoymercedes.com.ar\/principal\/wp-content\/uploads\/2018\/10\/15-SADE-2.jpg\" class=\"aligncenter size-medium wp-image-82524\" src=\"https:\/\/www.hoymercedes.com.ar\/principal\/wp-content\/uploads\/2018\/10\/15-SADE-2-630x420.jpg\" alt=\"\" width=\"630\" height=\"420\" srcset=\"https:\/\/www.hoymercedes.com.ar\/principal\/wp-content\/uploads\/2018\/10\/15-SADE-2-630x420.jpg 630w, https:\/\/www.hoymercedes.com.ar\/principal\/wp-content\/uploads\/2018\/10\/15-SADE-2-150x100.jpg 150w, https:\/\/www.hoymercedes.com.ar\/principal\/wp-content\/uploads\/2018\/10\/15-SADE-2.jpg 750w\" sizes=\"auto, (max-width: 630px) 100vw, 630px\" \/><\/p>\n<p>Seguidamente, llegar\u00edan los premios a los libros y escritores de la regi\u00f3n. El primero en entregarse fue para M\u00f3nica Brown. La profesora acompa\u00f1ada por su padrino Alejandro Molle del Instituto Belgraniano de Mercedes, recibi\u00f3 el premio \u201cRoberto J. Payr\u00f3\u201d por su libro titulado \u201cBelgrano y el Rey Inca que no fue\u201d.<\/p>\n<p>Luego\u00a0 continuar\u00edan entregando el resto de las distinciones que\u00a0 anticipara la SADE Mercedes. Entre ellos: Los Premio \u201cLuis Can\u00e9\u201d para \u201c100 A\u00f1os del Colegio de Abogados de Mercedes\u201d de Alejandro Francisco Molle;\u00a0\u201cCuentos de una ni\u00f1a del Paraguay\u201d de \u00c1ngela Maschio;\u00a0\u00a0\u201cUn Zapato con Destino\u201d de\u00a0Reina Toledo, \u00abDel amor y la tierra. Obra abierta incompleta.\u201d, de \u00c1ngel Leiva;\u00a0\u201cTernas y Trilog\u00edas\u201d de Braulio Senda;\u00a0\u201cPoemas para las Aves\u201d de Martha \u201cGeve\u201d Cleci;\u00a0\u201cEncantos y desencantos en las colinas\u201d de Aurora Traverso de Lares. Y\u00a0los Premio Roberto J. Payr\u00f3 para: \u201cEl Literato del Espejo\u201d de Claudio P\u00e9rez; \u201cEl Bosque Citonnel\u201d de Fernando Azamor;\u00a0\u201cCuando se pone el Sol\u201d de Roque Alcides Azamor.<\/p>\n<p><img loading=\"lazy\" decoding=\"async\" data-attachment-id=\"82523\" data-permalink=\"https:\/\/www.hoymercedes.com.ar\/principal\/2018\/10\/16\/sade-mercedes-y-el-museo-del-cine-premiaron-a-escritores-y-realizadores\/15-sade-1\/#main\" data-orig-file=\"https:\/\/www.hoymercedes.com.ar\/principal\/wp-content\/uploads\/2018\/10\/15-SADE-1.jpg\" data-orig-size=\"750,500\" data-comments-opened=\"0\" data-image-meta=\"{&quot;aperture&quot;:&quot;2&quot;,&quot;credit&quot;:&quot;&quot;,&quot;camera&quot;:&quot;Moto G (5S) Plus&quot;,&quot;caption&quot;:&quot;&quot;,&quot;created_timestamp&quot;:&quot;1539441206&quot;,&quot;copyright&quot;:&quot;&quot;,&quot;focal_length&quot;:&quot;3.59&quot;,&quot;iso&quot;:&quot;831&quot;,&quot;shutter_speed&quot;:&quot;0.033333333333333&quot;,&quot;title&quot;:&quot;&quot;,&quot;orientation&quot;:&quot;1&quot;}\" data-image-title=\"15 SADE 1\" data-image-description=\"\" data-image-caption=\"\" data-large-file=\"https:\/\/www.hoymercedes.com.ar\/principal\/wp-content\/uploads\/2018\/10\/15-SADE-1.jpg\" class=\"aligncenter size-medium wp-image-82523\" src=\"https:\/\/www.hoymercedes.com.ar\/principal\/wp-content\/uploads\/2018\/10\/15-SADE-1-630x420.jpg\" alt=\"\" width=\"630\" height=\"420\" srcset=\"https:\/\/www.hoymercedes.com.ar\/principal\/wp-content\/uploads\/2018\/10\/15-SADE-1-630x420.jpg 630w, https:\/\/www.hoymercedes.com.ar\/principal\/wp-content\/uploads\/2018\/10\/15-SADE-1-150x100.jpg 150w, https:\/\/www.hoymercedes.com.ar\/principal\/wp-content\/uploads\/2018\/10\/15-SADE-1.jpg 750w\" sizes=\"auto, (max-width: 630px) 100vw, 630px\" \/><\/p>\n<p>Premio Especial a libros de Poes\u00eda:\u00a0\u201cUniversos Paralelos: Norma Pi\u00f1eiro \u2013 Jorge Luis Borges\u201d. Autora: Marta Prono;\u00a0\u201cAD Infinitum- Poemas y antipoemas cu\u00e1nticos\u201d Autora: Nieves Teresita Maldonado;\u00a0\u201cUn d\u00eda, un a\u00f1o, una vida en poemas\u201d. Autora: Martha Plaul de Rocha;\u00a0\u201cDulce Tibieza\u201d. Autora: Beatr\u00edz Ang\u00e9lica Luna y\u00a0\u201dMadre Tierra\u201d Autora: Mar\u00eda Amelia Dinova Castro.<\/p>\n","protected":false},"excerpt":{"rendered":"<p>Por TeCleArte \u2013 Miguel de Laurenti recibi\u00f3 el Premio Film de Plata 2018 del Museo del Cine; en tanto, M\u00f3nica &#8230; <a title=\"SADE Mercedes y el Museo del Cine premiaron a escritores y realizadores\" class=\"read-more\" href=\"https:\/\/www.hoymercedes.com.ar\/principal\/2018\/10\/16\/sade-mercedes-y-el-museo-del-cine-premiaron-a-escritores-y-realizadores\/\" aria-label=\"Leer m\u00e1s sobre SADE Mercedes y el Museo del Cine premiaron a escritores y realizadores\">Leer m\u00e1s<\/a><\/p>\n","protected":false},"author":1,"featured_media":82526,"comment_status":"closed","ping_status":"open","sticky":false,"template":"","format":"standard","meta":{"_monsterinsights_skip_tracking":false,"_monsterinsights_sitenote_active":false,"_monsterinsights_sitenote_note":"","_monsterinsights_sitenote_category":0,"jetpack_post_was_ever_published":false,"_jetpack_newsletter_access":"","_jetpack_dont_email_post_to_subs":false,"_jetpack_newsletter_tier_id":0,"_jetpack_memberships_contains_paywalled_content":false,"_jetpack_memberships_contains_paid_content":false,"footnotes":"","jetpack_publicize_message":"","jetpack_publicize_feature_enabled":true,"jetpack_social_post_already_shared":true,"jetpack_social_options":{"image_generator_settings":{"template":"highway","default_image_id":0,"font":"","enabled":false},"version":2},"_wpas_customize_per_network":false},"categories":[104],"tags":[5273,7805,73,985,565,5148],"class_list":["post-82520","post","type-post","status-publish","format-standard","has-post-thumbnail","hentry","category-cultura","tag-cine","tag-cultura","tag-literatura","tag-museo-del-cine","tag-premios","tag-sade-mercedes","generate-columns","tablet-grid-50","mobile-grid-100","grid-parent","grid-50"],"jetpack_publicize_connections":[],"jetpack_featured_media_url":"https:\/\/www.hoymercedes.com.ar\/principal\/wp-content\/uploads\/2018\/10\/15-SADE-4.jpg","wps_subtitle":"En el Colegio de Escribanos","jetpack_sharing_enabled":true,"_links":{"self":[{"href":"https:\/\/www.hoymercedes.com.ar\/principal\/wp-json\/wp\/v2\/posts\/82520","targetHints":{"allow":["GET"]}}],"collection":[{"href":"https:\/\/www.hoymercedes.com.ar\/principal\/wp-json\/wp\/v2\/posts"}],"about":[{"href":"https:\/\/www.hoymercedes.com.ar\/principal\/wp-json\/wp\/v2\/types\/post"}],"author":[{"embeddable":true,"href":"https:\/\/www.hoymercedes.com.ar\/principal\/wp-json\/wp\/v2\/users\/1"}],"replies":[{"embeddable":true,"href":"https:\/\/www.hoymercedes.com.ar\/principal\/wp-json\/wp\/v2\/comments?post=82520"}],"version-history":[{"count":0,"href":"https:\/\/www.hoymercedes.com.ar\/principal\/wp-json\/wp\/v2\/posts\/82520\/revisions"}],"wp:featuredmedia":[{"embeddable":true,"href":"https:\/\/www.hoymercedes.com.ar\/principal\/wp-json\/wp\/v2\/media\/82526"}],"wp:attachment":[{"href":"https:\/\/www.hoymercedes.com.ar\/principal\/wp-json\/wp\/v2\/media?parent=82520"}],"wp:term":[{"taxonomy":"category","embeddable":true,"href":"https:\/\/www.hoymercedes.com.ar\/principal\/wp-json\/wp\/v2\/categories?post=82520"},{"taxonomy":"post_tag","embeddable":true,"href":"https:\/\/www.hoymercedes.com.ar\/principal\/wp-json\/wp\/v2\/tags?post=82520"}],"curies":[{"name":"wp","href":"https:\/\/api.w.org\/{rel}","templated":true}]}}