{"id":82549,"date":"2018-10-16T20:31:22","date_gmt":"2018-10-16T23:31:22","guid":{"rendered":"http:\/\/www.hoymercedes.com.ar\/principal\/?p=82549"},"modified":"2018-10-16T20:31:22","modified_gmt":"2018-10-16T23:31:22","slug":"municipio-avanza-en-obra-de-puesta-en-valor-y-demarcacion-vial-en-acceso-sanmartin","status":"publish","type":"post","link":"https:\/\/www.hoymercedes.com.ar\/principal\/2018\/10\/16\/municipio-avanza-en-obra-de-puesta-en-valor-y-demarcacion-vial-en-acceso-sanmartin\/","title":{"rendered":"Municipio avanza en obra de puesta en valor y demarcaci\u00f3n vial en Acceso Sanmart\u00edn"},"content":{"rendered":"<figure id=\"attachment_82550\" aria-describedby=\"caption-attachment-82550\" style=\"width: 620px\" class=\"wp-caption aligncenter\"><img loading=\"lazy\" decoding=\"async\" data-attachment-id=\"82550\" data-permalink=\"https:\/\/www.hoymercedes.com.ar\/principal\/2018\/10\/16\/municipio-avanza-en-obra-de-puesta-en-valor-y-demarcacion-vial-en-acceso-sanmartin\/demarcacion-vial-1\/#main\" data-orig-file=\"https:\/\/www.hoymercedes.com.ar\/principal\/wp-content\/uploads\/2018\/10\/demarcacion-vial-1.jpg\" data-orig-size=\"1026,577\" data-comments-opened=\"0\" data-image-meta=\"{&quot;aperture&quot;:&quot;0&quot;,&quot;credit&quot;:&quot;&quot;,&quot;camera&quot;:&quot;&quot;,&quot;caption&quot;:&quot;&quot;,&quot;created_timestamp&quot;:&quot;0&quot;,&quot;copyright&quot;:&quot;&quot;,&quot;focal_length&quot;:&quot;0&quot;,&quot;iso&quot;:&quot;0&quot;,&quot;shutter_speed&quot;:&quot;0&quot;,&quot;title&quot;:&quot;&quot;,&quot;orientation&quot;:&quot;0&quot;}\" data-image-title=\"demarcacion-vial-1\" data-image-description=\"\" data-image-caption=\"&lt;p&gt;Demarcaci\u00f3n Vial&lt;\/p&gt;\n\" data-large-file=\"https:\/\/www.hoymercedes.com.ar\/principal\/wp-content\/uploads\/2018\/10\/demarcacion-vial-1-1024x576.jpg\" class=\"size-medium wp-image-82550\" src=\"https:\/\/www.hoymercedes.com.ar\/principal\/wp-content\/uploads\/2018\/10\/demarcacion-vial-1-630x354.jpg\" alt=\"\" width=\"630\" height=\"354\" srcset=\"https:\/\/www.hoymercedes.com.ar\/principal\/wp-content\/uploads\/2018\/10\/demarcacion-vial-1-630x354.jpg 630w, https:\/\/www.hoymercedes.com.ar\/principal\/wp-content\/uploads\/2018\/10\/demarcacion-vial-1-150x84.jpg 150w, https:\/\/www.hoymercedes.com.ar\/principal\/wp-content\/uploads\/2018\/10\/demarcacion-vial-1-1024x576.jpg 1024w, https:\/\/www.hoymercedes.com.ar\/principal\/wp-content\/uploads\/2018\/10\/demarcacion-vial-1.jpg 1026w\" sizes=\"auto, (max-width: 630px) 100vw, 630px\" \/><figcaption id=\"caption-attachment-82550\" class=\"wp-caption-text\">Demarcaci\u00f3n Vial<\/figcaption><\/figure>\n<p style=\"font-weight: 400;\">Demarcaci\u00f3n vial, refugios de colectivos, luz led, se\u00f1al\u00e9ctica, es parte de las obras que se visualizan en acceso Sanmart\u00edn. El intendente Juan Ignacio Ustarroz recorri\u00f3 junto a la subsecretaria de seguridad municipal los trabajos que se vienen efectuando sobre el Acceso San Mart\u00edn. La puesta en valor de este ingreso a la ciudad lleva invertidos hasta el momento, m\u00e1s de $2.300.000 pesos con fondos propios invertidos. \u201cEsta obra se suma al p\u00f3rtico de ingreso, a los trabajos de bacheo, como as\u00ed tambi\u00e9n a la reconversi\u00f3n de las luminarias led -diseminadas a lo largo de todo el acceso sur- es decir, que convertimos este acceso en un lugar m\u00e1s seguro para todos\u201d afirm\u00f3 el Dr. Ustarroz.<\/p>\n<figure id=\"attachment_82551\" aria-describedby=\"caption-attachment-82551\" style=\"width: 620px\" class=\"wp-caption aligncenter\"><img loading=\"lazy\" decoding=\"async\" data-attachment-id=\"82551\" data-permalink=\"https:\/\/www.hoymercedes.com.ar\/principal\/2018\/10\/16\/municipio-avanza-en-obra-de-puesta-en-valor-y-demarcacion-vial-en-acceso-sanmartin\/demarcacion-vial-4\/#main\" data-orig-file=\"https:\/\/www.hoymercedes.com.ar\/principal\/wp-content\/uploads\/2018\/10\/demarcacion-vial-4.jpg\" data-orig-size=\"865,577\" data-comments-opened=\"0\" data-image-meta=\"{&quot;aperture&quot;:&quot;0&quot;,&quot;credit&quot;:&quot;&quot;,&quot;camera&quot;:&quot;&quot;,&quot;caption&quot;:&quot;&quot;,&quot;created_timestamp&quot;:&quot;0&quot;,&quot;copyright&quot;:&quot;&quot;,&quot;focal_length&quot;:&quot;0&quot;,&quot;iso&quot;:&quot;0&quot;,&quot;shutter_speed&quot;:&quot;0&quot;,&quot;title&quot;:&quot;&quot;,&quot;orientation&quot;:&quot;0&quot;}\" data-image-title=\"demarcacion-vial-4\" data-image-description=\"\" data-image-caption=\"&lt;p&gt;Colocaci\u00f3n de nuevos refugios&lt;\/p&gt;\n\" data-large-file=\"https:\/\/www.hoymercedes.com.ar\/principal\/wp-content\/uploads\/2018\/10\/demarcacion-vial-4.jpg\" class=\"size-medium wp-image-82551\" src=\"https:\/\/www.hoymercedes.com.ar\/principal\/wp-content\/uploads\/2018\/10\/demarcacion-vial-4-630x420.jpg\" alt=\"\" width=\"630\" height=\"420\" srcset=\"https:\/\/www.hoymercedes.com.ar\/principal\/wp-content\/uploads\/2018\/10\/demarcacion-vial-4-630x420.jpg 630w, https:\/\/www.hoymercedes.com.ar\/principal\/wp-content\/uploads\/2018\/10\/demarcacion-vial-4-150x100.jpg 150w, https:\/\/www.hoymercedes.com.ar\/principal\/wp-content\/uploads\/2018\/10\/demarcacion-vial-4.jpg 865w\" sizes=\"auto, (max-width: 630px) 100vw, 630px\" \/><figcaption id=\"caption-attachment-82551\" class=\"wp-caption-text\">Colocaci\u00f3n de nuevos refugios<\/figcaption><\/figure>\n<p style=\"font-weight: 400;\"><strong>Inversi\u00f3n local<\/strong><\/p>\n<p style=\"font-weight: 400;\">Es importante destacar que todos estos trabajos se suman al plan integral de bacheo que se est\u00e1 realizando por toda la ciudad. Mismos que se efect\u00faan con fondos propios del Municipio de Mercedes.<\/p>\n<p style=\"font-weight: 400;\">El intendente Ustarroz, se\u00f1al\u00f3 la construcci\u00f3n de las nuevas garitas de colectivos que se est\u00e1n haciendo en la zona \u201cesto va a ser muy importante porque significa en concreto nuestra voluntad de que el transporte p\u00fablico contin\u00fae, que la l\u00ednea de colectivos dos vuelva a funcionar\u201d y en ese sentido inform\u00f3 \u201cel funcionamiento de este ser\u00e1 con la exclusiva administraci\u00f3n del Municipio\u201d.<\/p>\n<p style=\"font-weight: 400;\">Por otro lado, el jefe comunal, indic\u00f3 \u201cesto no es, ni m\u00e1s ni menos, que lo que hab\u00edamos asumido como compromiso con el Estado Nacional, desde la comuna nos hac\u00edamos cargo de esta zona y ellos de la Av. 2\u201d en ese sentido y a sabiendas de la problem\u00e1tica que a\u00fan persiste esa zona el Dr. Ustarroz inform\u00f3 \u201cse sigue con la consulta popular y continuamos trabajando arduamente para siempre llevarles soluciones a los vecinos\u201d.<\/p>\n<p><img loading=\"lazy\" decoding=\"async\" data-attachment-id=\"82552\" data-permalink=\"https:\/\/www.hoymercedes.com.ar\/principal\/2018\/10\/16\/municipio-avanza-en-obra-de-puesta-en-valor-y-demarcacion-vial-en-acceso-sanmartin\/demarcacion-vial-2\/#main\" data-orig-file=\"https:\/\/www.hoymercedes.com.ar\/principal\/wp-content\/uploads\/2018\/10\/demarcacion-vial-2.jpg\" data-orig-size=\"656,369\" data-comments-opened=\"0\" data-image-meta=\"{&quot;aperture&quot;:&quot;0&quot;,&quot;credit&quot;:&quot;&quot;,&quot;camera&quot;:&quot;&quot;,&quot;caption&quot;:&quot;&quot;,&quot;created_timestamp&quot;:&quot;0&quot;,&quot;copyright&quot;:&quot;&quot;,&quot;focal_length&quot;:&quot;0&quot;,&quot;iso&quot;:&quot;0&quot;,&quot;shutter_speed&quot;:&quot;0&quot;,&quot;title&quot;:&quot;&quot;,&quot;orientation&quot;:&quot;0&quot;}\" data-image-title=\"demarcacion-vial-2\" data-image-description=\"\" data-image-caption=\"\" data-large-file=\"https:\/\/www.hoymercedes.com.ar\/principal\/wp-content\/uploads\/2018\/10\/demarcacion-vial-2.jpg\" class=\"aligncenter size-medium wp-image-82552\" src=\"https:\/\/www.hoymercedes.com.ar\/principal\/wp-content\/uploads\/2018\/10\/demarcacion-vial-2-630x354.jpg\" alt=\"\" width=\"630\" height=\"354\" srcset=\"https:\/\/www.hoymercedes.com.ar\/principal\/wp-content\/uploads\/2018\/10\/demarcacion-vial-2-630x354.jpg 630w, https:\/\/www.hoymercedes.com.ar\/principal\/wp-content\/uploads\/2018\/10\/demarcacion-vial-2-150x84.jpg 150w, https:\/\/www.hoymercedes.com.ar\/principal\/wp-content\/uploads\/2018\/10\/demarcacion-vial-2.jpg 656w\" sizes=\"auto, (max-width: 630px) 100vw, 630px\" \/><\/p>\n<p style=\"font-weight: 400;\"><strong>Obra<\/strong><\/p>\n<p style=\"font-weight: 400;\">La subsecretaria de seguridad, Mar\u00eda Clara Zunino qui\u00e9n fue parte de la recorrida expres\u00f3 \u201cla demarcaci\u00f3n del Acceso San mart\u00edn era una obra muy necesaria para brindarle m\u00e1s seguridad a este acceso a la ciudad, por que al haber una ampliaci\u00f3n y por su anchura se dificultaba el ordenamiento de los carriles\u201d.<\/p>\n<p style=\"font-weight: 400;\">Adem\u00e1s, la Subsecretar\u00eda explic\u00f3 \u201cse hizo una licitaci\u00f3n con parte de los fondos del estacionamiento medido -que fueron destinados a infraestructura vial- se pudo encarar esta obra\u201d y a\u00f1adi\u00f3 \u201ces una mejora sustancial que se suma a las distintas inversiones que se han hecho\u201d.<\/p>\n<p style=\"font-weight: 400;\">\u201cCon esta obra terminada podemos decir que vamos a tener mayor ordenamiento del tr\u00e1nsito y circulaci\u00f3n en este acceso a la ciudad\u201d defini\u00f3 la subsecretaria de seguridad, Mar\u00eda Clara Zunino.<\/p>\n<p style=\"font-weight: 400;\">De esta manera, la comuna contin\u00faa con su visi\u00f3n y trabajo integral, asumiendo responsabilidades y mejorando la infraestructura de la ciudad.<\/p>\n<p><img loading=\"lazy\" decoding=\"async\" data-attachment-id=\"82554\" data-permalink=\"https:\/\/www.hoymercedes.com.ar\/principal\/2018\/10\/16\/municipio-avanza-en-obra-de-puesta-en-valor-y-demarcacion-vial-en-acceso-sanmartin\/demarcacion-vial-3\/#main\" data-orig-file=\"https:\/\/www.hoymercedes.com.ar\/principal\/wp-content\/uploads\/2018\/10\/demarcacion-vial-3.jpg\" data-orig-size=\"1026,577\" data-comments-opened=\"0\" data-image-meta=\"{&quot;aperture&quot;:&quot;0&quot;,&quot;credit&quot;:&quot;&quot;,&quot;camera&quot;:&quot;&quot;,&quot;caption&quot;:&quot;&quot;,&quot;created_timestamp&quot;:&quot;0&quot;,&quot;copyright&quot;:&quot;&quot;,&quot;focal_length&quot;:&quot;0&quot;,&quot;iso&quot;:&quot;0&quot;,&quot;shutter_speed&quot;:&quot;0&quot;,&quot;title&quot;:&quot;&quot;,&quot;orientation&quot;:&quot;0&quot;}\" data-image-title=\"demarcacion-vial-3\" data-image-description=\"\" data-image-caption=\"\" data-large-file=\"https:\/\/www.hoymercedes.com.ar\/principal\/wp-content\/uploads\/2018\/10\/demarcacion-vial-3-1024x576.jpg\" class=\"aligncenter size-medium wp-image-82554\" src=\"https:\/\/www.hoymercedes.com.ar\/principal\/wp-content\/uploads\/2018\/10\/demarcacion-vial-3-630x354.jpg\" alt=\"\" width=\"630\" height=\"354\" srcset=\"https:\/\/www.hoymercedes.com.ar\/principal\/wp-content\/uploads\/2018\/10\/demarcacion-vial-3-630x354.jpg 630w, https:\/\/www.hoymercedes.com.ar\/principal\/wp-content\/uploads\/2018\/10\/demarcacion-vial-3-150x84.jpg 150w, https:\/\/www.hoymercedes.com.ar\/principal\/wp-content\/uploads\/2018\/10\/demarcacion-vial-3-1024x576.jpg 1024w, https:\/\/www.hoymercedes.com.ar\/principal\/wp-content\/uploads\/2018\/10\/demarcacion-vial-3.jpg 1026w\" sizes=\"auto, (max-width: 630px) 100vw, 630px\" \/><\/p>\n<p><span style=\"color: #999999;\">Info: Municipio<\/span><\/p>\n","protected":false},"excerpt":{"rendered":"<p>Demarcaci\u00f3n vial, refugios de colectivos, luz led, se\u00f1al\u00e9ctica, es parte de las obras que se visualizan en acceso Sanmart\u00edn. El &#8230; <a title=\"Municipio avanza en obra de puesta en valor y demarcaci\u00f3n vial en Acceso Sanmart\u00edn\" class=\"read-more\" href=\"https:\/\/www.hoymercedes.com.ar\/principal\/2018\/10\/16\/municipio-avanza-en-obra-de-puesta-en-valor-y-demarcacion-vial-en-acceso-sanmartin\/\" aria-label=\"Leer m\u00e1s sobre Municipio avanza en obra de puesta en valor y demarcaci\u00f3n vial en Acceso Sanmart\u00edn\">Leer m\u00e1s<\/a><\/p>\n","protected":false},"author":1,"featured_media":82552,"comment_status":"closed","ping_status":"open","sticky":false,"template":"","format":"standard","meta":{"_monsterinsights_skip_tracking":false,"_monsterinsights_sitenote_active":false,"_monsterinsights_sitenote_note":"","_monsterinsights_sitenote_category":0,"jetpack_post_was_ever_published":false,"_jetpack_newsletter_access":"","_jetpack_dont_email_post_to_subs":false,"_jetpack_newsletter_tier_id":0,"_jetpack_memberships_contains_paywalled_content":false,"_jetpack_memberships_contains_paid_content":false,"footnotes":"","jetpack_publicize_message":"","jetpack_publicize_feature_enabled":true,"jetpack_social_post_already_shared":true,"jetpack_social_options":{"image_generator_settings":{"template":"highway","default_image_id":0,"font":"","enabled":false},"version":2},"_wpas_customize_per_network":false},"categories":[30],"tags":[11910,13891,13610,424],"class_list":["post-82549","post","type-post","status-publish","format-standard","has-post-thumbnail","hentry","category-municipio","tag-clara-zunino","tag-demarcacion-vial-acceso-sanmartin","tag-fondos-propios-mercedes","tag-ustarroz","generate-columns","tablet-grid-50","mobile-grid-100","grid-parent","grid-50"],"jetpack_publicize_connections":[],"jetpack_featured_media_url":"https:\/\/www.hoymercedes.com.ar\/principal\/wp-content\/uploads\/2018\/10\/demarcacion-vial-2.jpg","wps_subtitle":"Obra p\u00fablica","jetpack_sharing_enabled":true,"_links":{"self":[{"href":"https:\/\/www.hoymercedes.com.ar\/principal\/wp-json\/wp\/v2\/posts\/82549","targetHints":{"allow":["GET"]}}],"collection":[{"href":"https:\/\/www.hoymercedes.com.ar\/principal\/wp-json\/wp\/v2\/posts"}],"about":[{"href":"https:\/\/www.hoymercedes.com.ar\/principal\/wp-json\/wp\/v2\/types\/post"}],"author":[{"embeddable":true,"href":"https:\/\/www.hoymercedes.com.ar\/principal\/wp-json\/wp\/v2\/users\/1"}],"replies":[{"embeddable":true,"href":"https:\/\/www.hoymercedes.com.ar\/principal\/wp-json\/wp\/v2\/comments?post=82549"}],"version-history":[{"count":0,"href":"https:\/\/www.hoymercedes.com.ar\/principal\/wp-json\/wp\/v2\/posts\/82549\/revisions"}],"wp:featuredmedia":[{"embeddable":true,"href":"https:\/\/www.hoymercedes.com.ar\/principal\/wp-json\/wp\/v2\/media\/82552"}],"wp:attachment":[{"href":"https:\/\/www.hoymercedes.com.ar\/principal\/wp-json\/wp\/v2\/media?parent=82549"}],"wp:term":[{"taxonomy":"category","embeddable":true,"href":"https:\/\/www.hoymercedes.com.ar\/principal\/wp-json\/wp\/v2\/categories?post=82549"},{"taxonomy":"post_tag","embeddable":true,"href":"https:\/\/www.hoymercedes.com.ar\/principal\/wp-json\/wp\/v2\/tags?post=82549"}],"curies":[{"name":"wp","href":"https:\/\/api.w.org\/{rel}","templated":true}]}}