{"id":8255,"date":"2011-10-14T12:08:47","date_gmt":"2011-10-14T12:08:47","guid":{"rendered":"http:\/\/www.hoymercedes.com.ar\/principal\/?p=8255"},"modified":"2011-10-14T12:08:47","modified_gmt":"2011-10-14T12:08:47","slug":"productores-de-duraznos-recibieron-dos-importantes-equipos-especiales-para-fumigacion","status":"publish","type":"post","link":"https:\/\/www.hoymercedes.com.ar\/principal\/2011\/10\/14\/productores-de-duraznos-recibieron-dos-importantes-equipos-especiales-para-fumigacion\/","title":{"rendered":"Productores de Duraznos recibieron dos importantes equipos especiales para fumigaci\u00f3n"},"content":{"rendered":"<p><a href=\"https:\/\/www.hoymercedes.com.ar\/principal\/wp-content\/uploads\/2011\/10\/Selva-productores-durazno.jpg\"><img loading=\"lazy\" decoding=\"async\" data-attachment-id=\"8257\" data-permalink=\"https:\/\/www.hoymercedes.com.ar\/principal\/2011\/10\/14\/productores-de-duraznos-recibieron-dos-importantes-equipos-especiales-para-fumigacion\/selva-productores-durazno\/#main\" data-orig-file=\"https:\/\/www.hoymercedes.com.ar\/principal\/wp-content\/uploads\/2011\/10\/Selva-productores-durazno.jpg\" data-orig-size=\"612,459\" data-comments-opened=\"1\" data-image-meta=\"{&quot;aperture&quot;:&quot;2.8&quot;,&quot;credit&quot;:&quot;&quot;,&quot;camera&quot;:&quot;COOLPIX L10&quot;,&quot;caption&quot;:&quot;&quot;,&quot;created_timestamp&quot;:&quot;1318233017&quot;,&quot;copyright&quot;:&quot;Copyright 2006&quot;,&quot;focal_length&quot;:&quot;6.2&quot;,&quot;iso&quot;:&quot;64&quot;,&quot;shutter_speed&quot;:&quot;0.0041771094402673&quot;,&quot;title&quot;:&quot;&quot;}\" data-image-title=\"Selva-productores-durazno\" data-image-description=\"\" data-image-caption=\"\" data-large-file=\"https:\/\/www.hoymercedes.com.ar\/principal\/wp-content\/uploads\/2011\/10\/Selva-productores-durazno.jpg\" class=\"aligncenter size-full wp-image-8257\" title=\"Selva-productores-durazno\" src=\"https:\/\/www.hoymercedes.com.ar\/principal\/wp-content\/uploads\/2011\/10\/Selva-productores-durazno.jpg\" alt=\"\" width=\"612\" height=\"459\" \/><\/a><\/p>\n<p>El intendente Carlos Selva entreg\u00f3 ayer al medio d\u00eda dos importantes equipos especiales para fumigaci\u00f3n a los integrante del <strong>Grupo de Productores de Duraznos Resurgir<\/strong> durante un acto realizado en la puerta del Palacio Municipal de nuestra ciudad.<\/p>\n<p>El encuentro cont\u00f3 con la participaci\u00f3n de varios productores del grupo entre ellos qui\u00e9n es su m\u00e1xima referente, la se\u00f1ora Susana Castagnetto, funcionarios municipales, concejales y los medios de prensa.<\/p>\n<p><a href=\"https:\/\/www.hoymercedes.com.ar\/principal\/wp-content\/uploads\/2011\/10\/Fumigadora.jpg\"><img loading=\"lazy\" decoding=\"async\" data-attachment-id=\"8258\" data-permalink=\"https:\/\/www.hoymercedes.com.ar\/principal\/2011\/10\/14\/productores-de-duraznos-recibieron-dos-importantes-equipos-especiales-para-fumigacion\/fumigadora\/#main\" data-orig-file=\"https:\/\/www.hoymercedes.com.ar\/principal\/wp-content\/uploads\/2011\/10\/Fumigadora.jpg\" data-orig-size=\"612,459\" data-comments-opened=\"1\" data-image-meta=\"{&quot;aperture&quot;:&quot;2.8&quot;,&quot;credit&quot;:&quot;&quot;,&quot;camera&quot;:&quot;COOLPIX L10&quot;,&quot;caption&quot;:&quot;&quot;,&quot;created_timestamp&quot;:&quot;1318231805&quot;,&quot;copyright&quot;:&quot;Copyright 2006&quot;,&quot;focal_length&quot;:&quot;6.2&quot;,&quot;iso&quot;:&quot;64&quot;,&quot;shutter_speed&quot;:&quot;0.0099403578528827&quot;,&quot;title&quot;:&quot;&quot;}\" data-image-title=\"Fumigadora\" data-image-description=\"\" data-image-caption=\"\" data-large-file=\"https:\/\/www.hoymercedes.com.ar\/principal\/wp-content\/uploads\/2011\/10\/Fumigadora.jpg\" class=\"aligncenter size-full wp-image-8258\" title=\"Fumigadora\" src=\"https:\/\/www.hoymercedes.com.ar\/principal\/wp-content\/uploads\/2011\/10\/Fumigadora.jpg\" alt=\"\" width=\"612\" height=\"459\" srcset=\"https:\/\/www.hoymercedes.com.ar\/principal\/wp-content\/uploads\/2011\/10\/Fumigadora.jpg 612w, https:\/\/www.hoymercedes.com.ar\/principal\/wp-content\/uploads\/2011\/10\/Fumigadora-300x225.jpg 300w\" sizes=\"auto, (max-width: 612px) 100vw, 612px\" \/><\/a><\/p>\n<p>El mandatario local precis\u00f3 <em>\u201cprimero quiero agradecer a los productores que hayan dejado hoy su jornada de trabajo para estar presentes en la entrega de estos elementos tan importantes para ellos y decirles que todo esto tiene que ver adem\u00e1s de aquello que comenzamos juntos como fue el Programa Resurgir con el apoyo recibido desde el Ministerio de Agricultura, Ganader\u00eda, Pesca y Alimentaci\u00f3n de la Naci\u00f3n a trav\u00e9s del \u00c1rea de la Econom\u00eda Periurbana que conduce la Licenciada Carla Campo Bilbao que tiene que ver con el fortalecimiento de estas actividades que como recordar\u00e1n en su momento hicimos entrega de subsidios para los invern\u00e1culos a productores hort\u00edcolas del Partido.<\/em><\/p>\n<p><em>Ahora completamos una nueva etapa con la inversi\u00f3n en dos importantes m\u00e1quinas que pasan a ser propiedad de todo el grupo para ayudar a los productores que de por s\u00ed cuentan con maquinarias de estas caracter\u00edsticas en sus campos sino que tambi\u00e9n a aquellos que se han sumado a la frutihorticultura tratando entre todos de prestar un serbio m\u00e1s poniendo a disposici\u00f3n de ellos estas herramientas.<\/em><\/p>\n<p><em>Estamos tal cual lo prometimos cumpliendo etapas en algo que realmente nos puso muy contentos a todos como es haber podido revertir un proceso negativo con la replantaci\u00f3n que llevamos a cabo en los \u00faltimos a\u00f1os gracias al esfuerzo de ellos y as\u00ed lograr recuperar una producci\u00f3n que se hab\u00eda perdido y que hace que justifiquemos plenamente que nuestra ciudad sea la sede de la Fiesta Nacional del Durazno y lo m\u00e1s importante de todo es que de a poco se han ido recuperando hect\u00e1reas con nuevos montes de duraznos.<\/em><\/p>\n<p><em>A lo largo de este a\u00f1o se consigui\u00f3 una importante suma de dinero que junto al Grupo Resurgir decidimos como destinar los mismos y as\u00ed fue que no hace muchas semanas atr\u00e1s compramos tres mil quinientas plantas nuevas que las distribuimos entre todos los productores especialmente a los nuevos, fue por un monto de Treinta Mil pesos, tambi\u00e9n se compraron insumos, fertilizantes y agroqu\u00edmicos por un importe de 22 mil pesos y ahora con las m\u00e1quinas Ciento Treinta Mil.<\/em><\/p>\n<p><em>Lo importante es que los productores han incrementado en mucho sus esfuerzos para que el partido de Mercedes pueda volver a contar con una producci\u00f3n de duraznos como siempre la hab\u00eda caracterizado\u201d.<\/em><\/p>\n<p>Por su parte los productores presentes agradecieron la entrega sosteniendo que \u201c<em>de esta manera podremos buscar mejorar la sanidad en nuestras plantaciones porque nada menos que la calidad de los productos viene de la mano de dichos logros sanitarios y poder seguir creciendo como lo hemos hecho a lo largo de los \u00faltimos seis o siete a\u00f1os donde pudimos tener un monto en lugar de pocas plantas y ahora contar con las m\u00e1quinas para poderlos cuidar y obtener una calidad optima.<\/em><\/p>\n<p><em>Realmente nos sentimos muy agradecidos y nos comprometemos a\u00fan m\u00e1s a trabajar buscando siempre la mejor producci\u00f3n posible en nuestros montes\u201d.<\/em><\/p>\n<p>Recordamos que los productores ya han comenzado junto a los responsables del municipio a trabajar en lo que ser\u00e1 la edici\u00f3n 2011 de la Fiesta Nacional del Durazno que se llevar\u00e1 a cabo los d\u00edas 9, 10 y 11 de diciembre.<\/p>\n","protected":false},"excerpt":{"rendered":"<p>El intendente Carlos Selva entreg\u00f3 ayer al medio d\u00eda dos importantes equipos especiales para fumigaci\u00f3n a los integrante del Grupo &#8230; <a title=\"Productores de Duraznos recibieron dos importantes equipos especiales para fumigaci\u00f3n\" class=\"read-more\" href=\"https:\/\/www.hoymercedes.com.ar\/principal\/2011\/10\/14\/productores-de-duraznos-recibieron-dos-importantes-equipos-especiales-para-fumigacion\/\" aria-label=\"Leer m\u00e1s sobre Productores de Duraznos recibieron dos importantes equipos especiales para fumigaci\u00f3n\">Leer m\u00e1s<\/a><\/p>\n","protected":false},"author":1,"featured_media":0,"comment_status":"open","ping_status":"open","sticky":false,"template":"","format":"standard","meta":{"_monsterinsights_skip_tracking":false,"_monsterinsights_sitenote_active":false,"_monsterinsights_sitenote_note":"","_monsterinsights_sitenote_category":0,"jetpack_post_was_ever_published":false,"_jetpack_newsletter_access":"","_jetpack_dont_email_post_to_subs":false,"_jetpack_newsletter_tier_id":0,"_jetpack_memberships_contains_paywalled_content":false,"_jetpack_memberships_contains_paid_content":false,"footnotes":"","jetpack_publicize_message":"","jetpack_publicize_feature_enabled":true,"jetpack_social_post_already_shared":false,"jetpack_social_options":{"image_generator_settings":{"template":"highway","default_image_id":0,"font":"","enabled":false},"version":2},"_wpas_customize_per_network":false},"categories":[30],"tags":[1467,1465,18,1466],"class_list":["post-8255","post","type-post","status-publish","format-standard","hentry","category-municipio","tag-maquina-fumigadora","tag-productores-de-durazno","tag-selva","tag-selvsa","generate-columns","tablet-grid-50","mobile-grid-100","grid-parent","grid-50"],"jetpack_publicize_connections":[],"jetpack_featured_media_url":"","wps_subtitle":"","jetpack_sharing_enabled":true,"_links":{"self":[{"href":"https:\/\/www.hoymercedes.com.ar\/principal\/wp-json\/wp\/v2\/posts\/8255","targetHints":{"allow":["GET"]}}],"collection":[{"href":"https:\/\/www.hoymercedes.com.ar\/principal\/wp-json\/wp\/v2\/posts"}],"about":[{"href":"https:\/\/www.hoymercedes.com.ar\/principal\/wp-json\/wp\/v2\/types\/post"}],"author":[{"embeddable":true,"href":"https:\/\/www.hoymercedes.com.ar\/principal\/wp-json\/wp\/v2\/users\/1"}],"replies":[{"embeddable":true,"href":"https:\/\/www.hoymercedes.com.ar\/principal\/wp-json\/wp\/v2\/comments?post=8255"}],"version-history":[{"count":0,"href":"https:\/\/www.hoymercedes.com.ar\/principal\/wp-json\/wp\/v2\/posts\/8255\/revisions"}],"wp:attachment":[{"href":"https:\/\/www.hoymercedes.com.ar\/principal\/wp-json\/wp\/v2\/media?parent=8255"}],"wp:term":[{"taxonomy":"category","embeddable":true,"href":"https:\/\/www.hoymercedes.com.ar\/principal\/wp-json\/wp\/v2\/categories?post=8255"},{"taxonomy":"post_tag","embeddable":true,"href":"https:\/\/www.hoymercedes.com.ar\/principal\/wp-json\/wp\/v2\/tags?post=8255"}],"curies":[{"name":"wp","href":"https:\/\/api.w.org\/{rel}","templated":true}]}}