{"id":8260,"date":"2011-10-14T12:10:48","date_gmt":"2011-10-14T12:10:48","guid":{"rendered":"http:\/\/www.hoymercedes.com.ar\/principal\/?p=8260"},"modified":"2011-10-14T12:10:48","modified_gmt":"2011-10-14T12:10:48","slug":"grupo-participar-para-cambiar-desarrollo-una-intensa-actividad-durante-septiembre","status":"publish","type":"post","link":"https:\/\/www.hoymercedes.com.ar\/principal\/2011\/10\/14\/grupo-participar-para-cambiar-desarrollo-una-intensa-actividad-durante-septiembre\/","title":{"rendered":"Grupo Participar para Cambiar: desarroll\u00f3 una intensa actividad durante septiembre"},"content":{"rendered":"<p>El Grupo particip\u00f3 en encuentros con grupos de estudiantes de diferentes colegios de nuestro Partido organizando talleres incluyendo en los mismos junto al personal profesional que los realiz\u00f3 a artistas pl\u00e1sticos locales<\/p>\n<p>Debemos recordar que el Programa comienza su actividad luego de la muerte de Dar\u00edo Duarte en el mes de Abril del a\u00f1o 2010 por iniciativa de la Concejal D\u00e9bora Lacasa a la que luego se le sumaron otros concejales y el entonces secretario de Control Urbano, Dr. Ariel Fusco logrando una convocatoria abarcativa a muchas instituciones fueron invitadas a participar y a desarrollar actividades conjuntas. Hoy son tres los ejes de trabajo, la Productora de Eventos de los chicos, la Red Padres y los Talleres en los colegios.<\/p>\n<p>Con relaci\u00f3n a los talleres consultamos a la Lic. Claudia Fraile Directora del Centro de Prevenci\u00f3n de las Adicciones qui\u00e9n sostuvo \u201clos talleres pertenecen al programa general de Participar para Cambiar y son el proyecto \u00abVen\u00ed a Expresarte\u00bb que se han venido desarrollando en los \u00faltimos a\u00f1os de las escuelas secundarias. El equipo de trabajo esta formado por Las Lic. Silvia Just y Patricia Demaio del Centro de Referencia al que se suman los artistas pl\u00e1sticos como Cesar Lalla y Eugenia Scioli.\u201d<\/p>\n<p>Posteriormente al ser consultada acerca de las \u00faltimas actividades la Lic. Silvia Just explic\u00f3 \u201c en el mes de septiembre se realizaron dos encuentros. Uno el 23 en la escuela Secundaria de Altamira con los j\u00f3venes de 4\u00ba y 5 a\u00f1o, y el otro se concret\u00f3 el viernes 30 en la escuela San Jos\u00e9 Obrero con total \u00e9xito por lo cual aprovecho para agradecer la apertura y disposici\u00f3n de la actual Directora del establecimiento de Altamira Sra Adriana Pagliaro que nos permiti\u00f3 desarrollar las actividades en las instalaciones de dicho establecimiento y por supuesto tambi\u00e9n a Alejandra Marquez directora del otro establecimientos que visitamos, es decir la Escuela San Jos\u00e9 Obrero\u201d.<\/p>\n<p>Mas adelante se inform\u00f3 \u201cel trabajo que realizan los j\u00f3venes es a partir de los estandartes de los artistas Mercedinos que acompa\u00f1aron las marchas por Dar\u00edo Duarte. Cesar Lalla fue qui\u00e9n les coment\u00f3 a los alumnos qu\u00e9 simbolizaban cada uno de los estandartes, cu\u00e1les hab\u00edan sido las t\u00e9cnicas empleadas y los modos de expresi\u00f3n de distintas tem\u00e1ticas como, la violencia, la indiferencia social, el duelo, la tolerancia social, la justicia etc. Adem\u00e1s dijo como trabajaron en cada uno de ellos para que fuera una producci\u00f3n colectiva.<\/p>\n<p>A partir de all\u00ed, en un segundo momento las Licenciadas facilitaron a los estudiantes la lectura de un cuento, Los Tres astronautas de Umberto Eco, proponiendo el trabajo en peque\u00f1os grupos para reflexionar y debatir, y luego hacer una exposici\u00f3n en com\u00fan\u201d.<\/p>\n<p>Por \u00faltimo Patricia Demaio, la tercer responsable profesional del grupo de los talleres manifest\u00f3 \u201clos temas abordados fueron la discriminaci\u00f3n, la violencia en los j\u00f3venes, los prejuicios, las representaciones sociales, las adicciones y su asociaci\u00f3n con situaciones de la vida cotidiana, teniendo como eje trasversal los Derechos Humanos y la resoluci\u00f3n de los conflictos de formas alternativas a la violencia, apuntando a promover la participaci\u00f3n y capacidad de los j\u00f3venes de transformar la realidad, su realidad\u201d.<\/p>\n<p>Cabe consignar que de acuerdo a lo informado como broche final a estos encuentros los j\u00f3venes realizaron una producci\u00f3n art\u00edstica donde plasmaron su mensaje y se expresaron tomando el arte como herramienta realizando sus propios estandartes<\/p>\n<p>debido que la idea es a fin de a\u00f1o hacer una muestra con las producciones realizadas por los j\u00f3venes en todos los colegios para que puedan compartir sus experiencias y sus trabajos<\/p>\n","protected":false},"excerpt":{"rendered":"<p>El Grupo particip\u00f3 en encuentros con grupos de estudiantes de diferentes colegios de nuestro Partido organizando talleres incluyendo en los &#8230; <a title=\"Grupo Participar para Cambiar: desarroll\u00f3 una intensa actividad durante septiembre\" class=\"read-more\" href=\"https:\/\/www.hoymercedes.com.ar\/principal\/2011\/10\/14\/grupo-participar-para-cambiar-desarrollo-una-intensa-actividad-durante-septiembre\/\" aria-label=\"Leer m\u00e1s sobre Grupo Participar para Cambiar: desarroll\u00f3 una intensa actividad durante septiembre\">Leer m\u00e1s<\/a><\/p>\n","protected":false},"author":1,"featured_media":0,"comment_status":"open","ping_status":"open","sticky":false,"template":"","format":"standard","meta":{"_monsterinsights_skip_tracking":false,"_monsterinsights_sitenote_active":false,"_monsterinsights_sitenote_note":"","_monsterinsights_sitenote_category":0,"jetpack_post_was_ever_published":false,"_jetpack_newsletter_access":"","_jetpack_dont_email_post_to_subs":false,"_jetpack_newsletter_tier_id":0,"_jetpack_memberships_contains_paywalled_content":false,"_jetpack_memberships_contains_paid_content":false,"footnotes":"","jetpack_publicize_message":"","jetpack_publicize_feature_enabled":true,"jetpack_social_post_already_shared":false,"jetpack_social_options":{"image_generator_settings":{"template":"highway","default_image_id":0,"font":"","enabled":false},"version":2},"_wpas_customize_per_network":false},"categories":[8],"tags":[450],"class_list":["post-8260","post","type-post","status-publish","format-standard","hentry","category-sociedad","tag-participar-para-cambiar","generate-columns","tablet-grid-50","mobile-grid-100","grid-parent","grid-50"],"jetpack_publicize_connections":[],"jetpack_featured_media_url":"","wps_subtitle":"","jetpack_sharing_enabled":true,"_links":{"self":[{"href":"https:\/\/www.hoymercedes.com.ar\/principal\/wp-json\/wp\/v2\/posts\/8260","targetHints":{"allow":["GET"]}}],"collection":[{"href":"https:\/\/www.hoymercedes.com.ar\/principal\/wp-json\/wp\/v2\/posts"}],"about":[{"href":"https:\/\/www.hoymercedes.com.ar\/principal\/wp-json\/wp\/v2\/types\/post"}],"author":[{"embeddable":true,"href":"https:\/\/www.hoymercedes.com.ar\/principal\/wp-json\/wp\/v2\/users\/1"}],"replies":[{"embeddable":true,"href":"https:\/\/www.hoymercedes.com.ar\/principal\/wp-json\/wp\/v2\/comments?post=8260"}],"version-history":[{"count":0,"href":"https:\/\/www.hoymercedes.com.ar\/principal\/wp-json\/wp\/v2\/posts\/8260\/revisions"}],"wp:attachment":[{"href":"https:\/\/www.hoymercedes.com.ar\/principal\/wp-json\/wp\/v2\/media?parent=8260"}],"wp:term":[{"taxonomy":"category","embeddable":true,"href":"https:\/\/www.hoymercedes.com.ar\/principal\/wp-json\/wp\/v2\/categories?post=8260"},{"taxonomy":"post_tag","embeddable":true,"href":"https:\/\/www.hoymercedes.com.ar\/principal\/wp-json\/wp\/v2\/tags?post=8260"}],"curies":[{"name":"wp","href":"https:\/\/api.w.org\/{rel}","templated":true}]}}