{"id":82609,"date":"2018-10-17T11:39:02","date_gmt":"2018-10-17T14:39:02","guid":{"rendered":"http:\/\/www.hoymercedes.com.ar\/principal\/?p=82609"},"modified":"2018-10-17T15:16:08","modified_gmt":"2018-10-17T18:16:08","slug":"demetei-en-avenida-2-no-se-improvisa-nada-solo-se-piensa-en-los-vecinos","status":"publish","type":"post","link":"https:\/\/www.hoymercedes.com.ar\/principal\/2018\/10\/17\/demetei-en-avenida-2-no-se-improvisa-nada-solo-se-piensa-en-los-vecinos\/","title":{"rendered":"Dematei: \u00abEn Avenida 2 no se improvisa nada, s\u00f3lo se piensa en los vecinos\u00bb"},"content":{"rendered":"<figure id=\"attachment_72801\" aria-describedby=\"caption-attachment-72801\" style=\"width: 620px\" class=\"wp-caption aligncenter\"><img loading=\"lazy\" decoding=\"async\" data-attachment-id=\"72801\" data-permalink=\"https:\/\/www.hoymercedes.com.ar\/principal\/2018\/02\/23\/la-comuna-entrega-ayuda-escolar-a-trabajadores-municipales\/23-matias-dematei\/#main\" data-orig-file=\"https:\/\/www.hoymercedes.com.ar\/principal\/wp-content\/uploads\/2018\/02\/23-Mat\u00edas-Dematei.jpg\" data-orig-size=\"750,499\" data-comments-opened=\"0\" data-image-meta=\"{&quot;aperture&quot;:&quot;0&quot;,&quot;credit&quot;:&quot;SEBASTIAN_AMBROSSIO&quot;,&quot;camera&quot;:&quot;&quot;,&quot;caption&quot;:&quot;????????????????????????????????????&quot;,&quot;created_timestamp&quot;:&quot;0&quot;,&quot;copyright&quot;:&quot;Sebastian Ambrossio_&quot;,&quot;focal_length&quot;:&quot;0&quot;,&quot;iso&quot;:&quot;0&quot;,&quot;shutter_speed&quot;:&quot;0&quot;,&quot;title&quot;:&quot;&quot;,&quot;orientation&quot;:&quot;0&quot;}\" data-image-title=\"23 Mat\u00edas Dematei\" data-image-description=\"\" data-image-caption=\"&lt;p&gt;Mat\u00edas Dematei&lt;\/p&gt;\n\" data-large-file=\"https:\/\/www.hoymercedes.com.ar\/principal\/wp-content\/uploads\/2018\/02\/23-Mat\u00edas-Dematei.jpg\" class=\"size-medium wp-image-72801\" src=\"https:\/\/www.hoymercedes.com.ar\/principal\/wp-content\/uploads\/2018\/02\/23-Mat\u00edas-Dematei-630x419.jpg\" alt=\"\" width=\"630\" height=\"419\" srcset=\"https:\/\/www.hoymercedes.com.ar\/principal\/wp-content\/uploads\/2018\/02\/23-Mat\u00edas-Dematei-630x419.jpg 630w, https:\/\/www.hoymercedes.com.ar\/principal\/wp-content\/uploads\/2018\/02\/23-Mat\u00edas-Dematei-150x100.jpg 150w, https:\/\/www.hoymercedes.com.ar\/principal\/wp-content\/uploads\/2018\/02\/23-Mat\u00edas-Dematei.jpg 750w\" sizes=\"auto, (max-width: 630px) 100vw, 630px\" \/><figcaption id=\"caption-attachment-72801\" class=\"wp-caption-text\">Mat\u00edas Dematei<\/figcaption><\/figure>\n<p>El jefe de Gabinete, Mat\u00edas Dematei, dio detalles de la consulta y la tarea que seg\u00fan lo que determine la opini\u00f3n vecinal se realizar\u00eda en avenida 2. Explic\u00f3 c\u00f3mo es la relaci\u00f3n a las redes de agua y cloacas, que la misma Naci\u00f3n no la incluye en el presupuesto y destac\u00f3 la valiosa tarea de investigaci\u00f3n y planificaci\u00f3n realizada por todas las \u00e1reas municipales, remarcando que \u201cNo se ha improvisado nada, est\u00e1 todo calculado, ser\u00e1 cual sea el resultado de la opini\u00f3n de los vecinos\u201d<\/p>\n<p>El Jefe de Gabinete fue consultado sobre la avenida 2 y record\u00f3 que \u201cespu\u00e9s del anuncio que hizo el intendente con respecto a la avenida 2 que es algo que nos preocupa a todos los mercedinos y tras pasar todas las instancias que corresponden, con un convenio en junio de 2017, homologado en agosto de 2017 y donde algunos concejales de Cambiemos y dirigentes recorrieron dicha obra prometiendo en diciembre estar\u00eda terminada y viendo que todos los plazos se vencieron y donde hemos cumplido con nuestra parte en Acceso Sanmart\u00edn de bacheo, demarcaci\u00f3n y seguridad vial, a punto de terminarse, vemos que todo de nuestra parte est\u00e1 cumplido, incluso mandando una carta documento, declarando lo importante de la obra, m\u00e1s cuando estamos con emergencia vial tras la declaraci\u00f3n que hicimos en mayo de este a\u00f1o, sabiendo la gravedad del asunto\u201d<\/p>\n<p>Inform\u00f3 que \u201ctenemos obras en toda la ciudad, varias al mismo tiempo, en simult\u00e1neo con inversi\u00f3n desde fondos propios, pero tambi\u00e9n sabemos que la avenida 2 es el acceso principal a Mercedes y no puede estar en esas condiciones, porque es un peligro a la vida.\u201d<\/p>\n<p>M\u00e1s adelante record\u00f3 que \u201ces una promesa del gobierno nacional en campa\u00f1a del 2017 y que no se cumpli\u00f3, por eso en estos d\u00edas avanzamos con el proyecto de realizarla, hemos o\u00eddo muchos dirigentes pol\u00edticos, incluso los de Cambiemos sosteniendo que les preocupaba las cloacas, o distintas cuestiones, y debemos decirles a ellos y a los vecinos que no se improvis\u00f3 nada, se efectuaron estudios, donde tenemos presente las redes de agua y cloaca, que van por vereda y no afectan en nada a la obra, habiendo solo un lugar donde se intercede que es en la calle 11, pero que est\u00e1 a una gran profundidad sin problemas donde los ingenieros han trabajado al respecto especialmente cuando vimos que la situaci\u00f3n no prosperaba\u201d sostuvo el Jefe de Gabinete.<\/p>\n<p>\u201cEste es un trabajo donde necesitamos el apoyo de todos. No es nada improvisado. Tenemos un ejemplar manejo de los fondos p\u00fablicos y por eso tenemos un plan de obras en ejecuci\u00f3n por 70 millones de pesos y nos animamos a encarar esta ya que Naci\u00f3n no la realiza. Por eso es muy valiente la decisi\u00f3n del intendente de realizar una consulta y a la vez ir convocando v\u00eda licitaci\u00f3n posibles interesados en la obra, porque el tiempo pasa, la burocracia es grande, con transparencia y apertura a todos, evitamos perder tiempo. No queremos perder m\u00e1s tiempo esperando y esperando\u201d sostuvo y remarc\u00f3 \u201cno se puede esperar un minuto m\u00e1s\u201d y reafirm\u00f3 \u201ces algo una vez m\u00e1s de previsi\u00f3n y planificaci\u00f3n\u201d y destac\u00f3 \u201cSi los vecinos lo deciden se adjudica, si deciden que no se da de baja y si Naci\u00f3n la hace tambi\u00e9n\u201d.<\/p>\n<p>No dej\u00f3 pasar su preocupaci\u00f3n y expres\u00f3 que \u201csabemos que en presupuesto del a\u00f1o pr\u00f3ximo Naci\u00f3n no lo tiene previsto. Hace unos d\u00edas o\u00eda a un dirigente provincial de Cambiemos que dec\u00eda que la avenida 2 no es una prioridad para su gobierno. Para nosotros s\u00ed. Por eso quiero dejar en claro: lo que los vecinos dec\u00edan haremos o bien la haga Naci\u00f3n, como se comprometi\u00f3\u201d<\/p>\n<p>M\u00e1s adelante destac\u00f3 que \u201ces algo que se hizo muy a conciencia son todas las \u00e1reas, como cloacas, aguas, seguridad, es algo con mucho esfuerzo de los trabajadores municipales. Nada se improvisa y se realiza de manera interdisciplinariamente. Estamos abiertos a que se acerquen desde cualquier espacio pol\u00edtico a ver los mapas y proyecciones, es algo muy comprometido y responsable, estando los trabajadores municipales mostrando muy claramente el alto nivel de compromiso y eficiencia que tienen\u201d, remarc\u00f3 Dematei.<\/p>\n","protected":false},"excerpt":{"rendered":"<p>El jefe de Gabinete, Mat\u00edas Dematei, dio detalles de la consulta y la tarea que seg\u00fan lo que determine la &#8230; <a title=\"Dematei: \u00abEn Avenida 2 no se improvisa nada, s\u00f3lo se piensa en los vecinos\u00bb\" class=\"read-more\" href=\"https:\/\/www.hoymercedes.com.ar\/principal\/2018\/10\/17\/demetei-en-avenida-2-no-se-improvisa-nada-solo-se-piensa-en-los-vecinos\/\" aria-label=\"Leer m\u00e1s sobre Dematei: \u00abEn Avenida 2 no se improvisa nada, s\u00f3lo se piensa en los vecinos\u00bb\">Leer m\u00e1s<\/a><\/p>\n","protected":false},"author":1,"featured_media":0,"comment_status":"closed","ping_status":"open","sticky":false,"template":"","format":"standard","meta":{"_monsterinsights_skip_tracking":false,"_monsterinsights_sitenote_active":false,"_monsterinsights_sitenote_note":"","_monsterinsights_sitenote_category":0,"jetpack_post_was_ever_published":false,"_jetpack_newsletter_access":"","_jetpack_dont_email_post_to_subs":false,"_jetpack_newsletter_tier_id":0,"_jetpack_memberships_contains_paywalled_content":false,"_jetpack_memberships_contains_paid_content":false,"footnotes":"","jetpack_publicize_message":"","jetpack_publicize_feature_enabled":true,"jetpack_social_post_already_shared":true,"jetpack_social_options":{"image_generator_settings":{"template":"highway","default_image_id":0,"font":"","enabled":false},"version":2},"_wpas_customize_per_network":false},"categories":[30],"tags":[3810],"class_list":["post-82609","post","type-post","status-publish","format-standard","hentry","category-municipio","tag-matias-dematei","generate-columns","tablet-grid-50","mobile-grid-100","grid-parent","grid-50"],"jetpack_publicize_connections":[],"jetpack_featured_media_url":"","wps_subtitle":"Obra p\u00fablica","jetpack_sharing_enabled":true,"_links":{"self":[{"href":"https:\/\/www.hoymercedes.com.ar\/principal\/wp-json\/wp\/v2\/posts\/82609","targetHints":{"allow":["GET"]}}],"collection":[{"href":"https:\/\/www.hoymercedes.com.ar\/principal\/wp-json\/wp\/v2\/posts"}],"about":[{"href":"https:\/\/www.hoymercedes.com.ar\/principal\/wp-json\/wp\/v2\/types\/post"}],"author":[{"embeddable":true,"href":"https:\/\/www.hoymercedes.com.ar\/principal\/wp-json\/wp\/v2\/users\/1"}],"replies":[{"embeddable":true,"href":"https:\/\/www.hoymercedes.com.ar\/principal\/wp-json\/wp\/v2\/comments?post=82609"}],"version-history":[{"count":0,"href":"https:\/\/www.hoymercedes.com.ar\/principal\/wp-json\/wp\/v2\/posts\/82609\/revisions"}],"wp:attachment":[{"href":"https:\/\/www.hoymercedes.com.ar\/principal\/wp-json\/wp\/v2\/media?parent=82609"}],"wp:term":[{"taxonomy":"category","embeddable":true,"href":"https:\/\/www.hoymercedes.com.ar\/principal\/wp-json\/wp\/v2\/categories?post=82609"},{"taxonomy":"post_tag","embeddable":true,"href":"https:\/\/www.hoymercedes.com.ar\/principal\/wp-json\/wp\/v2\/tags?post=82609"}],"curies":[{"name":"wp","href":"https:\/\/api.w.org\/{rel}","templated":true}]}}