{"id":8263,"date":"2011-10-14T12:12:43","date_gmt":"2011-10-14T12:12:43","guid":{"rendered":"http:\/\/www.hoymercedes.com.ar\/principal\/?p=8263"},"modified":"2011-10-14T12:12:43","modified_gmt":"2011-10-14T12:12:43","slug":"la-organizacion-%e2%80%9cel-negro-olmedo%e2%80%9d-cumple-19-anos-de-vida","status":"publish","type":"post","link":"https:\/\/www.hoymercedes.com.ar\/principal\/2011\/10\/14\/la-organizacion-%e2%80%9cel-negro-olmedo%e2%80%9d-cumple-19-anos-de-vida\/","title":{"rendered":"La Organizaci\u00f3n \u201cEl Negro Olmedo\u201d cumple 19 a\u00f1os de vida"},"content":{"rendered":"<p>La Organizaci\u00f3n El Negro Olmedo, naci\u00f3 el 17 de octubre de 1992. Su nombre es en homenaje al actor rosarino Alberto Olmedo. La misma es de auto gesti\u00f3n. \u201cHemos acompa\u00f1ado a cientos de personas que tienen inquietudes teatrales. Llevamos realizadas mas de 50 obras\u201d, expresaron Marisa Ivaldi y Fabi\u00e1n Morales, a poco de cumplir 19 a\u00f1os de vida.<\/p>\n<p>La organizaci\u00f3n ha participado en festivales provinciales, nacionales e internacionales, siendo distinguida en 23 oportunidades. Visitando con obras, ponencias y jurado mas de 100 ciudades del pa\u00eds y el exterior.<\/p>\n<p>\u201cDesde esta Organizaci\u00f3n hemos creado el 1er Encuentro Internacional de Teatro en Mercedes \u2018Olmedo Vive\u2019 2007 y el 1ro y 2do Encuentro de Teatro Regional \u2018Tulio Carella\u2019. En el a\u00f1o 2001 abrimos nuestro propio espacio donde se pudo hacer Teatro, exposiciones, muestras, recitales, charlas etc.\u201d.<\/p>\n<p>Los Programas y Proyectos para la ciudad que cre\u00f3 y desarroll\u00f3, algunos siguen vigentes en la actualidad son: \u201cPrograma de desarrollo barrial\u201d (Murgas, teatro, talleres de alfabetizaci\u00f3n y apoyo escolar, videos, huertas comunitarias, cine), \u201cSemana del Tango\u201d, \u201cSemana del Folclore\u201d, \u201cMercedes Joven\u201d, \u201cRock en la Plaza\u201d, \u201cViva la Juventud\u201d, 1er Festival de la m\u00fasica Mercedina \u00abVirgen de la Merced\u201d (Atrio), \u201cVerano en las Plazas\u201d, \u201cPrograma de asociativismo y participaci\u00f3n juvenil\u201d, \u201cCreaci\u00f3n y desarrollo del reglamento para los corsos de la ciudad\u201d, \u201cCreaci\u00f3n de Jurado Independiente, consensuado con los participantes\u201d, \u201cCreaci\u00f3n de los \u201cConsejos Juveniles Barriales\u201d, \u201cDesarrollo de Ordenanzas para la creaci\u00f3n de Consejos Teatrales Municipales\u201d, \u201cCreaci\u00f3n de la Murga Barrial de 2 Centavos\u201d, \u201cRecuperaci\u00f3n de la Comedia Municipal en 1998 y 2007\u201d, Congresales en la redacci\u00f3n y promulgaci\u00f3n de la \u00abLey de Teatro provincial\u00bb, Integramos la mesa directiva de la \u201cFETIBO\u201d, \u201cIntegramos la Asociaci\u00f3n \u201cNORTEATRO\u201d del Norte BA. Marisa es su presidenta, Integramos el Instituto Nacional del Teatro, Creamos el primer SERVICIO CULTURAL DE LA REGION, el primer foro cultural de Mercedes. NOTICIAS Teatrales Art\u00edsticas y Culturales de la Regi\u00f3n, el primer SERVICIO DE NECESIDAD Y URGENCIA CULTURAL, se realizaron las siguientes investigaciones: \u201cLos Lenguajes no verbales en la Formaci\u00f3n Docente\u201d, \u201cDestino y Magia del Circo Criollo\u201d, \u201cOrigen y Desarrollo del Teatro Argentino\u201d, \u201cTeatro y Educaci\u00f3n\u201d, \u201cEl Teatro de Vanguardia\u201d, \u201cDossier de Pol\u00edtica, sociedad y Cultura 1969 \u2013 1978\u201d, \u201cEvita Obrera del Arte\u201d, \u201cEl Grotesco Criollo\u201d. Participamos de diferentes producciones como: Maximiliano Guerra, Antonio Gasalla, La lecci\u00f3n de Anatom\u00eda, Sergio Denis, entre muchos. Se desarrollaron las publicaciones: \u201cLa Comedia\u201d Teatro Cultura y Educaci\u00f3n. \u201cEl Concejal\u201d Pol\u00edtico y social, cuentan a modo ilustrativo de todas las actividades desarrolladas en este largo camino.<\/p>\n<p><strong>Consejo<\/strong><\/p>\n<p>Desde el Recientemente creado Consejo Provincial de Teatro, Fabi\u00e1n Morales, en su rol de Consejero de la Regi\u00f3n de la FE y Secretario del mismo bajo la Direcci\u00f3n del Actor y Maestro Lito Cruz, llev\u00f3 adelante la tramitaci\u00f3n de m\u00e1s de 150 subsidios y la compra de una sala teatral en la localidad de Santa Lucia. Como as\u00ed tambi\u00e9n tuvo a su cargo la organizaci\u00f3n del Primer Encuentro Provincial de Teatro y la Fiesta del teatro provincial, desarrollada en marzo pasado, con 12 mil espectadores m\u00e1s de 30 espect\u00e1culos en toda la ciudad y pueblos vecinos, dando trabajo a decenas de mercedinos. En estos momentos est\u00e1 llevando adelante la Fiesta y el 2do \u201cEncuentro\u201d en la Ciudad de San Pedro donde tambi\u00e9n ha creado este a\u00f1o la Comedia de Teatro de San Pedro. Dado el \u00e9xito de la gesti\u00f3n de dichos eventos se repitieron bajo su coordinaci\u00f3n en nuestra ciudad El \u201c1er Encuentro de Teatro Callejero\u201d y la importante Muestra y Encuentro de la Federaci\u00f3n de Teatro de la Provincia de Buenos Aires. \u201cPor todo esto los invitamos a seguir juntos este camino porque sabemos que todav\u00eda es poco. Vos tambi\u00e9n podes sumarte a la Organizaci\u00f3n INSCRIPCION AL CEL: (02324) 15491095 o al E MAIL: org.olmedo@gmail.com y tambi\u00e9n pueden dirigirse a nuestra direcci\u00f3n de Facebook: http:\/\/facebook.com\/organizacionolmedo\u201d.<\/p>\n<p><strong>Talleres<\/strong><\/p>\n<p>LA ORGANIZACI\u00d3N \u201cEL NEGRO OLMEDO\u201d Comienza sus talleres de Teatro Ni\u00f1os, j\u00f3venes y adultos. Los d\u00edas martes y jueves en diversos horarios. La INSCRIPCION AL CEL: (02324) 15491095 o al E MAIL: org.olmedo@gmail.com y tambi\u00e9n pueden dirigirse a nuestra direcci\u00f3n de Facebook:<\/p>\n<p>Los Coordinadores son la Lic. MARISA IVALDI Directora de \u201cLAS CUENTA CUENTOS\u201d, Docente, Presidenta de la Asociaci\u00f3n \u201cNORTEATRO\u201d del Norte BA. El Actor y Director FABIAN MORALES Director Provincial de Teatro de la Provincia de Buenos Aires, fundador de la \u201cOrganizaci\u00f3n El Negro Olmedo\u201d, Director y fundador de la Comedia de Teatro de San Pedro, ex Director de Juventud, ex Director de la Comedia Municipal de Teatro de Mercedes, ex Director de la Comedia Juvenil de Teatro de Mercedes, ex Director de Cultura.<\/p>\n<p><span style=\"color: #888888;\">Fuente: Organizaci\u00f3n Negro Olmedo<\/span><\/p>\n","protected":false},"excerpt":{"rendered":"<p>La Organizaci\u00f3n El Negro Olmedo, naci\u00f3 el 17 de octubre de 1992. Su nombre es en homenaje al actor rosarino &#8230; <a title=\"La Organizaci\u00f3n \u201cEl Negro Olmedo\u201d cumple 19 a\u00f1os de vida\" class=\"read-more\" href=\"https:\/\/www.hoymercedes.com.ar\/principal\/2011\/10\/14\/la-organizacion-%e2%80%9cel-negro-olmedo%e2%80%9d-cumple-19-anos-de-vida\/\" aria-label=\"Leer m\u00e1s sobre La Organizaci\u00f3n \u201cEl Negro Olmedo\u201d cumple 19 a\u00f1os de vida\">Leer m\u00e1s<\/a><\/p>\n","protected":false},"author":1,"featured_media":0,"comment_status":"open","ping_status":"open","sticky":false,"template":"","format":"standard","meta":{"_monsterinsights_skip_tracking":false,"_monsterinsights_sitenote_active":false,"_monsterinsights_sitenote_note":"","_monsterinsights_sitenote_category":0,"jetpack_post_was_ever_published":false,"_jetpack_newsletter_access":"","_jetpack_dont_email_post_to_subs":false,"_jetpack_newsletter_tier_id":0,"_jetpack_memberships_contains_paywalled_content":false,"_jetpack_memberships_contains_paid_content":false,"footnotes":"","jetpack_publicize_message":"","jetpack_publicize_feature_enabled":true,"jetpack_social_post_already_shared":false,"jetpack_social_options":{"image_generator_settings":{"template":"highway","default_image_id":0,"font":"","enabled":false},"version":2},"_wpas_customize_per_network":false},"categories":[8],"tags":[479,1468,763],"class_list":["post-8263","post","type-post","status-publish","format-standard","hentry","category-sociedad","tag-fabian-morales","tag-organizacion-negro-olmedo","tag-teatro-mercedes","generate-columns","tablet-grid-50","mobile-grid-100","grid-parent","grid-50"],"jetpack_publicize_connections":[],"jetpack_featured_media_url":"","wps_subtitle":"","jetpack_sharing_enabled":true,"_links":{"self":[{"href":"https:\/\/www.hoymercedes.com.ar\/principal\/wp-json\/wp\/v2\/posts\/8263","targetHints":{"allow":["GET"]}}],"collection":[{"href":"https:\/\/www.hoymercedes.com.ar\/principal\/wp-json\/wp\/v2\/posts"}],"about":[{"href":"https:\/\/www.hoymercedes.com.ar\/principal\/wp-json\/wp\/v2\/types\/post"}],"author":[{"embeddable":true,"href":"https:\/\/www.hoymercedes.com.ar\/principal\/wp-json\/wp\/v2\/users\/1"}],"replies":[{"embeddable":true,"href":"https:\/\/www.hoymercedes.com.ar\/principal\/wp-json\/wp\/v2\/comments?post=8263"}],"version-history":[{"count":0,"href":"https:\/\/www.hoymercedes.com.ar\/principal\/wp-json\/wp\/v2\/posts\/8263\/revisions"}],"wp:attachment":[{"href":"https:\/\/www.hoymercedes.com.ar\/principal\/wp-json\/wp\/v2\/media?parent=8263"}],"wp:term":[{"taxonomy":"category","embeddable":true,"href":"https:\/\/www.hoymercedes.com.ar\/principal\/wp-json\/wp\/v2\/categories?post=8263"},{"taxonomy":"post_tag","embeddable":true,"href":"https:\/\/www.hoymercedes.com.ar\/principal\/wp-json\/wp\/v2\/tags?post=8263"}],"curies":[{"name":"wp","href":"https:\/\/api.w.org\/{rel}","templated":true}]}}