{"id":82662,"date":"2018-10-17T20:29:12","date_gmt":"2018-10-17T23:29:12","guid":{"rendered":"http:\/\/www.hoymercedes.com.ar\/principal\/?p=82662"},"modified":"2018-10-18T08:37:21","modified_gmt":"2018-10-18T11:37:21","slug":"adrian-sosa-se-presentara-en-mercedes-con-historias-que-cantan-un-pais","status":"publish","type":"post","link":"https:\/\/www.hoymercedes.com.ar\/principal\/2018\/10\/17\/adrian-sosa-se-presentara-en-mercedes-con-historias-que-cantan-un-pais\/","title":{"rendered":"Adri\u00e1n Sosa se presentar\u00e1 en Mercedes con \u201cHistorias que cantan un Pa\u00eds\u201d"},"content":{"rendered":"<p>&nbsp;<\/p>\n<figure id=\"attachment_82663\" aria-describedby=\"caption-attachment-82663\" style=\"width: 620px\" class=\"wp-caption aligncenter\"><img loading=\"lazy\" decoding=\"async\" data-attachment-id=\"82663\" data-permalink=\"https:\/\/www.hoymercedes.com.ar\/principal\/2018\/10\/17\/adrian-sosa-se-presentara-en-mercedes-con-historias-que-cantan-un-pais\/adrian-sosa\/#main\" data-orig-file=\"https:\/\/www.hoymercedes.com.ar\/principal\/wp-content\/uploads\/2018\/10\/adrian-sosa.jpg\" data-orig-size=\"818,460\" data-comments-opened=\"0\" data-image-meta=\"{&quot;aperture&quot;:&quot;0&quot;,&quot;credit&quot;:&quot;&quot;,&quot;camera&quot;:&quot;&quot;,&quot;caption&quot;:&quot;&quot;,&quot;created_timestamp&quot;:&quot;0&quot;,&quot;copyright&quot;:&quot;&quot;,&quot;focal_length&quot;:&quot;0&quot;,&quot;iso&quot;:&quot;0&quot;,&quot;shutter_speed&quot;:&quot;0&quot;,&quot;title&quot;:&quot;&quot;,&quot;orientation&quot;:&quot;0&quot;}\" data-image-title=\"adrian-sosa\" data-image-description=\"\" data-image-caption=\"&lt;p&gt;Adrian Sosa&lt;\/p&gt;\n\" data-large-file=\"https:\/\/www.hoymercedes.com.ar\/principal\/wp-content\/uploads\/2018\/10\/adrian-sosa.jpg\" class=\"size-medium wp-image-82663\" src=\"https:\/\/www.hoymercedes.com.ar\/principal\/wp-content\/uploads\/2018\/10\/adrian-sosa-630x354.jpg\" alt=\"\" width=\"630\" height=\"354\" srcset=\"https:\/\/www.hoymercedes.com.ar\/principal\/wp-content\/uploads\/2018\/10\/adrian-sosa-630x354.jpg 630w, https:\/\/www.hoymercedes.com.ar\/principal\/wp-content\/uploads\/2018\/10\/adrian-sosa-150x84.jpg 150w, https:\/\/www.hoymercedes.com.ar\/principal\/wp-content\/uploads\/2018\/10\/adrian-sosa.jpg 818w\" sizes=\"auto, (max-width: 630px) 100vw, 630px\" \/><figcaption id=\"caption-attachment-82663\" class=\"wp-caption-text\">Adrian Sosa<\/figcaption><\/figure>\n<p style=\"font-weight: 400;\">El bombista y cantor Adri\u00e1n Sosa, qui\u00e9n es sobrino de la gran Mercedes Sosa, se estar\u00e1 presentando el pr\u00f3ximo s\u00e1bado 20 de octubre en nuestra ciudad.\u00a0 Esta ser\u00e1 la primera presentaci\u00f3n en la provincia de Buenos Aires de su nuevo disco \u201cHistorias que Cantan un Pa\u00eds\u201d. La misma se realizar\u00e1 a las 21:00 horas en el sal\u00f3n del Sindicato de AEFIP (calle 28, casi esquina 23). La entrada costar\u00e1 150 pesos -las mismas son limitadas- y habr\u00e1 servicio de cantina.<\/p>\n<p style=\"font-weight: 400;\">El profesor Claudio Zermoglio, uno de los precursores del evento explic\u00f3 \u201ceste disco lo grab\u00f3 entre el 2007 y el 2015 es un gran trabajo\u201d y a\u00f1adi\u00f3 \u201cAdri\u00e1n Sosa vendr\u00e1 con dos m\u00fasicos, entre ellos, Walter Barrios, qui\u00e9n tambi\u00e9n fuera bombista de Mercedes Sosa\u201d.<\/p>\n<p style=\"font-weight: 400;\">Adem\u00e1s, indic\u00f3 \u201ceste disco es muy representativo de nuestra tierra, sumado a que Adri\u00e1n pertenece a un linaje de m\u00fasicos que interpretan con maestr\u00eda un canto ancestral que lo convierte en un m\u00fasico de gran talla\u201d y destac\u00f3 \u201ccreo que su venida a la ciudad de Mercedes es muy importante y es un gran aporte a la m\u00fasica y a la cultura de la regi\u00f3n\u201d.<\/p>\n<p style=\"font-weight: 400;\">Virgilio Carmona, Atahualpa Yupanqui y Teresa Parodi son algunos de los autores a los que recurri\u00f3 Adri\u00e1n Sosa para crear \u201cHistorias que cantan un pa\u00eds\u201d, su segundo disco con el cual recorre paisajes y ritmos de la Argentina para relatar las cosas que le dan identidad como naci\u00f3n.<\/p>\n<p style=\"font-weight: 400;\">A su vez, Zermoglio dijo \u201cla idea es seguir realizando este tipo de eventos, tal vez hagamos un cierre de ciclo en diciembre con la presentaci\u00f3n del disco de Virginia Altube y el a\u00f1o que viene seguir con estas iniciativas, m\u00fasica que quiz\u00e1s no es tan reconocida a nivel comercial, pero que a trav\u00e9s de este espacio tratamos de brindar la posibilidad de hacerla escuchar\u201d.<\/p>\n<p style=\"font-weight: 400;\">Asimismo, enfatiz\u00f3 \u201ces una alternativa diferente, para el p\u00fablico que le guste ir y sentarse a escuchar al artista. Nosotros tratamos de visualizar una parte del folclore que no se conoce tanto\u201d y agreg\u00f3 \u201cen la m\u00fasica de Adri\u00e1n Sosa se destacan las historias que tienen que ver con un pa\u00eds m\u00e1s profundo, historias con personajes de sus lugares, el hombre como personaje de su poes\u00eda y de su canto\u201d.<\/p>\n<p style=\"font-weight: 400;\">Adri\u00e1n Sosa comparti\u00f3 el escenario mayor del Festival de folklore Cosqu\u00edn 2008 con su t\u00eda Mercedes Sosa, adem\u00e1s de distintos escenarios del pa\u00eds. Tambi\u00e9n particip\u00f3 como percusionista de Coqui y Claudio Sosa, actu\u00f3 en festivales como: Monteros canta a la Patria (Monteros); del Lim\u00f3n, (Taf\u00ed Viejo); Fiesta nacional de la empanada, (Famaill\u00e1); del Queso (Taf\u00ed del Valle); de la Verdura, (El Mollar, Tafi del Valle); del Tambo; (Trancas), del Sulky (Simoca); de Doma y Folclore (Jes\u00fas Mar\u00eda, C\u00f3rdoba); Festival de Cosqu\u00edn, (C\u00f3rdoba); y en distintos escenarios de la provincia de Tucum\u00e1n y el Pa\u00eds. Adem\u00e1s de participar activamente en las producciones: \u00abA pesar de todo\u201d y \u00abSiglo de esperanza\u201d de Caqui Sosa; y \u00abComo los sauces al viento\u201d de Claudio Sosa.<\/p>\n","protected":false},"excerpt":{"rendered":"<p>&nbsp; El bombista y cantor Adri\u00e1n Sosa, qui\u00e9n es sobrino de la gran Mercedes Sosa, se estar\u00e1 presentando el pr\u00f3ximo &#8230; <a title=\"Adri\u00e1n Sosa se presentar\u00e1 en Mercedes con \u201cHistorias que cantan un Pa\u00eds\u201d\" class=\"read-more\" href=\"https:\/\/www.hoymercedes.com.ar\/principal\/2018\/10\/17\/adrian-sosa-se-presentara-en-mercedes-con-historias-que-cantan-un-pais\/\" aria-label=\"Leer m\u00e1s sobre Adri\u00e1n Sosa se presentar\u00e1 en Mercedes con \u201cHistorias que cantan un Pa\u00eds\u201d\">Leer m\u00e1s<\/a><\/p>\n","protected":false},"author":1,"featured_media":82663,"comment_status":"closed","ping_status":"open","sticky":false,"template":"","format":"standard","meta":{"_monsterinsights_skip_tracking":false,"_monsterinsights_sitenote_active":false,"_monsterinsights_sitenote_note":"","_monsterinsights_sitenote_category":0,"jetpack_post_was_ever_published":false,"_jetpack_newsletter_access":"","_jetpack_dont_email_post_to_subs":false,"_jetpack_newsletter_tier_id":0,"_jetpack_memberships_contains_paywalled_content":false,"_jetpack_memberships_contains_paid_content":false,"footnotes":"","jetpack_publicize_message":"","jetpack_publicize_feature_enabled":true,"jetpack_social_post_already_shared":true,"jetpack_social_options":{"image_generator_settings":{"template":"highway","default_image_id":0,"font":"","enabled":false},"version":2},"_wpas_customize_per_network":false},"categories":[104],"tags":[2381,7805,9459,8539],"class_list":["post-82662","post","type-post","status-publish","format-standard","has-post-thumbnail","hentry","category-cultura","tag-aefip","tag-cultura","tag-folklore","tag-musica","generate-columns","tablet-grid-50","mobile-grid-100","grid-parent","grid-50"],"jetpack_publicize_connections":[],"jetpack_featured_media_url":"https:\/\/www.hoymercedes.com.ar\/principal\/wp-content\/uploads\/2018\/10\/adrian-sosa.jpg","wps_subtitle":"Pe\u00f1a y folklore ","jetpack_sharing_enabled":true,"_links":{"self":[{"href":"https:\/\/www.hoymercedes.com.ar\/principal\/wp-json\/wp\/v2\/posts\/82662","targetHints":{"allow":["GET"]}}],"collection":[{"href":"https:\/\/www.hoymercedes.com.ar\/principal\/wp-json\/wp\/v2\/posts"}],"about":[{"href":"https:\/\/www.hoymercedes.com.ar\/principal\/wp-json\/wp\/v2\/types\/post"}],"author":[{"embeddable":true,"href":"https:\/\/www.hoymercedes.com.ar\/principal\/wp-json\/wp\/v2\/users\/1"}],"replies":[{"embeddable":true,"href":"https:\/\/www.hoymercedes.com.ar\/principal\/wp-json\/wp\/v2\/comments?post=82662"}],"version-history":[{"count":0,"href":"https:\/\/www.hoymercedes.com.ar\/principal\/wp-json\/wp\/v2\/posts\/82662\/revisions"}],"wp:featuredmedia":[{"embeddable":true,"href":"https:\/\/www.hoymercedes.com.ar\/principal\/wp-json\/wp\/v2\/media\/82663"}],"wp:attachment":[{"href":"https:\/\/www.hoymercedes.com.ar\/principal\/wp-json\/wp\/v2\/media?parent=82662"}],"wp:term":[{"taxonomy":"category","embeddable":true,"href":"https:\/\/www.hoymercedes.com.ar\/principal\/wp-json\/wp\/v2\/categories?post=82662"},{"taxonomy":"post_tag","embeddable":true,"href":"https:\/\/www.hoymercedes.com.ar\/principal\/wp-json\/wp\/v2\/tags?post=82662"}],"curies":[{"name":"wp","href":"https:\/\/api.w.org\/{rel}","templated":true}]}}