{"id":82665,"date":"2018-10-17T23:05:11","date_gmt":"2018-10-18T02:05:11","guid":{"rendered":"http:\/\/www.hoymercedes.com.ar\/principal\/?p=82665"},"modified":"2018-10-18T08:36:03","modified_gmt":"2018-10-18T11:36:03","slug":"la-bandera-nos-une-junto-a-cientos-de-nenes-y-nenas-de-nuestra-ciudad","status":"publish","type":"post","link":"https:\/\/www.hoymercedes.com.ar\/principal\/2018\/10\/17\/la-bandera-nos-une-junto-a-cientos-de-nenes-y-nenas-de-nuestra-ciudad\/","title":{"rendered":"\u201cLa Bandera nos Une\u201d junt\u00f3 a cientos de nenes y nenas de nuestra ciudad"},"content":{"rendered":"<figure id=\"attachment_82666\" aria-describedby=\"caption-attachment-82666\" style=\"width: 620px\" class=\"wp-caption aligncenter\"><img loading=\"lazy\" decoding=\"async\" data-attachment-id=\"82666\" data-permalink=\"https:\/\/www.hoymercedes.com.ar\/principal\/2018\/10\/17\/la-bandera-nos-une-junto-a-cientos-de-nenes-y-nenas-de-nuestra-ciudad\/attachment\/01\/#main\" data-orig-file=\"https:\/\/www.hoymercedes.com.ar\/principal\/wp-content\/uploads\/2018\/10\/01.jpg\" data-orig-size=\"985,657\" data-comments-opened=\"0\" data-image-meta=\"{&quot;aperture&quot;:&quot;0&quot;,&quot;credit&quot;:&quot;&quot;,&quot;camera&quot;:&quot;&quot;,&quot;caption&quot;:&quot;&quot;,&quot;created_timestamp&quot;:&quot;0&quot;,&quot;copyright&quot;:&quot;&quot;,&quot;focal_length&quot;:&quot;0&quot;,&quot;iso&quot;:&quot;0&quot;,&quot;shutter_speed&quot;:&quot;0&quot;,&quot;title&quot;:&quot;&quot;,&quot;orientation&quot;:&quot;0&quot;}\" data-image-title=\"La bandera nos une\" data-image-description=\"\" data-image-caption=\"&lt;p&gt;La bandera nos une&lt;\/p&gt;\n\" data-large-file=\"https:\/\/www.hoymercedes.com.ar\/principal\/wp-content\/uploads\/2018\/10\/01.jpg\" class=\"size-medium wp-image-82666\" src=\"https:\/\/www.hoymercedes.com.ar\/principal\/wp-content\/uploads\/2018\/10\/01-630x420.jpg\" alt=\"\" width=\"630\" height=\"420\" srcset=\"https:\/\/www.hoymercedes.com.ar\/principal\/wp-content\/uploads\/2018\/10\/01-630x420.jpg 630w, https:\/\/www.hoymercedes.com.ar\/principal\/wp-content\/uploads\/2018\/10\/01-150x100.jpg 150w, https:\/\/www.hoymercedes.com.ar\/principal\/wp-content\/uploads\/2018\/10\/01.jpg 985w\" sizes=\"auto, (max-width: 630px) 100vw, 630px\" \/><figcaption id=\"caption-attachment-82666\" class=\"wp-caption-text\">La bandera nos une<\/figcaption><\/figure>\n<p style=\"font-weight: 400;\">Por segundo a\u00f1o consecutivo se est\u00e1 realizando, en el predio del Ex Mart\u00edn Rodr\u00edguez, el proyecto \u201cLa Bandera Nos Une\u201d. Esta iniciativa lo que busca es generar una mancomuni\u00f3n entre los chicos de las diferentes instituciones educativas. \u201cEl objetivo es que m\u00e1s all\u00e1 de la diversidad de colores que tienen seg\u00fan la escuela, se unan bajo una misma bandera, la Argentina\u201d destac\u00f3 el intendente Juan Ignacio Ustarroz impulsor de la idea que permite el juego, el intercambio y la socializaci\u00f3n de los nenes y nenas mercedinos.<\/p>\n<p style=\"font-weight: 400;\">Adem\u00e1s, el jefe comunal resalt\u00f3 \u201ces muy grato poder ver a los chicos -junto a las autoridades escolares- llevando adelante esta hermosa iniciativa\u201d y a\u00f1adi\u00f3 \u201cel proyecto \u201cLa Bandera Nos Une\u201d ha demostrado, tanto el a\u00f1o pasado, como este, servir para que los ni\u00f1os y ni\u00f1as de nuestra ciudad se relacionen y valoren la importancia de ser parte de una misma ciudad, de un mismo pa\u00eds\u201d.<\/p>\n<p>&nbsp;<\/p>\n<p style=\"font-weight: 400;\">Este proyecto se llev\u00f3 a cabo durante dos d\u00edas, contando con 25 profesores de la Direcci\u00f3n de Deportes. La primera jornada para los 4\u00b0 grados y la segunda para los 5\u00b0.<\/p>\n<p style=\"font-weight: 400;\">Participaron docentes, profesores de educaci\u00f3n f\u00edsica, directivos e inspectores.<\/p>\n<p style=\"font-weight: 400;\">Pamela Herrera, coordinadora de educaci\u00f3n municipal, sostuvo que este \u201cesta iniciativa se fortaleci\u00f3 y tenemos muchos m\u00e1s chicos que el a\u00f1o pasado\u201d y destac\u00f3 \u201cestamos muy contentos de poder continuar con una actividad que brega por la integraci\u00f3n de todos los ni\u00f1os de nuestra ciudad\u201d.<\/p>\n<figure id=\"attachment_82667\" aria-describedby=\"caption-attachment-82667\" style=\"width: 620px\" class=\"wp-caption aligncenter\"><img loading=\"lazy\" decoding=\"async\" data-attachment-id=\"82667\" data-permalink=\"https:\/\/www.hoymercedes.com.ar\/principal\/2018\/10\/17\/la-bandera-nos-une-junto-a-cientos-de-nenes-y-nenas-de-nuestra-ciudad\/attachment\/02\/#main\" data-orig-file=\"https:\/\/www.hoymercedes.com.ar\/principal\/wp-content\/uploads\/2018\/10\/02.jpg\" data-orig-size=\"911,608\" data-comments-opened=\"0\" data-image-meta=\"{&quot;aperture&quot;:&quot;0&quot;,&quot;credit&quot;:&quot;&quot;,&quot;camera&quot;:&quot;&quot;,&quot;caption&quot;:&quot;&quot;,&quot;created_timestamp&quot;:&quot;0&quot;,&quot;copyright&quot;:&quot;&quot;,&quot;focal_length&quot;:&quot;0&quot;,&quot;iso&quot;:&quot;0&quot;,&quot;shutter_speed&quot;:&quot;0&quot;,&quot;title&quot;:&quot;&quot;,&quot;orientation&quot;:&quot;0&quot;}\" data-image-title=\"bandera nos une\" data-image-description=\"\" data-image-caption=\"&lt;p&gt;Ustarroz junto a inspectores y directivos&lt;\/p&gt;\n\" data-large-file=\"https:\/\/www.hoymercedes.com.ar\/principal\/wp-content\/uploads\/2018\/10\/02.jpg\" class=\"size-medium wp-image-82667\" src=\"https:\/\/www.hoymercedes.com.ar\/principal\/wp-content\/uploads\/2018\/10\/02-630x420.jpg\" alt=\"\" width=\"630\" height=\"420\" srcset=\"https:\/\/www.hoymercedes.com.ar\/principal\/wp-content\/uploads\/2018\/10\/02-630x420.jpg 630w, https:\/\/www.hoymercedes.com.ar\/principal\/wp-content\/uploads\/2018\/10\/02-150x100.jpg 150w, https:\/\/www.hoymercedes.com.ar\/principal\/wp-content\/uploads\/2018\/10\/02.jpg 911w\" sizes=\"auto, (max-width: 630px) 100vw, 630px\" \/><figcaption id=\"caption-attachment-82667\" class=\"wp-caption-text\">Ustarroz junto a inspectores y directivos<\/figcaption><\/figure>\n<p style=\"font-weight: 400;\">Por su parte la coordinadora de la Direcci\u00f3n de Deporte, Mariana Saboredo indic\u00f3 \u201ceste a\u00f1o duplicamos el n\u00famero de alumnos\u201d y se\u00f1al\u00f3 \u201clas actividades ser\u00e1n llevadas a cabo durante dos d\u00edas divididos en cuatro jornadas\u201d.<\/p>\n<p style=\"font-weight: 400;\">A su vez, Saboredo inform\u00f3 \u201cel proyecto \u201cLa Bandera Nos une\u201d es para los chicos de cuarto grado, para los de quinto grado se denomina \u201cLa Bandera Nos Une y Nos Afianza\u201d y la idea es continuar el a\u00f1o que viene con los de sexto, en lo que se denominar\u00eda \u201cLa Bandera Nos une, Nos Afianza y Nos Independiza\u201d y agreg\u00f3 \u201cde esta manera seguimos trabajando de manera mancomunada con las diferentes \u00e1reas del municipio para que esta iniciativa siga creciendo\u201d.<\/p>\n<p style=\"font-weight: 400;\">Hubo adem\u00e1s merienda, entrega de pines y muchas actividades que permiti\u00f3 el trabajo en equipo creando m\u00e1s y mejores lazos de amistad e intercambio entre los nenes y nenas de distintas instituciones.<\/p>\n<p>Da<img loading=\"lazy\" decoding=\"async\" data-attachment-id=\"82668\" data-permalink=\"https:\/\/www.hoymercedes.com.ar\/principal\/2018\/10\/17\/la-bandera-nos-une-junto-a-cientos-de-nenes-y-nenas-de-nuestra-ciudad\/attachment\/04\/#main\" data-orig-file=\"https:\/\/www.hoymercedes.com.ar\/principal\/wp-content\/uploads\/2018\/10\/04.jpg\" data-orig-size=\"911,608\" data-comments-opened=\"0\" data-image-meta=\"{&quot;aperture&quot;:&quot;0&quot;,&quot;credit&quot;:&quot;&quot;,&quot;camera&quot;:&quot;&quot;,&quot;caption&quot;:&quot;&quot;,&quot;created_timestamp&quot;:&quot;0&quot;,&quot;copyright&quot;:&quot;&quot;,&quot;focal_length&quot;:&quot;0&quot;,&quot;iso&quot;:&quot;0&quot;,&quot;shutter_speed&quot;:&quot;0&quot;,&quot;title&quot;:&quot;&quot;,&quot;orientation&quot;:&quot;0&quot;}\" data-image-title=\"La Bandera nos une\" data-image-description=\"\" data-image-caption=\"\" data-large-file=\"https:\/\/www.hoymercedes.com.ar\/principal\/wp-content\/uploads\/2018\/10\/04.jpg\" class=\"aligncenter size-medium wp-image-82668\" src=\"https:\/\/www.hoymercedes.com.ar\/principal\/wp-content\/uploads\/2018\/10\/04-630x420.jpg\" alt=\"\" width=\"630\" height=\"420\" srcset=\"https:\/\/www.hoymercedes.com.ar\/principal\/wp-content\/uploads\/2018\/10\/04-630x420.jpg 630w, https:\/\/www.hoymercedes.com.ar\/principal\/wp-content\/uploads\/2018\/10\/04-150x100.jpg 150w, https:\/\/www.hoymercedes.com.ar\/principal\/wp-content\/uploads\/2018\/10\/04.jpg 911w\" sizes=\"auto, (max-width: 630px) 100vw, 630px\" \/><\/p>\n<p>&nbsp;<\/p>\n<figure id=\"attachment_82669\" aria-describedby=\"caption-attachment-82669\" style=\"width: 620px\" class=\"wp-caption aligncenter\"><img loading=\"lazy\" decoding=\"async\" data-attachment-id=\"82669\" data-permalink=\"https:\/\/www.hoymercedes.com.ar\/principal\/2018\/10\/17\/la-bandera-nos-une-junto-a-cientos-de-nenes-y-nenas-de-nuestra-ciudad\/attachment\/05\/#main\" data-orig-file=\"https:\/\/www.hoymercedes.com.ar\/principal\/wp-content\/uploads\/2018\/10\/05.jpg\" data-orig-size=\"911,608\" data-comments-opened=\"0\" data-image-meta=\"{&quot;aperture&quot;:&quot;0&quot;,&quot;credit&quot;:&quot;&quot;,&quot;camera&quot;:&quot;&quot;,&quot;caption&quot;:&quot;&quot;,&quot;created_timestamp&quot;:&quot;0&quot;,&quot;copyright&quot;:&quot;&quot;,&quot;focal_length&quot;:&quot;0&quot;,&quot;iso&quot;:&quot;0&quot;,&quot;shutter_speed&quot;:&quot;0&quot;,&quot;title&quot;:&quot;&quot;,&quot;orientation&quot;:&quot;0&quot;}\" data-image-title=\"bandera nos une\" data-image-description=\"\" data-image-caption=\"&lt;p&gt;Ni\u00f1os y ni\u00f1as juegan en el Mart\u00edn Rodriguez&lt;\/p&gt;\n\" data-large-file=\"https:\/\/www.hoymercedes.com.ar\/principal\/wp-content\/uploads\/2018\/10\/05.jpg\" class=\"size-medium wp-image-82669\" src=\"https:\/\/www.hoymercedes.com.ar\/principal\/wp-content\/uploads\/2018\/10\/05-630x420.jpg\" alt=\"\" width=\"630\" height=\"420\" srcset=\"https:\/\/www.hoymercedes.com.ar\/principal\/wp-content\/uploads\/2018\/10\/05-630x420.jpg 630w, https:\/\/www.hoymercedes.com.ar\/principal\/wp-content\/uploads\/2018\/10\/05-150x100.jpg 150w, https:\/\/www.hoymercedes.com.ar\/principal\/wp-content\/uploads\/2018\/10\/05.jpg 911w\" sizes=\"auto, (max-width: 630px) 100vw, 630px\" \/><figcaption id=\"caption-attachment-82669\" class=\"wp-caption-text\">Ni\u00f1os y ni\u00f1as juegan en el Mart\u00edn Rodriguez<\/figcaption><\/figure>\n<p>Data: Municipio<\/p>\n<p>&nbsp;<\/p>\n","protected":false},"excerpt":{"rendered":"<p>Por segundo a\u00f1o consecutivo se est\u00e1 realizando, en el predio del Ex Mart\u00edn Rodr\u00edguez, el proyecto \u201cLa Bandera Nos Une\u201d. &#8230; <a title=\"\u201cLa Bandera nos Une\u201d junt\u00f3 a cientos de nenes y nenas de nuestra ciudad\" class=\"read-more\" href=\"https:\/\/www.hoymercedes.com.ar\/principal\/2018\/10\/17\/la-bandera-nos-une-junto-a-cientos-de-nenes-y-nenas-de-nuestra-ciudad\/\" aria-label=\"Leer m\u00e1s sobre \u201cLa Bandera nos Une\u201d junt\u00f3 a cientos de nenes y nenas de nuestra ciudad\">Leer m\u00e1s<\/a><\/p>\n","protected":false},"author":1,"featured_media":82666,"comment_status":"closed","ping_status":"open","sticky":false,"template":"","format":"standard","meta":{"_monsterinsights_skip_tracking":false,"_monsterinsights_sitenote_active":false,"_monsterinsights_sitenote_note":"","_monsterinsights_sitenote_category":0,"jetpack_post_was_ever_published":false,"_jetpack_newsletter_access":"","_jetpack_dont_email_post_to_subs":false,"_jetpack_newsletter_tier_id":0,"_jetpack_memberships_contains_paywalled_content":false,"_jetpack_memberships_contains_paid_content":false,"footnotes":"","jetpack_publicize_message":"","jetpack_publicize_feature_enabled":true,"jetpack_social_post_already_shared":true,"jetpack_social_options":{"image_generator_settings":{"template":"highway","default_image_id":0,"font":"","enabled":false},"version":2},"_wpas_customize_per_network":false},"categories":[30],"tags":[47,244,424],"class_list":["post-82665","post","type-post","status-publish","format-standard","has-post-thumbnail","hentry","category-municipio","tag-educacion-2","tag-municipio-2","tag-ustarroz","generate-columns","tablet-grid-50","mobile-grid-100","grid-parent","grid-50"],"jetpack_publicize_connections":[],"jetpack_featured_media_url":"https:\/\/www.hoymercedes.com.ar\/principal\/wp-content\/uploads\/2018\/10\/01.jpg","wps_subtitle":"Educaci\u00f3n y Estado Municipal","jetpack_sharing_enabled":true,"_links":{"self":[{"href":"https:\/\/www.hoymercedes.com.ar\/principal\/wp-json\/wp\/v2\/posts\/82665","targetHints":{"allow":["GET"]}}],"collection":[{"href":"https:\/\/www.hoymercedes.com.ar\/principal\/wp-json\/wp\/v2\/posts"}],"about":[{"href":"https:\/\/www.hoymercedes.com.ar\/principal\/wp-json\/wp\/v2\/types\/post"}],"author":[{"embeddable":true,"href":"https:\/\/www.hoymercedes.com.ar\/principal\/wp-json\/wp\/v2\/users\/1"}],"replies":[{"embeddable":true,"href":"https:\/\/www.hoymercedes.com.ar\/principal\/wp-json\/wp\/v2\/comments?post=82665"}],"version-history":[{"count":0,"href":"https:\/\/www.hoymercedes.com.ar\/principal\/wp-json\/wp\/v2\/posts\/82665\/revisions"}],"wp:featuredmedia":[{"embeddable":true,"href":"https:\/\/www.hoymercedes.com.ar\/principal\/wp-json\/wp\/v2\/media\/82666"}],"wp:attachment":[{"href":"https:\/\/www.hoymercedes.com.ar\/principal\/wp-json\/wp\/v2\/media?parent=82665"}],"wp:term":[{"taxonomy":"category","embeddable":true,"href":"https:\/\/www.hoymercedes.com.ar\/principal\/wp-json\/wp\/v2\/categories?post=82665"},{"taxonomy":"post_tag","embeddable":true,"href":"https:\/\/www.hoymercedes.com.ar\/principal\/wp-json\/wp\/v2\/tags?post=82665"}],"curies":[{"name":"wp","href":"https:\/\/api.w.org\/{rel}","templated":true}]}}