{"id":8267,"date":"2011-10-14T12:19:28","date_gmt":"2011-10-14T12:19:28","guid":{"rendered":"http:\/\/www.hoymercedes.com.ar\/principal\/?p=8267"},"modified":"2011-10-14T12:19:28","modified_gmt":"2011-10-14T12:19:28","slug":"ustarroz-presento-un-plan-de-cyber-seguridad-para-las-escuelas","status":"publish","type":"post","link":"https:\/\/www.hoymercedes.com.ar\/principal\/2011\/10\/14\/ustarroz-presento-un-plan-de-cyber-seguridad-para-las-escuelas\/","title":{"rendered":"Ustarroz present\u00f3 un plan de cyber seguridad para las escuelas"},"content":{"rendered":"<p><a href=\"https:\/\/www.hoymercedes.com.ar\/principal\/wp-content\/uploads\/2011\/10\/Ustarroz-Juan.jpg\"><img loading=\"lazy\" decoding=\"async\" data-attachment-id=\"8269\" data-permalink=\"https:\/\/www.hoymercedes.com.ar\/principal\/2011\/10\/14\/ustarroz-presento-un-plan-de-cyber-seguridad-para-las-escuelas\/ustarroz-juan\/#main\" data-orig-file=\"https:\/\/www.hoymercedes.com.ar\/principal\/wp-content\/uploads\/2011\/10\/Ustarroz-Juan.jpg\" data-orig-size=\"612,406\" data-comments-opened=\"1\" data-image-meta=\"{&quot;aperture&quot;:&quot;2.8&quot;,&quot;credit&quot;:&quot;Moreira Mario Hugo    FOTOGRAFIA&quot;,&quot;camera&quot;:&quot;NIKON D300&quot;,&quot;caption&quot;:&quot;&quot;,&quot;created_timestamp&quot;:&quot;1318533132&quot;,&quot;copyright&quot;:&quot;AW Fotografia   Moreira Mario Hugo&quot;,&quot;focal_length&quot;:&quot;80&quot;,&quot;iso&quot;:&quot;2500&quot;,&quot;shutter_speed&quot;:&quot;0.016666666666667&quot;,&quot;title&quot;:&quot;&quot;}\" data-image-title=\"Ustarroz-Juan\" data-image-description=\"\" data-image-caption=\"\" data-large-file=\"https:\/\/www.hoymercedes.com.ar\/principal\/wp-content\/uploads\/2011\/10\/Ustarroz-Juan.jpg\" class=\"aligncenter size-full wp-image-8269\" title=\"Ustarroz-Juan\" src=\"https:\/\/www.hoymercedes.com.ar\/principal\/wp-content\/uploads\/2011\/10\/Ustarroz-Juan.jpg\" alt=\"\" width=\"612\" height=\"406\" \/><\/a><\/p>\n<p>Con la firme idea de que los j\u00f3venes se formen en el mundo de las comunicaciones en forma segura se realiz\u00f3 un taller de Ciber Seguridad en el Hotel Mercedes este jueves en el Hotel Mercedes, a cargo de Jer\u00f3nimo Varela, COO de ESET Latinoam\u00e9rica, quien present\u00f3, junto a Juani Ustarroz, un proyecto para concienciar a los chicos en edad escolar en todos los colegios de Mercedes.<\/p>\n<p>\u201cLa Seguridad cibern\u00e9tica es muy importante. Internet es una herramienta que ayuda al conocimiento, al desarrollo de las comunidades y de las personas, pero tambi\u00e9n tiene su lado oscuro y su problem\u00e1tica\u201d, indic\u00f3 Juani.<\/p>\n<p>Adem\u00e1s habl\u00f3 de la importancia que tiene el Estado con respecto a este tema: \u201cdesde nuestra concepci\u00f3n el municipio tiene que tener un rol activo en esta materia, que es nueva y que hoy todos los chicos lo utilizan, por eso es necesario que el Estado acerque estos conocimientos para que la posibilidad que genera navegar en Internet tambi\u00e9n tenga seguridad para el chico como para la familia\u201d, se\u00f1al\u00f3<\/p>\n<p>La seguridad es un tema que nos afecta a todos, en este caso, en un aspecto que muchas familias se muestran preocupadas a diario, pero del que no existe una pol\u00edtica estatal concreta, en parte por la novedad del asunto, en parte porque reci\u00e9n ahora se ha comenzado a pensar como un problema que excede el \u00e1mbito privado.<\/p>\n<p>Varela, en su exposici\u00f3n, trat\u00f3 importantes temas que van para los m\u00e1s grandes como para los m\u00e1s chicos, como ser el de saber qu\u00e9 n\u00fameros poner referentes a las cuentas bancarias, saber leer p\u00e1ginas de Internet de bancos, que corren el peligro de ser hackeadas o que los padres ayuden a los chicos a cuidarse con respecto a con quienes chatean, ya que pueden contar datos o informaciones familiares a desconocidos, encontrados a trav\u00e9s de las redes sociales.<\/p>\n<p>El problema de la ciber seguridad toma color de preocupaci\u00f3n mayor en nuestro pa\u00eds, a medida que miles de j\u00f3venes acceden a las nuevas tecnolog\u00edas de la comunicaci\u00f3n<\/p>\n<p><span style=\"color: #888888;\">Fuente: Frente Mercedes<\/span><\/p>\n","protected":false},"excerpt":{"rendered":"<p>Con la firme idea de que los j\u00f3venes se formen en el mundo de las comunicaciones en forma segura se &#8230; <a title=\"Ustarroz present\u00f3 un plan de cyber seguridad para las escuelas\" class=\"read-more\" href=\"https:\/\/www.hoymercedes.com.ar\/principal\/2011\/10\/14\/ustarroz-presento-un-plan-de-cyber-seguridad-para-las-escuelas\/\" aria-label=\"Leer m\u00e1s sobre Ustarroz present\u00f3 un plan de cyber seguridad para las escuelas\">Leer m\u00e1s<\/a><\/p>\n","protected":false},"author":1,"featured_media":0,"comment_status":"open","ping_status":"open","sticky":false,"template":"","format":"standard","meta":{"_monsterinsights_skip_tracking":false,"_monsterinsights_sitenote_active":false,"_monsterinsights_sitenote_note":"","_monsterinsights_sitenote_category":0,"jetpack_post_was_ever_published":false,"_jetpack_newsletter_access":"","_jetpack_dont_email_post_to_subs":false,"_jetpack_newsletter_tier_id":0,"_jetpack_memberships_contains_paywalled_content":false,"_jetpack_memberships_contains_paid_content":false,"footnotes":"","jetpack_publicize_message":"","jetpack_publicize_feature_enabled":true,"jetpack_social_post_already_shared":false,"jetpack_social_options":{"image_generator_settings":{"template":"highway","default_image_id":0,"font":"","enabled":false},"version":2},"_wpas_customize_per_network":false},"categories":[5],"tags":[1469,424],"class_list":["post-8267","post","type-post","status-publish","format-standard","hentry","category-politica","tag-siberseguridad","tag-ustarroz","generate-columns","tablet-grid-50","mobile-grid-100","grid-parent","grid-50"],"jetpack_publicize_connections":[],"jetpack_featured_media_url":"","wps_subtitle":"","jetpack_sharing_enabled":true,"_links":{"self":[{"href":"https:\/\/www.hoymercedes.com.ar\/principal\/wp-json\/wp\/v2\/posts\/8267","targetHints":{"allow":["GET"]}}],"collection":[{"href":"https:\/\/www.hoymercedes.com.ar\/principal\/wp-json\/wp\/v2\/posts"}],"about":[{"href":"https:\/\/www.hoymercedes.com.ar\/principal\/wp-json\/wp\/v2\/types\/post"}],"author":[{"embeddable":true,"href":"https:\/\/www.hoymercedes.com.ar\/principal\/wp-json\/wp\/v2\/users\/1"}],"replies":[{"embeddable":true,"href":"https:\/\/www.hoymercedes.com.ar\/principal\/wp-json\/wp\/v2\/comments?post=8267"}],"version-history":[{"count":0,"href":"https:\/\/www.hoymercedes.com.ar\/principal\/wp-json\/wp\/v2\/posts\/8267\/revisions"}],"wp:attachment":[{"href":"https:\/\/www.hoymercedes.com.ar\/principal\/wp-json\/wp\/v2\/media?parent=8267"}],"wp:term":[{"taxonomy":"category","embeddable":true,"href":"https:\/\/www.hoymercedes.com.ar\/principal\/wp-json\/wp\/v2\/categories?post=8267"},{"taxonomy":"post_tag","embeddable":true,"href":"https:\/\/www.hoymercedes.com.ar\/principal\/wp-json\/wp\/v2\/tags?post=8267"}],"curies":[{"name":"wp","href":"https:\/\/api.w.org\/{rel}","templated":true}]}}