{"id":82681,"date":"2018-10-18T09:23:04","date_gmt":"2018-10-18T12:23:04","guid":{"rendered":"http:\/\/www.hoymercedes.com.ar\/principal\/?p=82681"},"modified":"2018-10-18T08:52:20","modified_gmt":"2018-10-18T11:52:20","slug":"justicialistas-celebraron-en-la-agrupacion-selvista","status":"publish","type":"post","link":"https:\/\/www.hoymercedes.com.ar\/principal\/2018\/10\/18\/justicialistas-celebraron-en-la-agrupacion-selvista\/","title":{"rendered":"Justicialistas celebraron en la agrupaci\u00f3n selvista"},"content":{"rendered":"<p>En la noche del mi\u00e9rcoles, D\u00eda de la Lealtad, los justicialistas se dieron cita en la Agrupaci\u00f3n \u201c17 de Octubre\u201d con militantes de distintos sectores del Partido Justicialistas de Mercedes incluyendo referentes de otras agrupaciones y de sindicatos y gremios. El ausente fue el Presidente del PJ Mercedes, Carlos Selva, que se hizo presente en el acto nacional realizado en Tucum\u00e1n.<\/p>\n<p><img loading=\"lazy\" decoding=\"async\" data-attachment-id=\"82683\" data-permalink=\"https:\/\/www.hoymercedes.com.ar\/principal\/2018\/10\/18\/justicialistas-celebraron-en-la-agrupacion-selvista\/18-pj-lealta-2\/#main\" data-orig-file=\"https:\/\/www.hoymercedes.com.ar\/principal\/wp-content\/uploads\/2018\/10\/18-pj-lealta-2.jpg\" data-orig-size=\"750,421\" data-comments-opened=\"0\" data-image-meta=\"{&quot;aperture&quot;:&quot;0&quot;,&quot;credit&quot;:&quot;&quot;,&quot;camera&quot;:&quot;&quot;,&quot;caption&quot;:&quot;&quot;,&quot;created_timestamp&quot;:&quot;0&quot;,&quot;copyright&quot;:&quot;&quot;,&quot;focal_length&quot;:&quot;0&quot;,&quot;iso&quot;:&quot;0&quot;,&quot;shutter_speed&quot;:&quot;0&quot;,&quot;title&quot;:&quot;&quot;,&quot;orientation&quot;:&quot;0&quot;}\" data-image-title=\"18 pj lealta 2\" data-image-description=\"\" data-image-caption=\"\" data-large-file=\"https:\/\/www.hoymercedes.com.ar\/principal\/wp-content\/uploads\/2018\/10\/18-pj-lealta-2.jpg\" class=\"aligncenter size-medium wp-image-82683\" src=\"https:\/\/www.hoymercedes.com.ar\/principal\/wp-content\/uploads\/2018\/10\/18-pj-lealta-2-630x354.jpg\" alt=\"\" width=\"630\" height=\"354\" srcset=\"https:\/\/www.hoymercedes.com.ar\/principal\/wp-content\/uploads\/2018\/10\/18-pj-lealta-2-630x354.jpg 630w, https:\/\/www.hoymercedes.com.ar\/principal\/wp-content\/uploads\/2018\/10\/18-pj-lealta-2-150x84.jpg 150w, https:\/\/www.hoymercedes.com.ar\/principal\/wp-content\/uploads\/2018\/10\/18-pj-lealta-2.jpg 750w\" sizes=\"auto, (max-width: 630px) 100vw, 630px\" \/><\/p>\n<p>Durante el acto realizado en la sede partidaria de la calle 30 hubo algunos oradores. Entre ellos Diego Gerdo, Secretario Gremial del PJ, que resalt\u00f3 la importancia de la uni\u00f3n entre el sindicalismo y el partido pol\u00edtico con la relevancia al movimiento obrero en la coyuntura nacional. Qui\u00e9n tom\u00f3 la palabra tambi\u00e9n fue Sabrina Selva quien reafirm\u00f3 los dichos de sus antecesores.<\/p>\n<p>En sus palabras, el que tom\u00f3 el micr\u00f3fono en representaci\u00f3n de la agrupaci\u00f3n anfitriona fue el Concejal Carlos Milhomme que resalt\u00f3 la necesidad de unidad para construir una alternativa de cara al 2019 primando la ideolog\u00eda justicialista.<\/p>\n<p><img loading=\"lazy\" decoding=\"async\" data-attachment-id=\"82682\" data-permalink=\"https:\/\/www.hoymercedes.com.ar\/principal\/2018\/10\/18\/justicialistas-celebraron-en-la-agrupacion-selvista\/18-pj-lealta-1\/#main\" data-orig-file=\"https:\/\/www.hoymercedes.com.ar\/principal\/wp-content\/uploads\/2018\/10\/18-pj-lealta-1.jpg\" data-orig-size=\"750,500\" data-comments-opened=\"0\" data-image-meta=\"{&quot;aperture&quot;:&quot;0&quot;,&quot;credit&quot;:&quot;&quot;,&quot;camera&quot;:&quot;&quot;,&quot;caption&quot;:&quot;&quot;,&quot;created_timestamp&quot;:&quot;0&quot;,&quot;copyright&quot;:&quot;&quot;,&quot;focal_length&quot;:&quot;0&quot;,&quot;iso&quot;:&quot;0&quot;,&quot;shutter_speed&quot;:&quot;0&quot;,&quot;title&quot;:&quot;&quot;,&quot;orientation&quot;:&quot;0&quot;}\" data-image-title=\"18 pj lealta 1\" data-image-description=\"\" data-image-caption=\"\" data-large-file=\"https:\/\/www.hoymercedes.com.ar\/principal\/wp-content\/uploads\/2018\/10\/18-pj-lealta-1.jpg\" class=\"aligncenter size-medium wp-image-82682\" src=\"https:\/\/www.hoymercedes.com.ar\/principal\/wp-content\/uploads\/2018\/10\/18-pj-lealta-1-630x420.jpg\" alt=\"\" width=\"630\" height=\"420\" srcset=\"https:\/\/www.hoymercedes.com.ar\/principal\/wp-content\/uploads\/2018\/10\/18-pj-lealta-1-630x420.jpg 630w, https:\/\/www.hoymercedes.com.ar\/principal\/wp-content\/uploads\/2018\/10\/18-pj-lealta-1-150x100.jpg 150w, https:\/\/www.hoymercedes.com.ar\/principal\/wp-content\/uploads\/2018\/10\/18-pj-lealta-1.jpg 750w\" sizes=\"auto, (max-width: 630px) 100vw, 630px\" \/><\/p>\n","protected":false},"excerpt":{"rendered":"<p>En la noche del mi\u00e9rcoles, D\u00eda de la Lealtad, los justicialistas se dieron cita en la Agrupaci\u00f3n \u201c17 de Octubre\u201d &#8230; <a title=\"Justicialistas celebraron en la agrupaci\u00f3n selvista\" class=\"read-more\" href=\"https:\/\/www.hoymercedes.com.ar\/principal\/2018\/10\/18\/justicialistas-celebraron-en-la-agrupacion-selvista\/\" aria-label=\"Leer m\u00e1s sobre Justicialistas celebraron en la agrupaci\u00f3n selvista\">Leer m\u00e1s<\/a><\/p>\n","protected":false},"author":1,"featured_media":82682,"comment_status":"closed","ping_status":"open","sticky":false,"template":"","format":"standard","meta":{"_monsterinsights_skip_tracking":false,"_monsterinsights_sitenote_active":false,"_monsterinsights_sitenote_note":"","_monsterinsights_sitenote_category":0,"jetpack_post_was_ever_published":false,"_jetpack_newsletter_access":"","_jetpack_dont_email_post_to_subs":false,"_jetpack_newsletter_tier_id":0,"_jetpack_memberships_contains_paywalled_content":false,"_jetpack_memberships_contains_paid_content":false,"footnotes":"","jetpack_publicize_message":"","jetpack_publicize_feature_enabled":true,"jetpack_social_post_already_shared":true,"jetpack_social_options":{"image_generator_settings":{"template":"highway","default_image_id":0,"font":"","enabled":false},"version":2},"_wpas_customize_per_network":false},"categories":[5],"tags":[552,13895,563],"class_list":["post-82681","post","type-post","status-publish","format-standard","has-post-thumbnail","hentry","category-politica","tag-agrupacion-17-de-octubre","tag-dia-de-la-lealtad","tag-partido-justicialista","generate-columns","tablet-grid-50","mobile-grid-100","grid-parent","grid-50"],"jetpack_publicize_connections":[],"jetpack_featured_media_url":"https:\/\/www.hoymercedes.com.ar\/principal\/wp-content\/uploads\/2018\/10\/18-pj-lealta-1.jpg","wps_subtitle":"D\u00eda de la Lealtad","jetpack_sharing_enabled":true,"_links":{"self":[{"href":"https:\/\/www.hoymercedes.com.ar\/principal\/wp-json\/wp\/v2\/posts\/82681","targetHints":{"allow":["GET"]}}],"collection":[{"href":"https:\/\/www.hoymercedes.com.ar\/principal\/wp-json\/wp\/v2\/posts"}],"about":[{"href":"https:\/\/www.hoymercedes.com.ar\/principal\/wp-json\/wp\/v2\/types\/post"}],"author":[{"embeddable":true,"href":"https:\/\/www.hoymercedes.com.ar\/principal\/wp-json\/wp\/v2\/users\/1"}],"replies":[{"embeddable":true,"href":"https:\/\/www.hoymercedes.com.ar\/principal\/wp-json\/wp\/v2\/comments?post=82681"}],"version-history":[{"count":0,"href":"https:\/\/www.hoymercedes.com.ar\/principal\/wp-json\/wp\/v2\/posts\/82681\/revisions"}],"wp:featuredmedia":[{"embeddable":true,"href":"https:\/\/www.hoymercedes.com.ar\/principal\/wp-json\/wp\/v2\/media\/82682"}],"wp:attachment":[{"href":"https:\/\/www.hoymercedes.com.ar\/principal\/wp-json\/wp\/v2\/media?parent=82681"}],"wp:term":[{"taxonomy":"category","embeddable":true,"href":"https:\/\/www.hoymercedes.com.ar\/principal\/wp-json\/wp\/v2\/categories?post=82681"},{"taxonomy":"post_tag","embeddable":true,"href":"https:\/\/www.hoymercedes.com.ar\/principal\/wp-json\/wp\/v2\/tags?post=82681"}],"curies":[{"name":"wp","href":"https:\/\/api.w.org\/{rel}","templated":true}]}}