{"id":82685,"date":"2018-10-18T12:15:19","date_gmt":"2018-10-18T15:15:19","guid":{"rendered":"http:\/\/www.hoymercedes.com.ar\/principal\/?p=82685"},"modified":"2018-10-18T09:34:53","modified_gmt":"2018-10-18T12:34:53","slug":"dos-semanas-dedicadas-al-grabado-con-un-camino-que-dejara-huellas","status":"publish","type":"post","link":"https:\/\/www.hoymercedes.com.ar\/principal\/2018\/10\/18\/dos-semanas-dedicadas-al-grabado-con-un-camino-que-dejara-huellas\/","title":{"rendered":"Dos semanas dedicadas al grabado con un camino que dejar\u00e1 huellas"},"content":{"rendered":"<p>Octubre es para la cultura mercedina el Mes del Grabado. Con diferentes actividades en espacios culturales de la ciudad las propuestas sobre talleres de grabado iniciaron y se dieron los primeros s\u00e1bados. En tanto, este s\u00e1bado 20 para darle continuidad en la semana y terminar los d\u00edas 27 y 28 de octubre, habr\u00e1 tambi\u00e9n muestras y charlas con especialistas en grabado.<\/p>\n<figure id=\"attachment_82688\" aria-describedby=\"caption-attachment-82688\" style=\"width: 620px\" class=\"wp-caption aligncenter\"><img loading=\"lazy\" decoding=\"async\" data-attachment-id=\"82688\" data-permalink=\"https:\/\/www.hoymercedes.com.ar\/principal\/2018\/10\/18\/dos-semanas-dedicadas-al-grabado-con-un-camino-que-dejara-huellas\/18-mesdelgrabado2\/#main\" data-orig-file=\"https:\/\/www.hoymercedes.com.ar\/principal\/wp-content\/uploads\/2018\/10\/18-MesdelGrabado2.jpg\" data-orig-size=\"750,500\" data-comments-opened=\"0\" data-image-meta=\"{&quot;aperture&quot;:&quot;0&quot;,&quot;credit&quot;:&quot;&quot;,&quot;camera&quot;:&quot;&quot;,&quot;caption&quot;:&quot;&quot;,&quot;created_timestamp&quot;:&quot;0&quot;,&quot;copyright&quot;:&quot;&quot;,&quot;focal_length&quot;:&quot;0&quot;,&quot;iso&quot;:&quot;0&quot;,&quot;shutter_speed&quot;:&quot;0&quot;,&quot;title&quot;:&quot;&quot;,&quot;orientation&quot;:&quot;0&quot;}\" data-image-title=\"18 MesdelGrabado2\" data-image-description=\"\" data-image-caption=\"&lt;p&gt;El camino del grabado comenz\u00f3 a dar los primeros pasos&lt;\/p&gt;\n\" data-large-file=\"https:\/\/www.hoymercedes.com.ar\/principal\/wp-content\/uploads\/2018\/10\/18-MesdelGrabado2.jpg\" class=\"size-medium wp-image-82688\" src=\"https:\/\/www.hoymercedes.com.ar\/principal\/wp-content\/uploads\/2018\/10\/18-MesdelGrabado2-630x420.jpg\" alt=\"\" width=\"630\" height=\"420\" srcset=\"https:\/\/www.hoymercedes.com.ar\/principal\/wp-content\/uploads\/2018\/10\/18-MesdelGrabado2-630x420.jpg 630w, https:\/\/www.hoymercedes.com.ar\/principal\/wp-content\/uploads\/2018\/10\/18-MesdelGrabado2-150x100.jpg 150w, https:\/\/www.hoymercedes.com.ar\/principal\/wp-content\/uploads\/2018\/10\/18-MesdelGrabado2.jpg 750w\" sizes=\"auto, (max-width: 630px) 100vw, 630px\" \/><figcaption id=\"caption-attachment-82688\" class=\"wp-caption-text\">El camino del grabado comenz\u00f3 a dar los primeros pasos<\/figcaption><\/figure>\n<p>El s\u00e1bado 20, la coordinaci\u00f3n de museos del \u00e1rea de cultura en conjunto con la Escuela de Arte N\u00b0 2 (EAM N\u00b0 2) y el Movimiento Cultural El Limonero, llevar\u00e1n adelante \u00abEl Camino del Grabado\u00bb. Una propuesta para recorrer el Museo M\u00edguez, El Limonero, el MAMM y la Escuela de Arte. En el piso, las huellas pintadas guiar\u00e1n a los transe\u00fantes &#8211; invitaci\u00f3n especial para las escuelas &#8211; por estos cuatro espacios que tendr\u00e1n las principales muestras.<\/p>\n<p>A la hora 18 del s\u00e1bado, la inauguraci\u00f3n del Camino de los Grabados comenzar\u00e1 en el Museo Hist\u00f3rico V\u00edctor M\u00edguez (calle 12 y 23). All\u00ed se inaugurar\u00e1 la muestra \u00abLas Razones Invisibles\u00bb de Amelia Herrero. El recorrido continuar\u00e1 en El Limonero (calle 21 entre 14 y 16) donde estar\u00e1n los grabados de los artistas locales Pablo Russo, Laura Parra, Diego Ismael y Adriana Lorenzo. Para la hora 20, el MAMM (23, entre 16 y 18) inaugurar\u00e1 la muestra de grabados que son patrimonio de la ciudad y de trabajos hechos por los profesores de la Escuela de Arte, Dolores Vergara del Pozo, Laura Gianffrini, Rosana Mart\u00ednez y Rolando Garc\u00eda. All\u00ed mismo se har\u00e1 el homenaje a la grabadora Angela Herrero de Bereciartu. El cierre de la jornada ser\u00e1 en la EAM N\u00b0 2 (calle 24 casi esquina 19) con la muestra de los alumnos.<\/p>\n<figure id=\"attachment_82687\" aria-describedby=\"caption-attachment-82687\" style=\"width: 535px\" class=\"wp-caption aligncenter\"><img loading=\"lazy\" decoding=\"async\" data-attachment-id=\"82687\" data-permalink=\"https:\/\/www.hoymercedes.com.ar\/principal\/2018\/10\/18\/dos-semanas-dedicadas-al-grabado-con-un-camino-que-dejara-huellas\/18-mesdelgrabado1\/#main\" data-orig-file=\"https:\/\/www.hoymercedes.com.ar\/principal\/wp-content\/uploads\/2018\/10\/18-MesdelGrabado1.jpg\" data-orig-size=\"659,750\" data-comments-opened=\"0\" data-image-meta=\"{&quot;aperture&quot;:&quot;0&quot;,&quot;credit&quot;:&quot;&quot;,&quot;camera&quot;:&quot;&quot;,&quot;caption&quot;:&quot;&quot;,&quot;created_timestamp&quot;:&quot;0&quot;,&quot;copyright&quot;:&quot;&quot;,&quot;focal_length&quot;:&quot;0&quot;,&quot;iso&quot;:&quot;0&quot;,&quot;shutter_speed&quot;:&quot;0&quot;,&quot;title&quot;:&quot;&quot;,&quot;orientation&quot;:&quot;0&quot;}\" data-image-title=\"18 MesdelGrabado1\" data-image-description=\"\" data-image-caption=\"&lt;p&gt;Artistas pl\u00e1sticos de la ciudad fueron dando forma al camino que llevar\u00e1 a cuatro espacios culturales&lt;\/p&gt;\n\" data-large-file=\"https:\/\/www.hoymercedes.com.ar\/principal\/wp-content\/uploads\/2018\/10\/18-MesdelGrabado1.jpg\" class=\"size-medium wp-image-82687\" src=\"https:\/\/www.hoymercedes.com.ar\/principal\/wp-content\/uploads\/2018\/10\/18-MesdelGrabado1-545x620.jpg\" alt=\"\" width=\"545\" height=\"620\" srcset=\"https:\/\/www.hoymercedes.com.ar\/principal\/wp-content\/uploads\/2018\/10\/18-MesdelGrabado1-545x620.jpg 545w, https:\/\/www.hoymercedes.com.ar\/principal\/wp-content\/uploads\/2018\/10\/18-MesdelGrabado1-132x150.jpg 132w, https:\/\/www.hoymercedes.com.ar\/principal\/wp-content\/uploads\/2018\/10\/18-MesdelGrabado1.jpg 659w\" sizes=\"auto, (max-width: 545px) 100vw, 545px\" \/><figcaption id=\"caption-attachment-82687\" class=\"wp-caption-text\">Artistas pl\u00e1sticos de la ciudad fueron dando forma al camino que llevar\u00e1 a cuatro espacios culturales<\/figcaption><\/figure>\n<p>El mes del grabado continuar\u00e1 el s\u00e1bado 27 y el domingo 28 de octubre. El primer d\u00eda, a la hora 18, habr\u00e1 una charla de\u00a0grabado y xilograf\u00eda a cargo de Eva Farji, \u00abEx-libris\u00bb la imagen aleg\u00f3rica con xilograf\u00edas de Alberto Arjona y una mesa redonda con artistas pl\u00e1sticos. Esto ser\u00e1 en el MAMM. Mientras que el domingo,\u00a0habr\u00e1 un taller experimental con los grabadores N\u00e9stor Goyanes &#8211; uno de los impulsores del evento en la ciduad &#8211;\u00a0 y Mariana Hoffman de Tandil. Esta charla ser\u00e1 con cupo limitado y una inscripci\u00f3n de 100 pesos. Como cierre habr\u00e1 una suelta de grabados.<\/p>\n<p>Del 23 al 31 de octubre \u201cel camino del Grabado\u201d estar\u00e1 abierto para todas las escuelas de la ciudad y los vecinos podr\u00e1n visitar cada lugar de exposici\u00f3n y muestra.<\/p>\n<p><img loading=\"lazy\" decoding=\"async\" data-attachment-id=\"82686\" data-permalink=\"https:\/\/www.hoymercedes.com.ar\/principal\/2018\/10\/18\/dos-semanas-dedicadas-al-grabado-con-un-camino-que-dejara-huellas\/18-mesdelgrabado\/#main\" data-orig-file=\"https:\/\/www.hoymercedes.com.ar\/principal\/wp-content\/uploads\/2018\/10\/18-MesdelGrabado.jpeg\" data-orig-size=\"530,750\" data-comments-opened=\"0\" data-image-meta=\"{&quot;aperture&quot;:&quot;0&quot;,&quot;credit&quot;:&quot;&quot;,&quot;camera&quot;:&quot;&quot;,&quot;caption&quot;:&quot;&quot;,&quot;created_timestamp&quot;:&quot;0&quot;,&quot;copyright&quot;:&quot;&quot;,&quot;focal_length&quot;:&quot;0&quot;,&quot;iso&quot;:&quot;0&quot;,&quot;shutter_speed&quot;:&quot;0&quot;,&quot;title&quot;:&quot;&quot;,&quot;orientation&quot;:&quot;0&quot;}\" data-image-title=\"18 MesdelGrabado\" data-image-description=\"\" data-image-caption=\"\" data-large-file=\"https:\/\/www.hoymercedes.com.ar\/principal\/wp-content\/uploads\/2018\/10\/18-MesdelGrabado.jpeg\" class=\"aligncenter size-medium wp-image-82686\" src=\"https:\/\/www.hoymercedes.com.ar\/principal\/wp-content\/uploads\/2018\/10\/18-MesdelGrabado-438x620.jpeg\" alt=\"\" width=\"438\" height=\"620\" srcset=\"https:\/\/www.hoymercedes.com.ar\/principal\/wp-content\/uploads\/2018\/10\/18-MesdelGrabado-438x620.jpeg 438w, https:\/\/www.hoymercedes.com.ar\/principal\/wp-content\/uploads\/2018\/10\/18-MesdelGrabado-106x150.jpeg 106w, https:\/\/www.hoymercedes.com.ar\/principal\/wp-content\/uploads\/2018\/10\/18-MesdelGrabado.jpeg 530w\" sizes=\"auto, (max-width: 438px) 100vw, 438px\" \/><\/p>\n<p>&nbsp;<\/p>\n","protected":false},"excerpt":{"rendered":"<p>Octubre es para la cultura mercedina el Mes del Grabado. Con diferentes actividades en espacios culturales de la ciudad las &#8230; <a title=\"Dos semanas dedicadas al grabado con un camino que dejar\u00e1 huellas\" class=\"read-more\" href=\"https:\/\/www.hoymercedes.com.ar\/principal\/2018\/10\/18\/dos-semanas-dedicadas-al-grabado-con-un-camino-que-dejara-huellas\/\" aria-label=\"Leer m\u00e1s sobre Dos semanas dedicadas al grabado con un camino que dejar\u00e1 huellas\">Leer m\u00e1s<\/a><\/p>\n","protected":false},"author":1,"featured_media":82688,"comment_status":"closed","ping_status":"open","sticky":false,"template":"","format":"standard","meta":{"_monsterinsights_skip_tracking":false,"_monsterinsights_sitenote_active":false,"_monsterinsights_sitenote_note":"","_monsterinsights_sitenote_category":0,"jetpack_post_was_ever_published":false,"_jetpack_newsletter_access":"","_jetpack_dont_email_post_to_subs":false,"_jetpack_newsletter_tier_id":0,"_jetpack_memberships_contains_paywalled_content":false,"_jetpack_memberships_contains_paid_content":false,"footnotes":"","jetpack_publicize_message":"","jetpack_publicize_feature_enabled":true,"jetpack_social_post_already_shared":true,"jetpack_social_options":{"image_generator_settings":{"template":"highway","default_image_id":0,"font":"","enabled":false},"version":2},"_wpas_customize_per_network":false},"categories":[104],"tags":[7805,522,10216,8674,10,12043,3768],"class_list":["post-82685","post","type-post","status-publish","format-standard","has-post-thumbnail","hentry","category-cultura","tag-cultura","tag-el-limonero","tag-escuela-de-arte","tag-mamm","tag-mercedes","tag-mes-del-grabado","tag-museo-victor-miguez","generate-columns","tablet-grid-50","mobile-grid-100","grid-parent","grid-50"],"jetpack_publicize_connections":[],"jetpack_featured_media_url":"https:\/\/www.hoymercedes.com.ar\/principal\/wp-content\/uploads\/2018\/10\/18-MesdelGrabado2.jpg","wps_subtitle":"Enmarcadas en el mes del grabado","jetpack_sharing_enabled":true,"_links":{"self":[{"href":"https:\/\/www.hoymercedes.com.ar\/principal\/wp-json\/wp\/v2\/posts\/82685","targetHints":{"allow":["GET"]}}],"collection":[{"href":"https:\/\/www.hoymercedes.com.ar\/principal\/wp-json\/wp\/v2\/posts"}],"about":[{"href":"https:\/\/www.hoymercedes.com.ar\/principal\/wp-json\/wp\/v2\/types\/post"}],"author":[{"embeddable":true,"href":"https:\/\/www.hoymercedes.com.ar\/principal\/wp-json\/wp\/v2\/users\/1"}],"replies":[{"embeddable":true,"href":"https:\/\/www.hoymercedes.com.ar\/principal\/wp-json\/wp\/v2\/comments?post=82685"}],"version-history":[{"count":0,"href":"https:\/\/www.hoymercedes.com.ar\/principal\/wp-json\/wp\/v2\/posts\/82685\/revisions"}],"wp:featuredmedia":[{"embeddable":true,"href":"https:\/\/www.hoymercedes.com.ar\/principal\/wp-json\/wp\/v2\/media\/82688"}],"wp:attachment":[{"href":"https:\/\/www.hoymercedes.com.ar\/principal\/wp-json\/wp\/v2\/media?parent=82685"}],"wp:term":[{"taxonomy":"category","embeddable":true,"href":"https:\/\/www.hoymercedes.com.ar\/principal\/wp-json\/wp\/v2\/categories?post=82685"},{"taxonomy":"post_tag","embeddable":true,"href":"https:\/\/www.hoymercedes.com.ar\/principal\/wp-json\/wp\/v2\/tags?post=82685"}],"curies":[{"name":"wp","href":"https:\/\/api.w.org\/{rel}","templated":true}]}}