{"id":82694,"date":"2018-10-19T09:40:53","date_gmt":"2018-10-19T12:40:53","guid":{"rendered":"http:\/\/www.hoymercedes.com.ar\/principal\/?p=82694"},"modified":"2018-10-18T13:46:12","modified_gmt":"2018-10-18T16:46:12","slug":"mammusic-el-arrogante-valor-de-los-belladona-el-28-de-octubre","status":"publish","type":"post","link":"https:\/\/www.hoymercedes.com.ar\/principal\/2018\/10\/19\/mammusic-el-arrogante-valor-de-los-belladona-el-28-de-octubre\/","title":{"rendered":"MAMMusic: El \u201cArrogante valor\u201d de los Belladona el 28 de octubre"},"content":{"rendered":"<p>Por MAMM &#8211; En esa casa donde las paredes atestiguan el paso de acordes que quedaron lejos de los estudios, pero donde a\u00fan se respira el buen \u00e1nimo que siempre les ha generado el \u00e9xito de la concreci\u00f3n, Roberto Boccacci y Larry La Regina, llenan de agua clara un viejo mate de ocasi\u00f3n e invitan a una charla sutil, \u00e1nima bendita de m\u00fasica permanente que los ha juntado all\u00e1, por los j\u00f3venes a\u00f1os dos mil, cuando el proyecto Blueberry quedaba en el camino de los pasos obligados para desembocar en la primera formaci\u00f3n de Belladona, con Nani Pollacchi en bater\u00eda y Santi Su\u00e1rez en bajo.<\/p>\n<p><img loading=\"lazy\" decoding=\"async\" data-attachment-id=\"82695\" data-permalink=\"https:\/\/www.hoymercedes.com.ar\/principal\/2018\/10\/19\/mammusic-el-arrogante-valor-de-los-belladona-el-28-de-octubre\/19-beladona\/#main\" data-orig-file=\"https:\/\/www.hoymercedes.com.ar\/principal\/wp-content\/uploads\/2018\/10\/19-beladona.jpg\" data-orig-size=\"750,531\" data-comments-opened=\"0\" data-image-meta=\"{&quot;aperture&quot;:&quot;0&quot;,&quot;credit&quot;:&quot;&quot;,&quot;camera&quot;:&quot;&quot;,&quot;caption&quot;:&quot;&quot;,&quot;created_timestamp&quot;:&quot;0&quot;,&quot;copyright&quot;:&quot;&quot;,&quot;focal_length&quot;:&quot;0&quot;,&quot;iso&quot;:&quot;0&quot;,&quot;shutter_speed&quot;:&quot;0&quot;,&quot;title&quot;:&quot;&quot;,&quot;orientation&quot;:&quot;0&quot;}\" data-image-title=\"19 beladona\" data-image-description=\"\" data-image-caption=\"\" data-large-file=\"https:\/\/www.hoymercedes.com.ar\/principal\/wp-content\/uploads\/2018\/10\/19-beladona.jpg\" class=\"aligncenter size-medium wp-image-82695\" src=\"https:\/\/www.hoymercedes.com.ar\/principal\/wp-content\/uploads\/2018\/10\/19-beladona-630x446.jpg\" alt=\"\" width=\"630\" height=\"446\" srcset=\"https:\/\/www.hoymercedes.com.ar\/principal\/wp-content\/uploads\/2018\/10\/19-beladona-630x446.jpg 630w, https:\/\/www.hoymercedes.com.ar\/principal\/wp-content\/uploads\/2018\/10\/19-beladona-150x106.jpg 150w, https:\/\/www.hoymercedes.com.ar\/principal\/wp-content\/uploads\/2018\/10\/19-beladona.jpg 750w\" sizes=\"auto, (max-width: 630px) 100vw, 630px\" \/><\/p>\n<p>\u201cNunca dejamos de ser nosotros. Hay una esencia Belladona que no nos deja salir del juego. Hoy tenemos proyectos distintos y cada uno ha seguido su camino, pero jam\u00e1s nos hemos dicho adi\u00f3s\u201d, cuenta Rober, de piernas cruzadas, mirando la nada para reforzar el sentido de pertenencia.<\/p>\n<p>Es que el cantante ya termin\u00f3 su primer disco solista y est\u00e1 a punto de darlo a conocer en las distintas plataformas de la web y Larry, su siempre mimado compa\u00f1ero de equipo, busca nuevas formas musicales en el proyecto \u201cNueve Tr\u00edo\u201d que conduce junto a Mateo Porcar y Fernando Santarciero y no deja de tocar en distintos espacios con \u201cLa Llave de Mandala\u201d, otra exquisita propuesta que viste con su voz Josefina Marcel.<\/p>\n<p>Hoy, con a\u00f1os de aguas y puentes, los dos amigohermanos recuerdan las experiencias vividas con las primeras grabaciones, los dulces dolores que sus cabezas sufrieron por culpa del aprendizaje transparente e ingenuo de los veintitantos, los shows de ac\u00e1 y los de m\u00e1s lejos, los aplausos y las deserciones.<\/p>\n<p>Belladona crece a\u00fan durmiendo. Al menos eso se advierte cuando luego de la distancia en el tiempo, sus integrantes se vuelven a juntar para preparar nuevos espect\u00e1culos y salen, como eternas viajeras, las canciones que mas les gustan. Frescas, adultas, siempre bellas.<\/p>\n<p>Larry podr\u00eda decir algo, ahora, que la conversaci\u00f3n se detuvo por culpa de vaya a saber qu\u00e9 desconocido \u00e1ngel intr\u00e9pido que merode\u00f3 el reencuentro, pero prefiere su silencio y deja hablar a la Takamine fiel que lo acompa\u00f1a desde no hace mucho, pero que ya entiende lo que el m\u00fasico le pide. Prueba acordes, ensaya las viejas sensaciones que le despiertan el mismo sentido de pertenencia que a Boccacci y toca la intro de \u201cOtro paso de largo\u201d. Para qu\u00e9 m\u00e1s. Est\u00e1 todo dicho.<\/p>\n<p>El pr\u00f3ximo 28 de octubre, a las 19 y gratis, la banda se presentar\u00e1 en formato d\u00fao para el ciclo MAMMusic que ya cuenta con tres shows en su reciente nacimiento, desde el primero, en julio, cuando Nadia Boffi y Juan Salzano levantaran el tel\u00f3n inaugural del proyecto so\u00f1ado por el equipo del Museo de Arte.<\/p>\n<p>La producci\u00f3n del evento convoc\u00f3 a los Belladona para reconocer su trayectoria y brindar al espect\u00e1culo y sus seguidores otra buena excusa de escuchar m\u00fasica en vivo. Ser\u00e1n ellos los que, con algunas sorpresas puntuales, arriben en medio de un campo lejano pero cargado de melod\u00edas.<\/p>\n<p>\u201cEstamos con muchas ganas de tocar. Siempre que podemos lo hacemos con gusto. La m\u00fasica nos hermana y las canciones nos dan una identidad que nos representa. Nos alegra siempre subir a un escenario a decir lo que sentimos\u201d, coinciden los dos m\u00fasicos.<\/p>\n<p>Desde su disco debut \u201cHasta los huesos\u201d, en 2002, hasta la \u00faltima producci\u00f3n discogr\u00e1fica, \u201cSol Kamikaze\u201d en 2012, Rober y Larry har\u00e1n un viaje que tocar\u00e1 estaciones como Buena suerte, Algo por vos, Floppy y Bichos de ciudad, s\u00f3lo entre algunas paradas que tendr\u00e1 a Sebasti\u00e1n Cirillo como pasajero invitado, para recordar, por ejemplo, aquellos shows en el viejo Limonero de la calle 36, m\u00e1s algunos covers que, extra\u00f1amente, har\u00e1n de manera in\u00e9dita junto con nuevas canciones pr\u00f3ximas a grabar.<\/p>\n<p>Casi en perspectiva con lo que fue \u201cSuave\u201d, el disco desenchufado que Belladona grab\u00f3 en 2009, el p\u00fablico volver\u00e1 a verlos reversionando sus propias canciones, las mismas que por lapso de a\u00f1os, los seguidores han gritado hasta el cansancio en Mercedes, la costa atl\u00e1ntica y en los m\u00e1s diversos reductos de Capital Federal como el Quilmes Rock, The Roxy, La Trastienda, Pepsi Music, Loca Bohemia y el recordad\u00edsimo show del Teatro ND Ateneo, por nombrar s\u00f3lo algunos.<\/p>\n<p>Ven conmigo, voy a hacerte bien\u2026 \/<br \/>\nSin abrigo, ac\u00e1 todo es bien\u2026 \/<br \/>\nBrinda con vino, por esa mujer\u2026 \/<br \/>\nS\u00e1lvate, amigo, Acomp\u00e1\u00f1ame\u2026<\/p>\n<p>La presentaci\u00f3n est\u00e1 confirmada. Ser\u00e1 un domingo y no quedar\u00e1n excusas.<\/p>\n","protected":false},"excerpt":{"rendered":"<p>Por MAMM &#8211; En esa casa donde las paredes atestiguan el paso de acordes que quedaron lejos de los estudios, &#8230; <a title=\"MAMMusic: El \u201cArrogante valor\u201d de los Belladona el 28 de octubre\" class=\"read-more\" href=\"https:\/\/www.hoymercedes.com.ar\/principal\/2018\/10\/19\/mammusic-el-arrogante-valor-de-los-belladona-el-28-de-octubre\/\" aria-label=\"Leer m\u00e1s sobre MAMMusic: El \u201cArrogante valor\u201d de los Belladona el 28 de octubre\">Leer m\u00e1s<\/a><\/p>\n","protected":false},"author":1,"featured_media":82695,"comment_status":"closed","ping_status":"open","sticky":false,"template":"","format":"standard","meta":{"_monsterinsights_skip_tracking":false,"_monsterinsights_sitenote_active":false,"_monsterinsights_sitenote_note":"","_monsterinsights_sitenote_category":0,"jetpack_post_was_ever_published":false,"_jetpack_newsletter_access":"","_jetpack_dont_email_post_to_subs":false,"_jetpack_newsletter_tier_id":0,"_jetpack_memberships_contains_paywalled_content":false,"_jetpack_memberships_contains_paid_content":false,"footnotes":"","jetpack_publicize_message":"","jetpack_publicize_feature_enabled":true,"jetpack_social_post_already_shared":true,"jetpack_social_options":{"image_generator_settings":{"template":"highway","default_image_id":0,"font":"","enabled":false},"version":2},"_wpas_customize_per_network":false},"categories":[104],"tags":[13908,7805,8674,13478,8539],"class_list":["post-82694","post","type-post","status-publish","format-standard","has-post-thumbnail","hentry","category-cultura","tag-beladona","tag-cultura","tag-mamm","tag-mammusic","tag-musica","generate-columns","tablet-grid-50","mobile-grid-100","grid-parent","grid-50"],"jetpack_publicize_connections":[],"jetpack_featured_media_url":"https:\/\/www.hoymercedes.com.ar\/principal\/wp-content\/uploads\/2018\/10\/19-beladona.jpg","wps_subtitle":"Para agendar","jetpack_sharing_enabled":true,"_links":{"self":[{"href":"https:\/\/www.hoymercedes.com.ar\/principal\/wp-json\/wp\/v2\/posts\/82694","targetHints":{"allow":["GET"]}}],"collection":[{"href":"https:\/\/www.hoymercedes.com.ar\/principal\/wp-json\/wp\/v2\/posts"}],"about":[{"href":"https:\/\/www.hoymercedes.com.ar\/principal\/wp-json\/wp\/v2\/types\/post"}],"author":[{"embeddable":true,"href":"https:\/\/www.hoymercedes.com.ar\/principal\/wp-json\/wp\/v2\/users\/1"}],"replies":[{"embeddable":true,"href":"https:\/\/www.hoymercedes.com.ar\/principal\/wp-json\/wp\/v2\/comments?post=82694"}],"version-history":[{"count":0,"href":"https:\/\/www.hoymercedes.com.ar\/principal\/wp-json\/wp\/v2\/posts\/82694\/revisions"}],"wp:featuredmedia":[{"embeddable":true,"href":"https:\/\/www.hoymercedes.com.ar\/principal\/wp-json\/wp\/v2\/media\/82695"}],"wp:attachment":[{"href":"https:\/\/www.hoymercedes.com.ar\/principal\/wp-json\/wp\/v2\/media?parent=82694"}],"wp:term":[{"taxonomy":"category","embeddable":true,"href":"https:\/\/www.hoymercedes.com.ar\/principal\/wp-json\/wp\/v2\/categories?post=82694"},{"taxonomy":"post_tag","embeddable":true,"href":"https:\/\/www.hoymercedes.com.ar\/principal\/wp-json\/wp\/v2\/tags?post=82694"}],"curies":[{"name":"wp","href":"https:\/\/api.w.org\/{rel}","templated":true}]}}