{"id":8272,"date":"2011-10-14T12:29:02","date_gmt":"2011-10-14T12:29:02","guid":{"rendered":"http:\/\/www.hoymercedes.com.ar\/principal\/?p=8272"},"modified":"2011-10-14T12:29:02","modified_gmt":"2011-10-14T12:29:02","slug":"selva-%e2%80%9cnotamos-mucho-apoyo-y-ganas-de-seguir-con-este-proyecto%e2%80%9d","status":"publish","type":"post","link":"https:\/\/www.hoymercedes.com.ar\/principal\/2011\/10\/14\/selva-%e2%80%9cnotamos-mucho-apoyo-y-ganas-de-seguir-con-este-proyecto%e2%80%9d\/","title":{"rendered":"Selva: \u201cNotamos mucho apoyo y ganas de seguir con este proyecto\u201d"},"content":{"rendered":"<p><a href=\"https:\/\/www.hoymercedes.com.ar\/principal\/wp-content\/uploads\/2011\/10\/caminata-selva-almafuerte.jpg\"><img loading=\"lazy\" decoding=\"async\" data-attachment-id=\"8274\" data-permalink=\"https:\/\/www.hoymercedes.com.ar\/principal\/2011\/10\/14\/selva-%e2%80%9cnotamos-mucho-apoyo-y-ganas-de-seguir-con-este-proyecto%e2%80%9d\/ge-digital-camera\/#main\" data-orig-file=\"https:\/\/www.hoymercedes.com.ar\/principal\/wp-content\/uploads\/2011\/10\/caminata-selva-almafuerte.jpg\" data-orig-size=\"612,397\" data-comments-opened=\"1\" data-image-meta=\"{&quot;aperture&quot;:&quot;3&quot;,&quot;credit&quot;:&quot;&quot;,&quot;camera&quot;:&quot;J1050&quot;,&quot;caption&quot;:&quot;&quot;,&quot;created_timestamp&quot;:&quot;1318357680&quot;,&quot;copyright&quot;:&quot;&quot;,&quot;focal_length&quot;:&quot;6.4&quot;,&quot;iso&quot;:&quot;80&quot;,&quot;shutter_speed&quot;:&quot;0.0125&quot;,&quot;title&quot;:&quot;GE DIGITAL CAMERA&quot;}\" data-image-title=\"Selva caminata Almafuerte\" data-image-description=\"\" data-image-caption=\"\" data-large-file=\"https:\/\/www.hoymercedes.com.ar\/principal\/wp-content\/uploads\/2011\/10\/caminata-selva-almafuerte.jpg\" class=\"aligncenter size-full wp-image-8274\" title=\"Selva caminata Almafuerte\" src=\"https:\/\/www.hoymercedes.com.ar\/principal\/wp-content\/uploads\/2011\/10\/caminata-selva-almafuerte.jpg\" alt=\"\" width=\"612\" height=\"397\" \/><\/a><\/p>\n<p>El actual intendente y candidato Carlos Selva del Frente para la Victoria (lista 131, completa), \u00a0luego de caminar diferentes barrios del Partido de Mercedes durante los \u00faltimos d\u00edas.<\/p>\n<p>Fueron varias las jornadas que el intendente local le dedic\u00f3 a la tarea recorriendo diversos puntos de la ciudad. En el d\u00eda de ayer la caminata se centr\u00f3 en Almafuerte, anteriormente Trocha donde la barriada le dio una buena respuesta no logrando llegar hasta San Jos\u00e9 que ser\u00e1 recorrido en los pr\u00f3ximos d\u00edas.<\/p>\n<p><em>\u201cAhora estamos caminando mucho, nunca quisimos descuidar nuestra prioridad que es la gesti\u00f3n\u201d<\/em> dijo y agreg\u00f3 \u201c<em>vamos a seguir con mucha fuerza hasta el final de la campa\u00f1a, estamos muy cerca de los vecinos y eso estar\u00e1 reflejado en el resultado del 23 de octubre\u201d. <\/em>Al mismo tiempo, Carlos Selva coment\u00f3<em>: \u201cNotamos mucho apoyo y ganas de seguir con este proyecto\u201d<\/em>.<\/p>\n","protected":false},"excerpt":{"rendered":"<p>El actual intendente y candidato Carlos Selva del Frente para la Victoria (lista 131, completa), \u00a0luego de caminar diferentes barrios &#8230; <a title=\"Selva: \u201cNotamos mucho apoyo y ganas de seguir con este proyecto\u201d\" class=\"read-more\" href=\"https:\/\/www.hoymercedes.com.ar\/principal\/2011\/10\/14\/selva-%e2%80%9cnotamos-mucho-apoyo-y-ganas-de-seguir-con-este-proyecto%e2%80%9d\/\" aria-label=\"Leer m\u00e1s sobre Selva: \u201cNotamos mucho apoyo y ganas de seguir con este proyecto\u201d\">Leer m\u00e1s<\/a><\/p>\n","protected":false},"author":1,"featured_media":0,"comment_status":"open","ping_status":"open","sticky":false,"template":"","format":"standard","meta":{"_monsterinsights_skip_tracking":false,"_monsterinsights_sitenote_active":false,"_monsterinsights_sitenote_note":"","_monsterinsights_sitenote_category":0,"jetpack_post_was_ever_published":false,"_jetpack_newsletter_access":"","_jetpack_dont_email_post_to_subs":false,"_jetpack_newsletter_tier_id":0,"_jetpack_memberships_contains_paywalled_content":false,"_jetpack_memberships_contains_paid_content":false,"footnotes":"","jetpack_publicize_message":"","jetpack_publicize_feature_enabled":true,"jetpack_social_post_already_shared":false,"jetpack_social_options":{"image_generator_settings":{"template":"highway","default_image_id":0,"font":"","enabled":false},"version":2},"_wpas_customize_per_network":false},"categories":[5],"tags":[1470,957,18],"class_list":["post-8272","post","type-post","status-publish","format-standard","hentry","category-politica","tag-barrio-almafuerte","tag-elecciones-2011-2","tag-selva","generate-columns","tablet-grid-50","mobile-grid-100","grid-parent","grid-50"],"jetpack_publicize_connections":[],"jetpack_featured_media_url":"","wps_subtitle":"","jetpack_sharing_enabled":true,"_links":{"self":[{"href":"https:\/\/www.hoymercedes.com.ar\/principal\/wp-json\/wp\/v2\/posts\/8272","targetHints":{"allow":["GET"]}}],"collection":[{"href":"https:\/\/www.hoymercedes.com.ar\/principal\/wp-json\/wp\/v2\/posts"}],"about":[{"href":"https:\/\/www.hoymercedes.com.ar\/principal\/wp-json\/wp\/v2\/types\/post"}],"author":[{"embeddable":true,"href":"https:\/\/www.hoymercedes.com.ar\/principal\/wp-json\/wp\/v2\/users\/1"}],"replies":[{"embeddable":true,"href":"https:\/\/www.hoymercedes.com.ar\/principal\/wp-json\/wp\/v2\/comments?post=8272"}],"version-history":[{"count":0,"href":"https:\/\/www.hoymercedes.com.ar\/principal\/wp-json\/wp\/v2\/posts\/8272\/revisions"}],"wp:attachment":[{"href":"https:\/\/www.hoymercedes.com.ar\/principal\/wp-json\/wp\/v2\/media?parent=8272"}],"wp:term":[{"taxonomy":"category","embeddable":true,"href":"https:\/\/www.hoymercedes.com.ar\/principal\/wp-json\/wp\/v2\/categories?post=8272"},{"taxonomy":"post_tag","embeddable":true,"href":"https:\/\/www.hoymercedes.com.ar\/principal\/wp-json\/wp\/v2\/tags?post=8272"}],"curies":[{"name":"wp","href":"https:\/\/api.w.org\/{rel}","templated":true}]}}