{"id":82721,"date":"2018-10-18T22:22:29","date_gmt":"2018-10-19T01:22:29","guid":{"rendered":"http:\/\/www.hoymercedes.com.ar\/principal\/?p=82721"},"modified":"2018-10-19T09:37:52","modified_gmt":"2018-10-19T12:37:52","slug":"chicos-del-proeba-haran-vistas-al-observatorio-municipal","status":"publish","type":"post","link":"https:\/\/www.hoymercedes.com.ar\/principal\/2018\/10\/18\/chicos-del-proeba-haran-vistas-al-observatorio-municipal\/","title":{"rendered":"Chicos del PROEBA har\u00e1n vistas al Observatorio Municipal"},"content":{"rendered":"<p>En un proyecto conjunto entre el ProEBA y el Observatorio Municipal desde este viernes, los chicos y chicas que asistan al programa educativo barrial tendr\u00e1n como complemento salidas educativas al Observatorio Municipal. Cada viernes, los alumnos y sus familias tendr\u00e1n la oportunidad de ser trasladados por el Municipio desde sus barrios hasta lo que era la Escuela 15 en La Florida para conocer el mundo astron\u00f3mico.<\/p>\n<p><img loading=\"lazy\" decoding=\"async\" data-attachment-id=\"82722\" data-permalink=\"https:\/\/www.hoymercedes.com.ar\/principal\/2018\/10\/18\/chicos-del-proeba-haran-vistas-al-observatorio-municipal\/19-muni-proeba\/#main\" data-orig-file=\"https:\/\/www.hoymercedes.com.ar\/principal\/wp-content\/uploads\/2018\/10\/19-muni-proeba.jpg\" data-orig-size=\"750,563\" data-comments-opened=\"0\" data-image-meta=\"{&quot;aperture&quot;:&quot;2&quot;,&quot;credit&quot;:&quot;&quot;,&quot;camera&quot;:&quot;Moto G (5S) Plus&quot;,&quot;caption&quot;:&quot;&quot;,&quot;created_timestamp&quot;:&quot;1539861424&quot;,&quot;copyright&quot;:&quot;&quot;,&quot;focal_length&quot;:&quot;3.59&quot;,&quot;iso&quot;:&quot;734&quot;,&quot;shutter_speed&quot;:&quot;0.04&quot;,&quot;title&quot;:&quot;&quot;,&quot;orientation&quot;:&quot;1&quot;}\" data-image-title=\"19 muni proeba\" data-image-description=\"\" data-image-caption=\"\" data-large-file=\"https:\/\/www.hoymercedes.com.ar\/principal\/wp-content\/uploads\/2018\/10\/19-muni-proeba.jpg\" class=\"aligncenter size-medium wp-image-82722\" src=\"https:\/\/www.hoymercedes.com.ar\/principal\/wp-content\/uploads\/2018\/10\/19-muni-proeba-630x473.jpg\" alt=\"\" width=\"630\" height=\"473\" srcset=\"https:\/\/www.hoymercedes.com.ar\/principal\/wp-content\/uploads\/2018\/10\/19-muni-proeba-630x473.jpg 630w, https:\/\/www.hoymercedes.com.ar\/principal\/wp-content\/uploads\/2018\/10\/19-muni-proeba-150x113.jpg 150w, https:\/\/www.hoymercedes.com.ar\/principal\/wp-content\/uploads\/2018\/10\/19-muni-proeba.jpg 750w\" sizes=\"auto, (max-width: 630px) 100vw, 630px\" \/><\/p>\n<p>El anuncio ante los medios lo realizaron el Intendente Juan Ignacio Ustarroz, la Coordinadora del ProEBA, Florencia Comalini y el responsable del Observatorio Municipal, Miguel De Laurenti. La idea es llevar a los chicos al telescopio para que vean los astros m\u00e1s all\u00e1 del conocimiento recibido en las escuelas y en el apoyo escolar.<\/p>\n<p>Cada viernes, entonces, si el clima lo permite, los alumnos de las 18 sedes del ProEBA ir\u00e1n con sus familias en los veh\u00edculos municipales. \u00abEl proyecto busca\u00a0acercar la astronom\u00eda a los barrios a trav\u00e9s del programa educaci\u00f3n barrial. No solo tendr\u00e1n la oportunidad los chicos, sino que tambi\u00e9n, es extensiva a los padres y madres que quieran participar de esta experiencia\u201d, explic\u00f3 Comalini agregando que la idea se extender\u00e1 a las escuelas para el pr\u00f3ximo a\u00f1o puesto que en los \u00faltimos a\u00f1os del nivel primario el conocimiento astron\u00f3mico est\u00e1 en los dise\u00f1os curriculares.<\/p>\n<p>\u00abDesde que se traslad\u00f3 el observatorio hasta su nuevo emplazamiento siempre sent\u00ed la deuda de que la gente se pudiera acercar al edificio. Este programa es excelente, porque elimina el problema de la lejan\u00eda de \u00e9ste. La instalaci\u00f3n lejos de la ciudad era necesaria para que este tenga un mejor uso. Esa distancia resulta un problema para los vecinos\u00bb agreg\u00f3 De Laurenti que cada viernes, m\u00e1s all\u00e1 de las visitas de los alumnos recibe a los vecinos que quieran hacer observaciones en el lugar donde est\u00e1 el Observatorio, donde supo funcionar la Escuela 15 en el Barrio La Florida, saliendo por ruta 41.<\/p>\n","protected":false},"excerpt":{"rendered":"<p>En un proyecto conjunto entre el ProEBA y el Observatorio Municipal desde este viernes, los chicos y chicas que asistan &#8230; <a title=\"Chicos del PROEBA har\u00e1n vistas al Observatorio Municipal\" class=\"read-more\" href=\"https:\/\/www.hoymercedes.com.ar\/principal\/2018\/10\/18\/chicos-del-proeba-haran-vistas-al-observatorio-municipal\/\" aria-label=\"Leer m\u00e1s sobre Chicos del PROEBA har\u00e1n vistas al Observatorio Municipal\">Leer m\u00e1s<\/a><\/p>\n","protected":false},"author":1,"featured_media":82722,"comment_status":"closed","ping_status":"open","sticky":false,"template":"","format":"standard","meta":{"_monsterinsights_skip_tracking":false,"_monsterinsights_sitenote_active":false,"_monsterinsights_sitenote_note":"","_monsterinsights_sitenote_category":0,"jetpack_post_was_ever_published":false,"_jetpack_newsletter_access":"","_jetpack_dont_email_post_to_subs":false,"_jetpack_newsletter_tier_id":0,"_jetpack_memberships_contains_paywalled_content":false,"_jetpack_memberships_contains_paid_content":false,"footnotes":"","jetpack_publicize_message":"","jetpack_publicize_feature_enabled":true,"jetpack_social_post_already_shared":true,"jetpack_social_options":{"image_generator_settings":{"template":"highway","default_image_id":0,"font":"","enabled":false},"version":2},"_wpas_customize_per_network":false},"categories":[30],"tags":[47,244,10646,9195],"class_list":["post-82721","post","type-post","status-publish","format-standard","has-post-thumbnail","hentry","category-municipio","tag-educacion-2","tag-municipio-2","tag-observatorio-municipal","tag-proeba","generate-columns","tablet-grid-50","mobile-grid-100","grid-parent","grid-50"],"jetpack_publicize_connections":[],"jetpack_featured_media_url":"https:\/\/www.hoymercedes.com.ar\/principal\/wp-content\/uploads\/2018\/10\/19-muni-proeba.jpg","wps_subtitle":"Todos los viernes","jetpack_sharing_enabled":true,"_links":{"self":[{"href":"https:\/\/www.hoymercedes.com.ar\/principal\/wp-json\/wp\/v2\/posts\/82721","targetHints":{"allow":["GET"]}}],"collection":[{"href":"https:\/\/www.hoymercedes.com.ar\/principal\/wp-json\/wp\/v2\/posts"}],"about":[{"href":"https:\/\/www.hoymercedes.com.ar\/principal\/wp-json\/wp\/v2\/types\/post"}],"author":[{"embeddable":true,"href":"https:\/\/www.hoymercedes.com.ar\/principal\/wp-json\/wp\/v2\/users\/1"}],"replies":[{"embeddable":true,"href":"https:\/\/www.hoymercedes.com.ar\/principal\/wp-json\/wp\/v2\/comments?post=82721"}],"version-history":[{"count":0,"href":"https:\/\/www.hoymercedes.com.ar\/principal\/wp-json\/wp\/v2\/posts\/82721\/revisions"}],"wp:featuredmedia":[{"embeddable":true,"href":"https:\/\/www.hoymercedes.com.ar\/principal\/wp-json\/wp\/v2\/media\/82722"}],"wp:attachment":[{"href":"https:\/\/www.hoymercedes.com.ar\/principal\/wp-json\/wp\/v2\/media?parent=82721"}],"wp:term":[{"taxonomy":"category","embeddable":true,"href":"https:\/\/www.hoymercedes.com.ar\/principal\/wp-json\/wp\/v2\/categories?post=82721"},{"taxonomy":"post_tag","embeddable":true,"href":"https:\/\/www.hoymercedes.com.ar\/principal\/wp-json\/wp\/v2\/tags?post=82721"}],"curies":[{"name":"wp","href":"https:\/\/api.w.org\/{rel}","templated":true}]}}