{"id":82750,"date":"2018-10-20T11:30:07","date_gmt":"2018-10-20T14:30:07","guid":{"rendered":"http:\/\/www.hoymercedes.com.ar\/principal\/?p=82750"},"modified":"2018-10-19T17:06:09","modified_gmt":"2018-10-19T20:06:09","slug":"lo-que-se-busca-es-la-calidad-institucional-para-los-ninos","status":"publish","type":"post","link":"https:\/\/www.hoymercedes.com.ar\/principal\/2018\/10\/20\/lo-que-se-busca-es-la-calidad-institucional-para-los-ninos\/","title":{"rendered":"\u201cLo que se busca es la calidad institucional para los ni\u00f1os\u201d"},"content":{"rendered":"<p>Sabrina Vi\u00f1ales y Aida Laporta, concejales del bloque, fueron precisas frente a las declaraciones en algunos medios de Jorgelina Silva, secretaria de Desarrollo Social:\u00a0\u00abCon respecto a los dichos de Silva haciendo alusi\u00f3n a que los concejales de Cambiemos no se preocupan por los colegios, habr\u00eda que hacerle tomar conocimiento que lo que est\u00e1 haciendo es difamar porque es totalmente falaz que hay 6 establecimientos educativos cerrados; solo se encuentra moment\u00e1neamente cerrada la escuela 503 por tareas de refacci\u00f3n, y los ni\u00f1os de ese lugar realizan sus actividades normalmente distribuidos en otros establecimientos\u201d sostuvo Vi\u00f1ales.<\/p>\n<p>\u201cSe queja de la baja de 15 becas, que sumaban 27.000 pesos y omite decir que el Municipio recibe m\u00e1s de 1.600.000 pesos desde la provincia para atender esos programas\u00bb agrega.<\/p>\n<p>Se comunic\u00f3 la rescisi\u00f3n del convenio de Centro de D\u00eda \u00abVuelta a casa\u00bb, por el cual se transfer\u00edan mensualmente al Municipio de Mercedes $27.000.\u00a0Dicha decisi\u00f3n se enmarca en algunos puntos. Desde el Ministerio de Desarrollo Social (MDS) de la Provincia, el Municipio recibe mensualmente $1.137.427 que deben ser destinados a la atenci\u00f3n de los servicios vinculados a desarrollo social y ni\u00f1ez (se toma como referencia el monto percibido en agosto, correspondiente al Fondo de Fortalecimiento de Programas Sociales -$350.508- y al Fondo de Inclusi\u00f3n Social -$786.919-). El primero de dichos fondos tiene una asignaci\u00f3n espec\u00edfica al financiamiento del Sistema de Promoci\u00f3n y Protecci\u00f3n de Derechos de NNyA.<\/p>\n<p>Este tipo de decisiones se toman en aquellos Municipios en los cuales se ha evaluado (sin distinguir partido gobernante) que el proyecto puede y debe ser asumido por el Municipio (con las sumas provenientes de los Fondos antes mencionados), con la finalidad de destinar el financiamiento de los programas provinciales espec\u00edficos de Ni\u00f1ez, al fortalecimiento de organizaciones de la sociedad civil que no reciben actualmente apoyo estatal.<\/p>\n<p>Por \u00faltimo, se deja constancia que el Municipio recibe del OPNyA-MDS las siguientes sumas:<\/p>\n<ul>\n<li>$218.602 mensuales (tomando como referencia la liquidaci\u00f3n de septiembre pasado) correspondientes al convenio de Casa de Abrigo firmado con el OPNyA-MDS.<\/li>\n<li>$60.000 mensuales correspondientes al Programa de Autonom\u00eda Joven del OPNyA-MDS.<\/li>\n<li>$37.500 mensuales correspondientes al Programa de Operadores de Calle del OPNyA-MDS.<\/li>\n<\/ul>\n<p>Adem\u00e1s, tienen convenios con el Ministerio de Desarrollo de la Provincia, los siguientes jardines:<\/p>\n<ul>\n<li>Jard\u00edn Maternal El Honguito 36 becas ($52.200 mensuales);<\/li>\n<li>Jard\u00edn Maternal Municipal 50 becas ($72.500 mensuales).<\/li>\n<li>Envi\u00f3n Municipal: 148 becas (entre $59.200 y $118.400 mensuales) y 9 t\u00e9cnicos.<\/li>\n<\/ul>\n<p>\u00abEl problema en las escuelas, ocurre por tantos a\u00f1os de desidia de las gestiones anteriores; pero estamos tranquilos que contamos con la presidente del Consejo Escolar, Ana Darritchon, que se ocupa y se preocupa much\u00edsimo por los establecimientos educativos, y es con la que estamos en constante contacto, lo que se busca es la calidad institucional para los ni\u00f1os\u201d agreg\u00f3 Laporta.<\/p>\n<p>\u00abNosotros si nos preocupamos, y estamos con todos nuestros funcionarios en permanente contacto y tratando de ayudar porque somos un equipo, a diferencia de ellos que no saben lo que est\u00e1 pasando en un lugar y en otro\u00bb sostuvo Vi\u00f1ales, trayendo a colaci\u00f3n lo recientemente sucedido en unas de las visitas a La Casa del Ni\u00f1o, \u00aben algunas partes el lugar est\u00e1 en condiciones deplorables, y lo que nos preocupa es el tema del gas natural, donde tienen el cepo colocado desde el 13 de Septiembre, no hace 15 d\u00edas como dijeron, informaci\u00f3n constatada directamente en la oficina de Gas Natural\u00bb. Y agrega \u00abno estamos buscando la mugre debajo de la alfombra, viendo que est\u00e1 haciendo mal el Ejecutivo, sino que visitamos los establecimientos y verificamos que las cosas funcionen bien. De hecho, la semana pasada fuimos al cementerio municipal y notamos que hab\u00eda una mejor\u00eda desde la \u00faltima visita pero la encargada que nos atendi\u00f3, nos maltrat\u00f3 sin ning\u00fan motivo, y esa falta de respeto la vivimos en muchos organismos municipales a los que asistimos\u00bb.<\/p>\n<p>\u201cSalen con declaraciones sobre estos temas, pero no salen a hablar por ejemplo, del vivero municipal con el cual no hicieron absolutamente nada; hablan sobre lo que les conviene para entorpecer, para mentir; como siempre digo, miente miente, que algo quedara\u00bb finaliz\u00f3 Vi\u00f1ales.<\/p>\n<p>Fuente: Prensa Cambiemos<\/p>\n","protected":false},"excerpt":{"rendered":"<p>Sabrina Vi\u00f1ales y Aida Laporta, concejales del bloque, fueron precisas frente a las declaraciones en algunos medios de Jorgelina Silva, &#8230; <a title=\"\u201cLo que se busca es la calidad institucional para los ni\u00f1os\u201d\" class=\"read-more\" href=\"https:\/\/www.hoymercedes.com.ar\/principal\/2018\/10\/20\/lo-que-se-busca-es-la-calidad-institucional-para-los-ninos\/\" aria-label=\"Leer m\u00e1s sobre \u201cLo que se busca es la calidad institucional para los ni\u00f1os\u201d\">Leer m\u00e1s<\/a><\/p>\n","protected":false},"author":1,"featured_media":82354,"comment_status":"closed","ping_status":"open","sticky":false,"template":"","format":"standard","meta":{"_monsterinsights_skip_tracking":false,"_monsterinsights_sitenote_active":false,"_monsterinsights_sitenote_note":"","_monsterinsights_sitenote_category":0,"jetpack_post_was_ever_published":false,"_jetpack_newsletter_access":"","_jetpack_dont_email_post_to_subs":false,"_jetpack_newsletter_tier_id":0,"_jetpack_memberships_contains_paywalled_content":false,"_jetpack_memberships_contains_paid_content":false,"footnotes":"","jetpack_publicize_message":"","jetpack_publicize_feature_enabled":true,"jetpack_social_post_already_shared":true,"jetpack_social_options":{"image_generator_settings":{"template":"highway","default_image_id":0,"font":"","enabled":false},"version":2},"_wpas_customize_per_network":false},"categories":[5],"tags":[7492,10,5319],"class_list":["post-82750","post","type-post","status-publish","format-standard","has-post-thumbnail","hentry","category-politica","tag-frente-cambiemos","tag-mercedes","tag-politica-2","generate-columns","tablet-grid-50","mobile-grid-100","grid-parent","grid-50"],"jetpack_publicize_connections":[],"jetpack_featured_media_url":"https:\/\/www.hoymercedes.com.ar\/principal\/wp-content\/uploads\/2018\/10\/11-casa-del-ni\u00f1o-3.jpg","wps_subtitle":"Concejales de Cambiemos","jetpack_sharing_enabled":true,"_links":{"self":[{"href":"https:\/\/www.hoymercedes.com.ar\/principal\/wp-json\/wp\/v2\/posts\/82750","targetHints":{"allow":["GET"]}}],"collection":[{"href":"https:\/\/www.hoymercedes.com.ar\/principal\/wp-json\/wp\/v2\/posts"}],"about":[{"href":"https:\/\/www.hoymercedes.com.ar\/principal\/wp-json\/wp\/v2\/types\/post"}],"author":[{"embeddable":true,"href":"https:\/\/www.hoymercedes.com.ar\/principal\/wp-json\/wp\/v2\/users\/1"}],"replies":[{"embeddable":true,"href":"https:\/\/www.hoymercedes.com.ar\/principal\/wp-json\/wp\/v2\/comments?post=82750"}],"version-history":[{"count":0,"href":"https:\/\/www.hoymercedes.com.ar\/principal\/wp-json\/wp\/v2\/posts\/82750\/revisions"}],"wp:featuredmedia":[{"embeddable":true,"href":"https:\/\/www.hoymercedes.com.ar\/principal\/wp-json\/wp\/v2\/media\/82354"}],"wp:attachment":[{"href":"https:\/\/www.hoymercedes.com.ar\/principal\/wp-json\/wp\/v2\/media?parent=82750"}],"wp:term":[{"taxonomy":"category","embeddable":true,"href":"https:\/\/www.hoymercedes.com.ar\/principal\/wp-json\/wp\/v2\/categories?post=82750"},{"taxonomy":"post_tag","embeddable":true,"href":"https:\/\/www.hoymercedes.com.ar\/principal\/wp-json\/wp\/v2\/tags?post=82750"}],"curies":[{"name":"wp","href":"https:\/\/api.w.org\/{rel}","templated":true}]}}