{"id":82780,"date":"2018-10-20T17:31:36","date_gmt":"2018-10-20T20:31:36","guid":{"rendered":"http:\/\/www.hoymercedes.com.ar\/principal\/?p=82780"},"modified":"2018-10-21T09:54:40","modified_gmt":"2018-10-21T12:54:40","slug":"pablo-rodriguez-gano-el-primer-premio-en-abogados","status":"publish","type":"post","link":"https:\/\/www.hoymercedes.com.ar\/principal\/2018\/10\/20\/pablo-rodriguez-gano-el-primer-premio-en-abogados\/","title":{"rendered":"Pablo Rodr\u00edguez gan\u00f3 el primer premio en Abogados"},"content":{"rendered":"<p>En la tarde del s\u00e1bado actu\u00f3 el jurado del Sal\u00f3n de Pintura del Colegio de Abogados de Mercedes. Seleccionaron 46 obras para presentar en la muestra que inaugura el s\u00e1bado 27.<\/p>\n<p>Los artistas Carlos Arnaiz, Roberto Fernandez y Pablo de Monte determinaron quienes son los ganadores. El primero, adquisici\u00f3n, es para la obra \u00abEn el Barrio\u00bb de Pablo Martin Rodr\u00edguez de Mercedes.<\/p>\n<p><img loading=\"lazy\" decoding=\"async\" data-attachment-id=\"82781\" data-permalink=\"https:\/\/www.hoymercedes.com.ar\/principal\/2018\/10\/20\/pablo-rodriguez-gano-el-primer-premio-en-abogados\/img_20181020_171852466-01-800x600\/#main\" data-orig-file=\"https:\/\/www.hoymercedes.com.ar\/principal\/wp-content\/uploads\/2018\/10\/IMG_20181020_171852466-01-800x600.jpeg\" data-orig-size=\"800,600\" data-comments-opened=\"0\" data-image-meta=\"{&quot;aperture&quot;:&quot;0&quot;,&quot;credit&quot;:&quot;&quot;,&quot;camera&quot;:&quot;&quot;,&quot;caption&quot;:&quot;&quot;,&quot;created_timestamp&quot;:&quot;0&quot;,&quot;copyright&quot;:&quot;&quot;,&quot;focal_length&quot;:&quot;0&quot;,&quot;iso&quot;:&quot;0&quot;,&quot;shutter_speed&quot;:&quot;0&quot;,&quot;title&quot;:&quot;&quot;,&quot;orientation&quot;:&quot;0&quot;}\" data-image-title=\"IMG_20181020_171852466-01-800&amp;#215;600\" data-image-description=\"\" data-image-caption=\"\" data-large-file=\"https:\/\/www.hoymercedes.com.ar\/principal\/wp-content\/uploads\/2018\/10\/IMG_20181020_171852466-01-800x600.jpeg\" class=\"aligncenter size-medium wp-image-82781\" src=\"https:\/\/www.hoymercedes.com.ar\/principal\/wp-content\/uploads\/2018\/10\/IMG_20181020_171852466-01-800x600-630x473.jpeg\" alt=\"\" width=\"630\" height=\"473\" srcset=\"https:\/\/www.hoymercedes.com.ar\/principal\/wp-content\/uploads\/2018\/10\/IMG_20181020_171852466-01-800x600-630x473.jpeg 630w, https:\/\/www.hoymercedes.com.ar\/principal\/wp-content\/uploads\/2018\/10\/IMG_20181020_171852466-01-800x600-150x113.jpeg 150w, https:\/\/www.hoymercedes.com.ar\/principal\/wp-content\/uploads\/2018\/10\/IMG_20181020_171852466-01-800x600.jpeg 800w\" sizes=\"auto, (max-width: 630px) 100vw, 630px\" \/><\/p>\n<p>El segundo premio fue para Nicol\u00e1s Filippoli de Luj\u00e1n, mientras que el tercero es para Norma Fabrega de Mercedes y el cuarto para Francisco Zucchi de Lujan.<\/p>\n<p>Las menciones fueron para Julio Becerra de Mercedes, Mat\u00edas Lepere de Merlo, Marina Lopez de Mercedes y Mercedes Zapillon de Salto.<\/p>\n","protected":false},"excerpt":{"rendered":"<p>En la tarde del s\u00e1bado actu\u00f3 el jurado del Sal\u00f3n de Pintura del Colegio de Abogados de Mercedes. Seleccionaron 46 &#8230; <a title=\"Pablo Rodr\u00edguez gan\u00f3 el primer premio en Abogados\" class=\"read-more\" href=\"https:\/\/www.hoymercedes.com.ar\/principal\/2018\/10\/20\/pablo-rodriguez-gano-el-primer-premio-en-abogados\/\" aria-label=\"Leer m\u00e1s sobre Pablo Rodr\u00edguez gan\u00f3 el primer premio en Abogados\">Leer m\u00e1s<\/a><\/p>\n","protected":false},"author":1,"featured_media":82781,"comment_status":"closed","ping_status":"open","sticky":false,"template":"","format":"standard","meta":{"_monsterinsights_skip_tracking":false,"_monsterinsights_sitenote_active":false,"_monsterinsights_sitenote_note":"","_monsterinsights_sitenote_category":0,"jetpack_post_was_ever_published":false,"_jetpack_newsletter_access":"","_jetpack_dont_email_post_to_subs":false,"_jetpack_newsletter_tier_id":0,"_jetpack_memberships_contains_paywalled_content":false,"_jetpack_memberships_contains_paid_content":false,"footnotes":"","jetpack_publicize_message":"Pablo Rodr\u00edguez gan\u00f3 el primer premio en Abogados","jetpack_publicize_feature_enabled":true,"jetpack_social_post_already_shared":true,"jetpack_social_options":{"image_generator_settings":{"template":"highway","default_image_id":0,"font":"","enabled":false},"version":2},"_wpas_customize_per_network":false},"categories":[104],"tags":[8890,928,7805,565,970],"class_list":["post-82780","post","type-post","status-publish","format-standard","has-post-thumbnail","hentry","category-cultura","tag-artes-plasticas","tag-colegio-de-abogados","tag-cultura","tag-premios","tag-salon-de-pintura","generate-columns","tablet-grid-50","mobile-grid-100","grid-parent","grid-50"],"jetpack_publicize_connections":[],"jetpack_featured_media_url":"https:\/\/www.hoymercedes.com.ar\/principal\/wp-content\/uploads\/2018\/10\/IMG_20181020_171852466-01-800x600.jpeg","wps_subtitle":"Selecci\u00f3n del jurado","jetpack_sharing_enabled":true,"_links":{"self":[{"href":"https:\/\/www.hoymercedes.com.ar\/principal\/wp-json\/wp\/v2\/posts\/82780","targetHints":{"allow":["GET"]}}],"collection":[{"href":"https:\/\/www.hoymercedes.com.ar\/principal\/wp-json\/wp\/v2\/posts"}],"about":[{"href":"https:\/\/www.hoymercedes.com.ar\/principal\/wp-json\/wp\/v2\/types\/post"}],"author":[{"embeddable":true,"href":"https:\/\/www.hoymercedes.com.ar\/principal\/wp-json\/wp\/v2\/users\/1"}],"replies":[{"embeddable":true,"href":"https:\/\/www.hoymercedes.com.ar\/principal\/wp-json\/wp\/v2\/comments?post=82780"}],"version-history":[{"count":0,"href":"https:\/\/www.hoymercedes.com.ar\/principal\/wp-json\/wp\/v2\/posts\/82780\/revisions"}],"wp:featuredmedia":[{"embeddable":true,"href":"https:\/\/www.hoymercedes.com.ar\/principal\/wp-json\/wp\/v2\/media\/82781"}],"wp:attachment":[{"href":"https:\/\/www.hoymercedes.com.ar\/principal\/wp-json\/wp\/v2\/media?parent=82780"}],"wp:term":[{"taxonomy":"category","embeddable":true,"href":"https:\/\/www.hoymercedes.com.ar\/principal\/wp-json\/wp\/v2\/categories?post=82780"},{"taxonomy":"post_tag","embeddable":true,"href":"https:\/\/www.hoymercedes.com.ar\/principal\/wp-json\/wp\/v2\/tags?post=82780"}],"curies":[{"name":"wp","href":"https:\/\/api.w.org\/{rel}","templated":true}]}}