{"id":8281,"date":"2011-10-16T01:34:11","date_gmt":"2011-10-16T01:34:11","guid":{"rendered":"http:\/\/www.hoymercedes.com.ar\/principal\/?p=8281"},"modified":"2011-10-16T01:34:22","modified_gmt":"2011-10-16T01:34:22","slug":"juventud-17-de-octubre","status":"publish","type":"post","link":"https:\/\/www.hoymercedes.com.ar\/principal\/2011\/10\/16\/juventud-17-de-octubre\/","title":{"rendered":"Juventud 17 de octubre: Carta abierta al Sr. Higinio Garc\u00eda Aloisio"},"content":{"rendered":"<p>En los diarios mercedinos se ha publicado una carta de lectores de su autor\u00eda, titulada \u201cpicard\u00edas o canalladas\u201d, refiri\u00e9ndose a la posible instalaci\u00f3n de villas en nuestra ciudad.<\/p>\n<p>Creemos, estimado, que Ud. en vez de demostrar cuales son las picard\u00edas y canalladas, sobre las que hace alusi\u00f3n, vive vanagloriando a un candidato que ya cuenta con demasiados aduladores.<\/p>\n<p>Nosotros desde la juventud de reciente incorporaci\u00f3n a la pol\u00edtica somos incapaces de tener esas actitudes. Ud. por pertenecer a la \u201cvieja pol\u00edtica\u201d lo puede denunciar de esta manera porque a lo mejor vio o participo de algo pareci\u00f3. Quiz\u00e1s de ah\u00ed entiende modos operandis que nosotros no. (\u00bfRecuerda la denuncia an\u00f3nima al Dr. Novak en las elecciones del 99 que dieron vuelta el resultado? \u00bfConoce acaso operaciones de auto-ataque para elevar los niveles de adhesi\u00f3n?)<\/p>\n<p>Poseemos una visi\u00f3n de la pol\u00edtica totalmente diferente, no salimos ni a atacar ni a ofender a ning\u00fan candidato, s\u00f3lo tratamos de analizar los elementos con que podemos contar y\/o averiguar<\/p>\n<p>En el caso de la Villa 31, a la cual Ud. se refiere concretamente podemos indicar algunos indicios que nos preocupan:<\/p>\n<p>1 \u2013 El crecimiento de los \u00faltimos dos meses en forma desmedida del cambio de domicilio desde el conurbano hacia Mercedes y su pronta aparici\u00f3n en los padrones electorales<\/p>\n<p>2 \u2013 La desmentida del Sr. Ustarroz de hace unos d\u00edas sobre el tema de la radicaci\u00f3n de la villa, antes de que el tema trascendiera<\/p>\n<p>3 \u2013 La entrega de materiales de construcci\u00f3n a usurpadores (Ante duda tenemos nombres y apellidos)<\/p>\n<p>4 \u2013 Versiones muy puntuales que indicar\u00edan la visita a la ciudad de la Sra. Ruth Torrico de Ledesma l\u00edder indiscutida de la Villa 31, presidenta de Mundo Villa Tv y de muy buena relaci\u00f3n con sectores del oficialismo nacional<\/p>\n<p>Estas versiones son m\u00e1s que pare tener en cuenta. No son picard\u00edas ni canalladas. Son hechos concretos y reales.<\/p>\n<p>\u201cPicard\u00edas y canalladas\u201d son la instalaci\u00f3n de ciertos temas para despu\u00e9s victimizarse. Somos pocos y nos conocemos mucho.<\/p>\n<p>PD: hace poco Ud. public\u00f3 en otra carta de lectores donde explico que despu\u00e9s de analizar lo sucedido el 14 de agosto, y para justificar su pase de Benitez a Ustarroz, es una norma peronista que el que gana gobierna y el que no acompa\u00f1a. \u00bfLo recuerda? Ud siempre perdi\u00f3 y jam\u00e1s acompa\u00f1\u00f3. T\u00e9ngalo presente.<\/p>\n<p>Juventud Peronista<\/p>\n","protected":false},"excerpt":{"rendered":"<p>En los diarios mercedinos se ha publicado una carta de lectores de su autor\u00eda, titulada \u201cpicard\u00edas o canalladas\u201d, refiri\u00e9ndose a &#8230; <a title=\"Juventud 17 de octubre: Carta abierta al Sr. Higinio Garc\u00eda Aloisio\" class=\"read-more\" href=\"https:\/\/www.hoymercedes.com.ar\/principal\/2011\/10\/16\/juventud-17-de-octubre\/\" aria-label=\"Leer m\u00e1s sobre Juventud 17 de octubre: Carta abierta al Sr. Higinio Garc\u00eda Aloisio\">Leer m\u00e1s<\/a><\/p>\n","protected":false},"author":1,"featured_media":0,"comment_status":"open","ping_status":"open","sticky":false,"template":"","format":"standard","meta":{"_monsterinsights_skip_tracking":false,"_monsterinsights_sitenote_active":false,"_monsterinsights_sitenote_note":"","_monsterinsights_sitenote_category":0,"jetpack_post_was_ever_published":false,"_jetpack_newsletter_access":"","_jetpack_dont_email_post_to_subs":false,"_jetpack_newsletter_tier_id":0,"_jetpack_memberships_contains_paywalled_content":false,"_jetpack_memberships_contains_paid_content":false,"footnotes":"","jetpack_publicize_message":"","jetpack_publicize_feature_enabled":true,"jetpack_social_post_already_shared":false,"jetpack_social_options":{"image_generator_settings":{"template":"highway","default_image_id":0,"font":"","enabled":false},"version":2},"_wpas_customize_per_network":false},"categories":[5],"tags":[1471],"class_list":["post-8281","post","type-post","status-publish","format-standard","hentry","category-politica","tag-carta-a-garcia-alosio","generate-columns","tablet-grid-50","mobile-grid-100","grid-parent","grid-50"],"jetpack_publicize_connections":[],"jetpack_featured_media_url":"","wps_subtitle":"","jetpack_sharing_enabled":true,"_links":{"self":[{"href":"https:\/\/www.hoymercedes.com.ar\/principal\/wp-json\/wp\/v2\/posts\/8281","targetHints":{"allow":["GET"]}}],"collection":[{"href":"https:\/\/www.hoymercedes.com.ar\/principal\/wp-json\/wp\/v2\/posts"}],"about":[{"href":"https:\/\/www.hoymercedes.com.ar\/principal\/wp-json\/wp\/v2\/types\/post"}],"author":[{"embeddable":true,"href":"https:\/\/www.hoymercedes.com.ar\/principal\/wp-json\/wp\/v2\/users\/1"}],"replies":[{"embeddable":true,"href":"https:\/\/www.hoymercedes.com.ar\/principal\/wp-json\/wp\/v2\/comments?post=8281"}],"version-history":[{"count":0,"href":"https:\/\/www.hoymercedes.com.ar\/principal\/wp-json\/wp\/v2\/posts\/8281\/revisions"}],"wp:attachment":[{"href":"https:\/\/www.hoymercedes.com.ar\/principal\/wp-json\/wp\/v2\/media?parent=8281"}],"wp:term":[{"taxonomy":"category","embeddable":true,"href":"https:\/\/www.hoymercedes.com.ar\/principal\/wp-json\/wp\/v2\/categories?post=8281"},{"taxonomy":"post_tag","embeddable":true,"href":"https:\/\/www.hoymercedes.com.ar\/principal\/wp-json\/wp\/v2\/tags?post=8281"}],"curies":[{"name":"wp","href":"https:\/\/api.w.org\/{rel}","templated":true}]}}