{"id":82815,"date":"2018-10-21T08:55:18","date_gmt":"2018-10-21T11:55:18","guid":{"rendered":"http:\/\/www.hoymercedes.com.ar\/principal\/?p=82815"},"modified":"2018-10-21T10:02:39","modified_gmt":"2018-10-21T13:02:39","slug":"celebracion-del-dia-de-la-madre-en-el-anexo-femenino-del-penal","status":"publish","type":"post","link":"https:\/\/www.hoymercedes.com.ar\/principal\/2018\/10\/21\/celebracion-del-dia-de-la-madre-en-el-anexo-femenino-del-penal\/","title":{"rendered":"Celebraci\u00f3n del D\u00eda de la Madre en el Anexo Femenino del penal"},"content":{"rendered":"<p>El viernes a la tarde las internas del Anexo Femenino de la Unidad Penitenciaria N\u00b0 5 de Mercedes anticiparon la celebraci\u00f3n por el d\u00eda de la madre con m\u00fasica y baile.\u00a0Mat\u00edas Navarro realiz\u00f3 un show de m\u00e1s de una hora, interactuando con las internas, bailando y cantando gran variedad de temas de cumbia, cuarteto y cl\u00e1sicos remixados.<\/p>\n<p><img loading=\"lazy\" decoding=\"async\" data-attachment-id=\"82816\" data-permalink=\"https:\/\/www.hoymercedes.com.ar\/principal\/2018\/10\/21\/celebracion-del-dia-de-la-madre-en-el-anexo-femenino-del-penal\/21-carcel-madres\/#main\" data-orig-file=\"https:\/\/www.hoymercedes.com.ar\/principal\/wp-content\/uploads\/2018\/10\/21-carcel-madres.jpg\" data-orig-size=\"750,469\" data-comments-opened=\"0\" data-image-meta=\"{&quot;aperture&quot;:&quot;0&quot;,&quot;credit&quot;:&quot;&quot;,&quot;camera&quot;:&quot;&quot;,&quot;caption&quot;:&quot;&quot;,&quot;created_timestamp&quot;:&quot;0&quot;,&quot;copyright&quot;:&quot;&quot;,&quot;focal_length&quot;:&quot;0&quot;,&quot;iso&quot;:&quot;0&quot;,&quot;shutter_speed&quot;:&quot;0&quot;,&quot;title&quot;:&quot;&quot;,&quot;orientation&quot;:&quot;0&quot;}\" data-image-title=\"21 carcel madres\" data-image-description=\"\" data-image-caption=\"\" data-large-file=\"https:\/\/www.hoymercedes.com.ar\/principal\/wp-content\/uploads\/2018\/10\/21-carcel-madres.jpg\" class=\"aligncenter size-medium wp-image-82816\" src=\"https:\/\/www.hoymercedes.com.ar\/principal\/wp-content\/uploads\/2018\/10\/21-carcel-madres-630x394.jpg\" alt=\"\" width=\"630\" height=\"394\" srcset=\"https:\/\/www.hoymercedes.com.ar\/principal\/wp-content\/uploads\/2018\/10\/21-carcel-madres-630x394.jpg 630w, https:\/\/www.hoymercedes.com.ar\/principal\/wp-content\/uploads\/2018\/10\/21-carcel-madres-150x94.jpg 150w, https:\/\/www.hoymercedes.com.ar\/principal\/wp-content\/uploads\/2018\/10\/21-carcel-madres.jpg 750w\" sizes=\"auto, (max-width: 630px) 100vw, 630px\" \/><\/p>\n<p>Por su parte\u00a0Mat\u00edas, acompa\u00f1ado por su hermano Luis quien lo asisti\u00f3 con la m\u00fasica, coment\u00f3 que se sinti\u00f3 muy bien y que le gust\u00f3 mucho hacer esta presentaci\u00f3n, y que m\u00e1s adelante va a volver, lo cual fue muy bien recibido por las internas que disfrutaron mucho y participaron y se divirtieron mucho.\u00a0Para finalizar compartieron una merienda y les cant\u00f3 un emotivo tema sobre la importancia de las madres, lo cual emocion\u00f3 a las presentes.<\/p>\n<p>Esta actividad se coordin\u00f3 entre la Direcci\u00f3n de la Unidad N\u00b0 5 a cargo de Ricardo M\u00e9ndez y del Patronato de Liberados, con su Delegada Mercedes Gigena y Celeste Burone, los cuales le agradecieron a Navarro su compromiso y solidaridad para hacer este show, tan importante para las detenidas en una fecha muy significativa como lo es el d\u00eda de la madre.<\/p>\n<p>Fuente: Prensa Unidad 5<\/p>\n","protected":false},"excerpt":{"rendered":"<p>El viernes a la tarde las internas del Anexo Femenino de la Unidad Penitenciaria N\u00b0 5 de Mercedes anticiparon la &#8230; <a title=\"Celebraci\u00f3n del D\u00eda de la Madre en el Anexo Femenino del penal\" class=\"read-more\" href=\"https:\/\/www.hoymercedes.com.ar\/principal\/2018\/10\/21\/celebracion-del-dia-de-la-madre-en-el-anexo-femenino-del-penal\/\" aria-label=\"Leer m\u00e1s sobre Celebraci\u00f3n del D\u00eda de la Madre en el Anexo Femenino del penal\">Leer m\u00e1s<\/a><\/p>\n","protected":false},"author":1,"featured_media":82816,"comment_status":"closed","ping_status":"open","sticky":false,"template":"","format":"standard","meta":{"_monsterinsights_skip_tracking":false,"_monsterinsights_sitenote_active":false,"_monsterinsights_sitenote_note":"","_monsterinsights_sitenote_category":0,"jetpack_post_was_ever_published":false,"_jetpack_newsletter_access":"","_jetpack_dont_email_post_to_subs":false,"_jetpack_newsletter_tier_id":0,"_jetpack_memberships_contains_paywalled_content":false,"_jetpack_memberships_contains_paid_content":false,"footnotes":"","jetpack_publicize_message":"","jetpack_publicize_feature_enabled":true,"jetpack_social_post_already_shared":true,"jetpack_social_options":{"image_generator_settings":{"template":"highway","default_image_id":0,"font":"","enabled":false},"version":2},"_wpas_customize_per_network":false},"categories":[8],"tags":[13918,1011,10,113],"class_list":["post-82815","post","type-post","status-publish","format-standard","has-post-thumbnail","hentry","category-sociedad","tag-anexo-mujeres","tag-carcel","tag-mercedes","tag-unidad-5","generate-columns","tablet-grid-50","mobile-grid-100","grid-parent","grid-50"],"jetpack_publicize_connections":[],"jetpack_featured_media_url":"https:\/\/www.hoymercedes.com.ar\/principal\/wp-content\/uploads\/2018\/10\/21-carcel-madres.jpg","wps_subtitle":"El viernes pasado","jetpack_sharing_enabled":true,"_links":{"self":[{"href":"https:\/\/www.hoymercedes.com.ar\/principal\/wp-json\/wp\/v2\/posts\/82815","targetHints":{"allow":["GET"]}}],"collection":[{"href":"https:\/\/www.hoymercedes.com.ar\/principal\/wp-json\/wp\/v2\/posts"}],"about":[{"href":"https:\/\/www.hoymercedes.com.ar\/principal\/wp-json\/wp\/v2\/types\/post"}],"author":[{"embeddable":true,"href":"https:\/\/www.hoymercedes.com.ar\/principal\/wp-json\/wp\/v2\/users\/1"}],"replies":[{"embeddable":true,"href":"https:\/\/www.hoymercedes.com.ar\/principal\/wp-json\/wp\/v2\/comments?post=82815"}],"version-history":[{"count":0,"href":"https:\/\/www.hoymercedes.com.ar\/principal\/wp-json\/wp\/v2\/posts\/82815\/revisions"}],"wp:featuredmedia":[{"embeddable":true,"href":"https:\/\/www.hoymercedes.com.ar\/principal\/wp-json\/wp\/v2\/media\/82816"}],"wp:attachment":[{"href":"https:\/\/www.hoymercedes.com.ar\/principal\/wp-json\/wp\/v2\/media?parent=82815"}],"wp:term":[{"taxonomy":"category","embeddable":true,"href":"https:\/\/www.hoymercedes.com.ar\/principal\/wp-json\/wp\/v2\/categories?post=82815"},{"taxonomy":"post_tag","embeddable":true,"href":"https:\/\/www.hoymercedes.com.ar\/principal\/wp-json\/wp\/v2\/tags?post=82815"}],"curies":[{"name":"wp","href":"https:\/\/api.w.org\/{rel}","templated":true}]}}