{"id":82825,"date":"2018-10-21T10:56:58","date_gmt":"2018-10-21T13:56:58","guid":{"rendered":"http:\/\/www.hoymercedes.com.ar\/principal\/?p=82825"},"modified":"2018-10-21T10:58:02","modified_gmt":"2018-10-21T13:58:02","slug":"samba-esquina-tango-una-cita-benefica-con-musica-y-danza","status":"publish","type":"post","link":"https:\/\/www.hoymercedes.com.ar\/principal\/2018\/10\/21\/samba-esquina-tango-una-cita-benefica-con-musica-y-danza\/","title":{"rendered":"Samba esquina Tango, una cita ben\u00e9fica con m\u00fasica y danza"},"content":{"rendered":"<p>Por TeCleArte &#8211; La noche del s\u00e1bado, el sal\u00f3n del Colegio Nacional se vio colmada de p\u00fablico con el espect\u00e1culo que reun\u00eda el Tango Argentino y el Samba Brasilero, una propuesta que Mar\u00eda Luj\u00e1n Luna y Eduardo Cirillo, acompa\u00f1ados de m\u00fasicos y bailarines, presentaron a beneficio de CAIDIM, el Hogar \u00abDivina Providencia\u00bb y CERELMER con el auspicio de Rotary Mercedes Bulevar 40.<\/p>\n<p><img loading=\"lazy\" decoding=\"async\" data-attachment-id=\"82826\" data-permalink=\"https:\/\/www.hoymercedes.com.ar\/principal\/2018\/10\/21\/samba-esquina-tango-una-cita-benefica-con-musica-y-danza\/21-lujan-luna-1\/#main\" data-orig-file=\"https:\/\/www.hoymercedes.com.ar\/principal\/wp-content\/uploads\/2018\/10\/21-lujan-luna-1.jpg\" data-orig-size=\"750,500\" data-comments-opened=\"0\" data-image-meta=\"{&quot;aperture&quot;:&quot;2&quot;,&quot;credit&quot;:&quot;&quot;,&quot;camera&quot;:&quot;Moto G (5S) Plus&quot;,&quot;caption&quot;:&quot;&quot;,&quot;created_timestamp&quot;:&quot;1540072260&quot;,&quot;copyright&quot;:&quot;&quot;,&quot;focal_length&quot;:&quot;3.59&quot;,&quot;iso&quot;:&quot;400&quot;,&quot;shutter_speed&quot;:&quot;0.0625&quot;,&quot;title&quot;:&quot;&quot;,&quot;orientation&quot;:&quot;1&quot;}\" data-image-title=\"21 lujan luna 1\" data-image-description=\"\" data-image-caption=\"&lt;p&gt;Foto de Archivo&lt;\/p&gt;\n\" data-large-file=\"https:\/\/www.hoymercedes.com.ar\/principal\/wp-content\/uploads\/2018\/10\/21-lujan-luna-1.jpg\" class=\"aligncenter size-medium wp-image-82826\" src=\"https:\/\/www.hoymercedes.com.ar\/principal\/wp-content\/uploads\/2018\/10\/21-lujan-luna-1-630x420.jpg\" alt=\"\" width=\"630\" height=\"420\" srcset=\"https:\/\/www.hoymercedes.com.ar\/principal\/wp-content\/uploads\/2018\/10\/21-lujan-luna-1-630x420.jpg 630w, https:\/\/www.hoymercedes.com.ar\/principal\/wp-content\/uploads\/2018\/10\/21-lujan-luna-1-150x100.jpg 150w, https:\/\/www.hoymercedes.com.ar\/principal\/wp-content\/uploads\/2018\/10\/21-lujan-luna-1.jpg 750w\" sizes=\"auto, (max-width: 630px) 100vw, 630px\" \/><\/p>\n<p>\u00abTango y Samba, hermanados por su antigua ra\u00edz negra y acunados en los arrabales de Am\u00e9rica, supieron elevarse de su clandestinidad y llegar a representarnos como inconfundibles y aplaudidos embajadores de nuestras tierras. M\u00fasicas viajeras, cantadas y tambi\u00e9n a penar por las nostalgias\/<em>saudades<\/em> de la vida. Melod\u00edas y palabras que dicen qui\u00e9nes somo, con las im\u00e1genes m\u00e1s llanas o en exquisitas met\u00e1foras\u00bb, expres\u00f3 Mar\u00eda Luna al inicio del show dando pie a los que ser\u00eda un espect\u00e1culo que reuni\u00f3 ritmos, danza, luces, y miles de sensaciones en cada uno de los presentes.<\/p>\n<p>Un entrevero de canciones de Buenos Aires y de R\u00edo de Janeiro se dieron cita en la noche del s\u00e1bado. El encuentro lo llevaron adelante Mar\u00eda Luna (voz, idea y coordinaci\u00f3n general), Eduardo Cirilo\u00a0 (guitarra, bandone\u00f3n y direcci\u00f3n musical), Betina Arroyo (coros), Miguel Agostini (voz), Nacho Ferreyra (contrabajo), Jos\u00e9 Mierez (bater\u00eda), Manuel Maturo (piano), Tomy Maldonado (guitarra), Nano Esp\u00edndola (percusi\u00f3n) y los bailarines Miriam Salanueva, D\u00e9bota G\u00f3mez, juan Cruz Cornejo y Andr\u00e9s Albarrac\u00edn.<\/p>\n<p><span class=\"embed-youtube\" style=\"text-align:center; display: block;\"><iframe loading=\"lazy\" class=\"youtube-player\" width=\"1200\" height=\"675\" src=\"https:\/\/www.youtube.com\/embed\/6htG46HeKUU?version=3&#038;rel=1&#038;showsearch=0&#038;showinfo=1&#038;iv_load_policy=1&#038;fs=1&#038;hl=es-ES&#038;autohide=2&#038;wmode=transparent\" allowfullscreen=\"true\" style=\"border:0;\" sandbox=\"allow-scripts allow-same-origin allow-popups allow-presentation allow-popups-to-escape-sandbox\"><\/iframe><\/span><\/p>\n<p>&nbsp;<\/p>\n<p>&nbsp;<\/p>\n","protected":false},"excerpt":{"rendered":"<p>Por TeCleArte &#8211; La noche del s\u00e1bado, el sal\u00f3n del Colegio Nacional se vio colmada de p\u00fablico con el espect\u00e1culo &#8230; <a title=\"Samba esquina Tango, una cita ben\u00e9fica con m\u00fasica y danza\" class=\"read-more\" href=\"https:\/\/www.hoymercedes.com.ar\/principal\/2018\/10\/21\/samba-esquina-tango-una-cita-benefica-con-musica-y-danza\/\" aria-label=\"Leer m\u00e1s sobre Samba esquina Tango, una cita ben\u00e9fica con m\u00fasica y danza\">Leer m\u00e1s<\/a><\/p>\n","protected":false},"author":1,"featured_media":82826,"comment_status":"closed","ping_status":"open","sticky":false,"template":"","format":"standard","meta":{"_monsterinsights_skip_tracking":false,"_monsterinsights_sitenote_active":false,"_monsterinsights_sitenote_note":"","_monsterinsights_sitenote_category":0,"jetpack_post_was_ever_published":false,"_jetpack_newsletter_access":"","_jetpack_dont_email_post_to_subs":false,"_jetpack_newsletter_tier_id":0,"_jetpack_memberships_contains_paywalled_content":false,"_jetpack_memberships_contains_paid_content":false,"footnotes":"","jetpack_publicize_message":"","jetpack_publicize_feature_enabled":true,"jetpack_social_post_already_shared":true,"jetpack_social_options":{"image_generator_settings":{"template":"highway","default_image_id":0,"font":"","enabled":false},"version":2},"_wpas_customize_per_network":false},"categories":[104],"tags":[13025,7805,8539],"class_list":["post-82825","post","type-post","status-publish","format-standard","has-post-thumbnail","hentry","category-cultura","tag-concierto-a-beneficio","tag-cultura","tag-musica","generate-columns","tablet-grid-50","mobile-grid-100","grid-parent","grid-50"],"jetpack_publicize_connections":[],"jetpack_featured_media_url":"https:\/\/www.hoymercedes.com.ar\/principal\/wp-content\/uploads\/2018\/10\/21-lujan-luna-1.jpg","wps_subtitle":"Colm\u00f3 las expectativas","jetpack_sharing_enabled":true,"_links":{"self":[{"href":"https:\/\/www.hoymercedes.com.ar\/principal\/wp-json\/wp\/v2\/posts\/82825","targetHints":{"allow":["GET"]}}],"collection":[{"href":"https:\/\/www.hoymercedes.com.ar\/principal\/wp-json\/wp\/v2\/posts"}],"about":[{"href":"https:\/\/www.hoymercedes.com.ar\/principal\/wp-json\/wp\/v2\/types\/post"}],"author":[{"embeddable":true,"href":"https:\/\/www.hoymercedes.com.ar\/principal\/wp-json\/wp\/v2\/users\/1"}],"replies":[{"embeddable":true,"href":"https:\/\/www.hoymercedes.com.ar\/principal\/wp-json\/wp\/v2\/comments?post=82825"}],"version-history":[{"count":0,"href":"https:\/\/www.hoymercedes.com.ar\/principal\/wp-json\/wp\/v2\/posts\/82825\/revisions"}],"wp:featuredmedia":[{"embeddable":true,"href":"https:\/\/www.hoymercedes.com.ar\/principal\/wp-json\/wp\/v2\/media\/82826"}],"wp:attachment":[{"href":"https:\/\/www.hoymercedes.com.ar\/principal\/wp-json\/wp\/v2\/media?parent=82825"}],"wp:term":[{"taxonomy":"category","embeddable":true,"href":"https:\/\/www.hoymercedes.com.ar\/principal\/wp-json\/wp\/v2\/categories?post=82825"},{"taxonomy":"post_tag","embeddable":true,"href":"https:\/\/www.hoymercedes.com.ar\/principal\/wp-json\/wp\/v2\/tags?post=82825"}],"curies":[{"name":"wp","href":"https:\/\/api.w.org\/{rel}","templated":true}]}}