{"id":82828,"date":"2018-10-21T12:15:11","date_gmt":"2018-10-21T15:15:11","guid":{"rendered":"http:\/\/www.hoymercedes.com.ar\/principal\/?p=82828"},"modified":"2018-10-21T11:39:17","modified_gmt":"2018-10-21T14:39:17","slug":"manzaneras-fueron-homenajeadas-anticipando-el-dia-de-la-madre","status":"publish","type":"post","link":"https:\/\/www.hoymercedes.com.ar\/principal\/2018\/10\/21\/manzaneras-fueron-homenajeadas-anticipando-el-dia-de-la-madre\/","title":{"rendered":"Manzaneras fueron homenajeadas anticipando el d\u00eda de la madre"},"content":{"rendered":"<p>En la tarde del viernes, el \u00e1rea de Desarrollo Social del Municipio anticip\u00f3 el festejo del d\u00eda de la madre con las manzaneras y referentes de los distintos barrios de la ciudad. Compartir t\u00e9 y caf\u00e9 fue la \u201cexcusa\u201d para compartir un momento de diversi\u00f3n con sorteos y un show en vivo para terminar bailando y disfrutando.<\/p>\n<p><img loading=\"lazy\" decoding=\"async\" data-attachment-id=\"82829\" data-permalink=\"https:\/\/www.hoymercedes.com.ar\/principal\/2018\/10\/21\/manzaneras-fueron-homenajeadas-anticipando-el-dia-de-la-madre\/21-manzaneras-3\/#main\" data-orig-file=\"https:\/\/www.hoymercedes.com.ar\/principal\/wp-content\/uploads\/2018\/10\/21-manzaneras-3.jpeg\" data-orig-size=\"750,418\" data-comments-opened=\"0\" data-image-meta=\"{&quot;aperture&quot;:&quot;0&quot;,&quot;credit&quot;:&quot;&quot;,&quot;camera&quot;:&quot;&quot;,&quot;caption&quot;:&quot;&quot;,&quot;created_timestamp&quot;:&quot;0&quot;,&quot;copyright&quot;:&quot;&quot;,&quot;focal_length&quot;:&quot;0&quot;,&quot;iso&quot;:&quot;0&quot;,&quot;shutter_speed&quot;:&quot;0&quot;,&quot;title&quot;:&quot;&quot;,&quot;orientation&quot;:&quot;0&quot;}\" data-image-title=\"21 manzaneras-3\" data-image-description=\"\" data-image-caption=\"\" data-large-file=\"https:\/\/www.hoymercedes.com.ar\/principal\/wp-content\/uploads\/2018\/10\/21-manzaneras-3.jpeg\" class=\"aligncenter size-medium wp-image-82829\" src=\"https:\/\/www.hoymercedes.com.ar\/principal\/wp-content\/uploads\/2018\/10\/21-manzaneras-3-630x351.jpeg\" alt=\"\" width=\"630\" height=\"351\" srcset=\"https:\/\/www.hoymercedes.com.ar\/principal\/wp-content\/uploads\/2018\/10\/21-manzaneras-3-630x351.jpeg 630w, https:\/\/www.hoymercedes.com.ar\/principal\/wp-content\/uploads\/2018\/10\/21-manzaneras-3-150x84.jpeg 150w, https:\/\/www.hoymercedes.com.ar\/principal\/wp-content\/uploads\/2018\/10\/21-manzaneras-3.jpeg 750w\" sizes=\"auto, (max-width: 630px) 100vw, 630px\" \/><\/p>\n<p>Al t\u00e9rmino del festejo, Miguel Olivella, director del \u00e1rea, cont\u00f3 de la tarde compartida con las mujeres invitadas. \u00abSon referentes barriales, es decir, son madres simb\u00f3licas de tantos vecinos y vecinas a los que diariamente acompa\u00f1an y referencian. Son un ejemplo, por eso esta tarde es para ellas un homenaje, pero tambi\u00e9n un gracias enorme\u201d, destac\u00f3.<\/p>\n<p>Hubo sorteos de casi medio centenar de regalos, como ser pava el\u00e9ctricas, relojes, porta retratos, plantas, ventilador, cortes de pelo de Beto Bondanza, almuerzos de Frontes y una cocina gentileza de la empresa Sansur que se gan\u00f3 Rosa Dupuis del barrio Am\u00e9rica. La propuesta cont\u00f3 con la coordinaci\u00f3n general de la referente Nora Alvarado.<\/p>\n<p>Tambi\u00e9n hubo entrega de\u00a0 kokedamas desde una producci\u00f3n de 300 que adem\u00e1s durante el d\u00eda se distribuyeron en las comunidades terap\u00e9uticas Ra\u00edces y La Grandiosa, realizadas en conjunto con el DIAT y la Direcci\u00f3n de Espacios Verdes con la valiosa tarea de Margarita Regueiro.<\/p>\n<p>El intendente Ustarroz, presente tambi\u00e9n en el festejo, las felicit\u00f3 y agradeci\u00f3 el trabajo social desinteresado que hacen cada una de ellas. \u00abEs tan valioso en estos tiempos dif\u00edciles que vive el pa\u00eds, con una ciudad que no est\u00e1 ajena. A pesar de las dificultades que hay, vamos juntos avanzando\u00bb, expres\u00f3 y resalt\u00f3 las distintos programas barriales y obras que se vienen haciendo con el acompa\u00f1amiento de las referentes barriales.<\/p>\n<p>La fiesta cont\u00f3 con el show de Fernanda Ottolini permitiendo que se generara una gran pista de baile.<\/p>\n<p>&nbsp;<\/p>\n","protected":false},"excerpt":{"rendered":"<p>En la tarde del viernes, el \u00e1rea de Desarrollo Social del Municipio anticip\u00f3 el festejo del d\u00eda de la madre &#8230; <a title=\"Manzaneras fueron homenajeadas anticipando el d\u00eda de la madre\" class=\"read-more\" href=\"https:\/\/www.hoymercedes.com.ar\/principal\/2018\/10\/21\/manzaneras-fueron-homenajeadas-anticipando-el-dia-de-la-madre\/\" aria-label=\"Leer m\u00e1s sobre Manzaneras fueron homenajeadas anticipando el d\u00eda de la madre\">Leer m\u00e1s<\/a><\/p>\n","protected":false},"author":1,"featured_media":82829,"comment_status":"closed","ping_status":"open","sticky":false,"template":"","format":"standard","meta":{"_monsterinsights_skip_tracking":false,"_monsterinsights_sitenote_active":false,"_monsterinsights_sitenote_note":"","_monsterinsights_sitenote_category":0,"jetpack_post_was_ever_published":false,"_jetpack_newsletter_access":"","_jetpack_dont_email_post_to_subs":false,"_jetpack_newsletter_tier_id":0,"_jetpack_memberships_contains_paywalled_content":false,"_jetpack_memberships_contains_paid_content":false,"footnotes":"","jetpack_publicize_message":"","jetpack_publicize_feature_enabled":true,"jetpack_social_post_already_shared":true,"jetpack_social_options":{"image_generator_settings":{"template":"highway","default_image_id":0,"font":"","enabled":false},"version":2},"_wpas_customize_per_network":false},"categories":[30],"tags":[870,10122,8922,244],"class_list":["post-82828","post","type-post","status-publish","format-standard","has-post-thumbnail","hentry","category-municipio","tag-desarrollo-social","tag-dia-de-la-madre","tag-festejo","tag-municipio-2","generate-columns","tablet-grid-50","mobile-grid-100","grid-parent","grid-50"],"jetpack_publicize_connections":[],"jetpack_featured_media_url":"https:\/\/www.hoymercedes.com.ar\/principal\/wp-content\/uploads\/2018\/10\/21-manzaneras-3.jpeg","wps_subtitle":"Celebraci\u00f3n en Desarrollo Social","jetpack_sharing_enabled":true,"_links":{"self":[{"href":"https:\/\/www.hoymercedes.com.ar\/principal\/wp-json\/wp\/v2\/posts\/82828","targetHints":{"allow":["GET"]}}],"collection":[{"href":"https:\/\/www.hoymercedes.com.ar\/principal\/wp-json\/wp\/v2\/posts"}],"about":[{"href":"https:\/\/www.hoymercedes.com.ar\/principal\/wp-json\/wp\/v2\/types\/post"}],"author":[{"embeddable":true,"href":"https:\/\/www.hoymercedes.com.ar\/principal\/wp-json\/wp\/v2\/users\/1"}],"replies":[{"embeddable":true,"href":"https:\/\/www.hoymercedes.com.ar\/principal\/wp-json\/wp\/v2\/comments?post=82828"}],"version-history":[{"count":0,"href":"https:\/\/www.hoymercedes.com.ar\/principal\/wp-json\/wp\/v2\/posts\/82828\/revisions"}],"wp:featuredmedia":[{"embeddable":true,"href":"https:\/\/www.hoymercedes.com.ar\/principal\/wp-json\/wp\/v2\/media\/82829"}],"wp:attachment":[{"href":"https:\/\/www.hoymercedes.com.ar\/principal\/wp-json\/wp\/v2\/media?parent=82828"}],"wp:term":[{"taxonomy":"category","embeddable":true,"href":"https:\/\/www.hoymercedes.com.ar\/principal\/wp-json\/wp\/v2\/categories?post=82828"},{"taxonomy":"post_tag","embeddable":true,"href":"https:\/\/www.hoymercedes.com.ar\/principal\/wp-json\/wp\/v2\/tags?post=82828"}],"curies":[{"name":"wp","href":"https:\/\/api.w.org\/{rel}","templated":true}]}}