{"id":82838,"date":"2018-10-21T19:28:49","date_gmt":"2018-10-21T22:28:49","guid":{"rendered":"http:\/\/www.hoymercedes.com.ar\/principal\/?p=82838"},"modified":"2018-10-22T15:23:53","modified_gmt":"2018-10-22T18:23:53","slug":"la-lluvia-impidio-finalice-la-segunda-jornada-del-mercedes-rock","status":"publish","type":"post","link":"https:\/\/www.hoymercedes.com.ar\/principal\/2018\/10\/21\/la-lluvia-impidio-finalice-la-segunda-jornada-del-mercedes-rock\/","title":{"rendered":"La lluvia impidi\u00f3 finalice la segunda jornada del Mercedes Rock"},"content":{"rendered":"<figure id=\"attachment_82839\" aria-describedby=\"caption-attachment-82839\" style=\"width: 620px\" class=\"wp-caption aligncenter\"><img loading=\"lazy\" decoding=\"async\" data-attachment-id=\"82839\" data-permalink=\"https:\/\/www.hoymercedes.com.ar\/principal\/2018\/10\/21\/la-lluvia-impidio-finalice-la-segunda-jornada-del-mercedes-rock\/44-2\/#main\" data-orig-file=\"https:\/\/www.hoymercedes.com.ar\/principal\/wp-content\/uploads\/2018\/10\/44-1.jpeg\" data-orig-size=\"1280,720\" data-comments-opened=\"0\" data-image-meta=\"{&quot;aperture&quot;:&quot;0&quot;,&quot;credit&quot;:&quot;&quot;,&quot;camera&quot;:&quot;&quot;,&quot;caption&quot;:&quot;&quot;,&quot;created_timestamp&quot;:&quot;0&quot;,&quot;copyright&quot;:&quot;&quot;,&quot;focal_length&quot;:&quot;0&quot;,&quot;iso&quot;:&quot;0&quot;,&quot;shutter_speed&quot;:&quot;0&quot;,&quot;title&quot;:&quot;&quot;,&quot;orientation&quot;:&quot;0&quot;}\" data-image-title=\"44\" data-image-description=\"\" data-image-caption=\"&lt;p&gt;Mercedes Rock&lt;\/p&gt;\n\" data-large-file=\"https:\/\/www.hoymercedes.com.ar\/principal\/wp-content\/uploads\/2018\/10\/44-1-1024x576.jpeg\" class=\"size-medium wp-image-82839\" src=\"https:\/\/www.hoymercedes.com.ar\/principal\/wp-content\/uploads\/2018\/10\/44-1-630x354.jpeg\" alt=\"\" width=\"630\" height=\"354\" srcset=\"https:\/\/www.hoymercedes.com.ar\/principal\/wp-content\/uploads\/2018\/10\/44-1-630x354.jpeg 630w, https:\/\/www.hoymercedes.com.ar\/principal\/wp-content\/uploads\/2018\/10\/44-1-150x84.jpeg 150w, https:\/\/www.hoymercedes.com.ar\/principal\/wp-content\/uploads\/2018\/10\/44-1-1024x576.jpeg 1024w, https:\/\/www.hoymercedes.com.ar\/principal\/wp-content\/uploads\/2018\/10\/44-1.jpeg 1280w\" sizes=\"auto, (max-width: 630px) 100vw, 630px\" \/><figcaption id=\"caption-attachment-82839\" class=\"wp-caption-text\">Mercedes Rock<\/figcaption><\/figure>\n<p>Las ganas y fuerza de los m\u00fasicos no fue suficiente. El clima oblig\u00f3 a suspender el Mercedes Rock.\u00a0 En la jornada del domingo se arranc\u00f3 un poco m\u00e1s tarde de lo previsto por lo feo del clima, deseando no lloviera y poder continuar con lo programado. Fue as\u00ed que Pata Simonet arranc\u00f3 el escenario alrededor de las 16hs, seguido de Black Cachivache, Quarto Pasajero y El Motivo. All\u00ed fue, al terminar la banda, que la lluvia se hizo fuerte y decidieron por temas de seguridad y de goce del p\u00fablico suspender lo que quedaba de grilla con La de Abajo, El\u00e9ctrico Lim\u00f3n y La Bersuit Vergarabat.<\/p>\n<figure id=\"attachment_82840\" aria-describedby=\"caption-attachment-82840\" style=\"width: 620px\" class=\"wp-caption aligncenter\"><img loading=\"lazy\" decoding=\"async\" data-attachment-id=\"82840\" data-permalink=\"https:\/\/www.hoymercedes.com.ar\/principal\/2018\/10\/21\/la-lluvia-impidio-finalice-la-segunda-jornada-del-mercedes-rock\/attachment\/45\/#main\" data-orig-file=\"https:\/\/www.hoymercedes.com.ar\/principal\/wp-content\/uploads\/2018\/10\/45.jpeg\" data-orig-size=\"1280,720\" data-comments-opened=\"0\" data-image-meta=\"{&quot;aperture&quot;:&quot;0&quot;,&quot;credit&quot;:&quot;&quot;,&quot;camera&quot;:&quot;&quot;,&quot;caption&quot;:&quot;&quot;,&quot;created_timestamp&quot;:&quot;0&quot;,&quot;copyright&quot;:&quot;&quot;,&quot;focal_length&quot;:&quot;0&quot;,&quot;iso&quot;:&quot;0&quot;,&quot;shutter_speed&quot;:&quot;0&quot;,&quot;title&quot;:&quot;&quot;,&quot;orientation&quot;:&quot;0&quot;}\" data-image-title=\"45\" data-image-description=\"\" data-image-caption=\"&lt;p&gt;LLuvia sobre el escenario&lt;\/p&gt;\n\" data-large-file=\"https:\/\/www.hoymercedes.com.ar\/principal\/wp-content\/uploads\/2018\/10\/45-1024x576.jpeg\" class=\"size-medium wp-image-82840\" src=\"https:\/\/www.hoymercedes.com.ar\/principal\/wp-content\/uploads\/2018\/10\/45-630x354.jpeg\" alt=\"\" width=\"630\" height=\"354\" srcset=\"https:\/\/www.hoymercedes.com.ar\/principal\/wp-content\/uploads\/2018\/10\/45-630x354.jpeg 630w, https:\/\/www.hoymercedes.com.ar\/principal\/wp-content\/uploads\/2018\/10\/45-150x84.jpeg 150w, https:\/\/www.hoymercedes.com.ar\/principal\/wp-content\/uploads\/2018\/10\/45-1024x576.jpeg 1024w, https:\/\/www.hoymercedes.com.ar\/principal\/wp-content\/uploads\/2018\/10\/45.jpeg 1280w\" sizes=\"auto, (max-width: 630px) 100vw, 630px\" \/><figcaption id=\"caption-attachment-82840\" class=\"wp-caption-text\">LLuvia sobre el escenario<\/figcaption><\/figure>\n<p>Desde la organizaci\u00f3n mencionaron que muy pronto se dir\u00e1 cu\u00e1ndo se finalizar\u00e1 con la propuesta cultural y musical, quedando a\u00fan mucho por disfrutar para nuestros vecinos. Se supo adem\u00e1s que Bersuit Vergarabat vendr\u00e1 a Mercedes en la futura fecha propuesta, para sostener el esp\u00edritu y toda la garra puesta por los rockeros de la ciudad.<\/p>\n","protected":false},"excerpt":{"rendered":"<p>Las ganas y fuerza de los m\u00fasicos no fue suficiente. El clima oblig\u00f3 a suspender el Mercedes Rock.\u00a0 En la &#8230; <a title=\"La lluvia impidi\u00f3 finalice la segunda jornada del Mercedes Rock\" class=\"read-more\" href=\"https:\/\/www.hoymercedes.com.ar\/principal\/2018\/10\/21\/la-lluvia-impidio-finalice-la-segunda-jornada-del-mercedes-rock\/\" aria-label=\"Leer m\u00e1s sobre La lluvia impidi\u00f3 finalice la segunda jornada del Mercedes Rock\">Leer m\u00e1s<\/a><\/p>\n","protected":false},"author":1,"featured_media":82839,"comment_status":"closed","ping_status":"open","sticky":false,"template":"","format":"standard","meta":{"_monsterinsights_skip_tracking":false,"_monsterinsights_sitenote_active":false,"_monsterinsights_sitenote_note":"","_monsterinsights_sitenote_category":0,"jetpack_post_was_ever_published":false,"_jetpack_newsletter_access":"","_jetpack_dont_email_post_to_subs":false,"_jetpack_newsletter_tier_id":0,"_jetpack_memberships_contains_paywalled_content":false,"_jetpack_memberships_contains_paid_content":false,"footnotes":"","jetpack_publicize_message":"","jetpack_publicize_feature_enabled":true,"jetpack_social_post_already_shared":true,"jetpack_social_options":{"image_generator_settings":{"template":"highway","default_image_id":0,"font":"","enabled":false},"version":2},"_wpas_customize_per_network":false},"categories":[30],"tags":[13921,7805,8879],"class_list":["post-82838","post","type-post","status-publish","format-standard","has-post-thumbnail","hentry","category-municipio","tag-mercedesrock","tag-cultura","tag-suspension","generate-columns","tablet-grid-50","mobile-grid-100","grid-parent","grid-50"],"jetpack_publicize_connections":[],"jetpack_featured_media_url":"https:\/\/www.hoymercedes.com.ar\/principal\/wp-content\/uploads\/2018\/10\/44-1.jpeg","wps_subtitle":"#MercedesRock","jetpack_sharing_enabled":true,"_links":{"self":[{"href":"https:\/\/www.hoymercedes.com.ar\/principal\/wp-json\/wp\/v2\/posts\/82838","targetHints":{"allow":["GET"]}}],"collection":[{"href":"https:\/\/www.hoymercedes.com.ar\/principal\/wp-json\/wp\/v2\/posts"}],"about":[{"href":"https:\/\/www.hoymercedes.com.ar\/principal\/wp-json\/wp\/v2\/types\/post"}],"author":[{"embeddable":true,"href":"https:\/\/www.hoymercedes.com.ar\/principal\/wp-json\/wp\/v2\/users\/1"}],"replies":[{"embeddable":true,"href":"https:\/\/www.hoymercedes.com.ar\/principal\/wp-json\/wp\/v2\/comments?post=82838"}],"version-history":[{"count":0,"href":"https:\/\/www.hoymercedes.com.ar\/principal\/wp-json\/wp\/v2\/posts\/82838\/revisions"}],"wp:featuredmedia":[{"embeddable":true,"href":"https:\/\/www.hoymercedes.com.ar\/principal\/wp-json\/wp\/v2\/media\/82839"}],"wp:attachment":[{"href":"https:\/\/www.hoymercedes.com.ar\/principal\/wp-json\/wp\/v2\/media?parent=82838"}],"wp:term":[{"taxonomy":"category","embeddable":true,"href":"https:\/\/www.hoymercedes.com.ar\/principal\/wp-json\/wp\/v2\/categories?post=82838"},{"taxonomy":"post_tag","embeddable":true,"href":"https:\/\/www.hoymercedes.com.ar\/principal\/wp-json\/wp\/v2\/tags?post=82838"}],"curies":[{"name":"wp","href":"https:\/\/api.w.org\/{rel}","templated":true}]}}