{"id":8286,"date":"2011-10-16T01:50:45","date_gmt":"2011-10-16T01:50:45","guid":{"rendered":"http:\/\/www.hoymercedes.com.ar\/principal\/?p=8286"},"modified":"2011-10-16T01:50:45","modified_gmt":"2011-10-16T01:50:45","slug":"la-cametur-ya-tiene-personeria-juridica","status":"publish","type":"post","link":"https:\/\/www.hoymercedes.com.ar\/principal\/2011\/10\/16\/la-cametur-ya-tiene-personeria-juridica\/","title":{"rendered":"La CaMeTur ya tiene personer\u00eda jur\u00eddica"},"content":{"rendered":"<p>La C\u00e1mara Mercedina de Turismo sigue avanzando de a poco en su conformaci\u00f3n, luego de varias reuniones que ha realizado su Comisi\u00f3n Directiva, ha conseguido la Personer\u00eda Jur\u00eddica, algo que es muy importante para que la C\u00e1mara siga creciendo.<\/p>\n<p>De esta manera, la CaMeTur ha dado un paso m\u00e1s de cara al crecimiento del turismo en Mercedes, que es a lo que est\u00e1 apuntada, luego de su nacimiento hace dos meses, surgida en la visita de Oscar Ghezzi, presidente de la C\u00e1mara Argentina de Turismo, quien incentiv\u00f3 a los productores tur\u00edsticos a unirse para trabajar en conjunto por el turismo local.<\/p>\n<p>Con la Personer\u00eda Jur\u00eddica, la CaMeTur puede seguir avanzando en sus prop\u00f3sitos que es el de buscar que Mercedes sea una marca reconocida a nivel tur\u00edstico y que promueva el desarrollo y la regulaci\u00f3n de la actividad tur\u00edstica y del recurso turismo mediante la determinaci\u00f3n de los mecanismos necesarios para la creaci\u00f3n, conservaci\u00f3n, protecci\u00f3n y aprovechamiento de los recursos y atractivos tur\u00edsticos de la ciudad.<\/p>\n<p>Alberto Castelli, presidente de la CaMeTur, mostr\u00f3 su satisfacci\u00f3n por el logro obtenido y asegur\u00f3 que \u201ceste es un paso important\u00edsimo, porque ahora tenemos una entidad diferente y podemos encaminar lo que nos hemos propuesto, que es la promoci\u00f3n, el desarrollo y el crecimiento sustentable del sector turismo, como tambi\u00e9n propiciar la implementaci\u00f3n de pol\u00edticas y proyectos que contribuyan a generar condiciones favorables para la defensa de los intereses de los Asociados\u201d, indic\u00f3.<\/p>\n<p>Una de los principales objetivos que tiene la nueva C\u00e1mara tur\u00edstica es la de representar al sector privado mercedino ante las m\u00e1ximas autoridades municipales, provinciales, nacionales e internacionales, en defensa de los interese espec\u00edficos sectoriales, sin importar el partido pol\u00edtico que est\u00e9 en el gobierno.<\/p>\n<p><span style=\"color: #888888;\">Fuente: CaMeTur<\/span><\/p>\n<p>&nbsp;<\/p>\n","protected":false},"excerpt":{"rendered":"<p>La C\u00e1mara Mercedina de Turismo sigue avanzando de a poco en su conformaci\u00f3n, luego de varias reuniones que ha realizado &#8230; <a title=\"La CaMeTur ya tiene personer\u00eda jur\u00eddica\" class=\"read-more\" href=\"https:\/\/www.hoymercedes.com.ar\/principal\/2011\/10\/16\/la-cametur-ya-tiene-personeria-juridica\/\" aria-label=\"Leer m\u00e1s sobre La CaMeTur ya tiene personer\u00eda jur\u00eddica\">Leer m\u00e1s<\/a><\/p>\n","protected":false},"author":1,"featured_media":0,"comment_status":"open","ping_status":"open","sticky":false,"template":"","format":"standard","meta":{"_monsterinsights_skip_tracking":false,"_monsterinsights_sitenote_active":false,"_monsterinsights_sitenote_note":"","_monsterinsights_sitenote_category":0,"jetpack_post_was_ever_published":false,"_jetpack_newsletter_access":"","_jetpack_dont_email_post_to_subs":false,"_jetpack_newsletter_tier_id":0,"_jetpack_memberships_contains_paywalled_content":false,"_jetpack_memberships_contains_paid_content":false,"footnotes":"","jetpack_publicize_message":"","jetpack_publicize_feature_enabled":true,"jetpack_social_post_already_shared":false,"jetpack_social_options":{"image_generator_settings":{"template":"highway","default_image_id":0,"font":"","enabled":false},"version":2},"_wpas_customize_per_network":false},"categories":[1],"tags":[1275],"class_list":["post-8286","post","type-post","status-publish","format-standard","hentry","category-opinion","tag-cametur-mercedes","generate-columns","tablet-grid-50","mobile-grid-100","grid-parent","grid-50"],"jetpack_publicize_connections":[],"jetpack_featured_media_url":"","wps_subtitle":"","jetpack_sharing_enabled":true,"_links":{"self":[{"href":"https:\/\/www.hoymercedes.com.ar\/principal\/wp-json\/wp\/v2\/posts\/8286","targetHints":{"allow":["GET"]}}],"collection":[{"href":"https:\/\/www.hoymercedes.com.ar\/principal\/wp-json\/wp\/v2\/posts"}],"about":[{"href":"https:\/\/www.hoymercedes.com.ar\/principal\/wp-json\/wp\/v2\/types\/post"}],"author":[{"embeddable":true,"href":"https:\/\/www.hoymercedes.com.ar\/principal\/wp-json\/wp\/v2\/users\/1"}],"replies":[{"embeddable":true,"href":"https:\/\/www.hoymercedes.com.ar\/principal\/wp-json\/wp\/v2\/comments?post=8286"}],"version-history":[{"count":0,"href":"https:\/\/www.hoymercedes.com.ar\/principal\/wp-json\/wp\/v2\/posts\/8286\/revisions"}],"wp:attachment":[{"href":"https:\/\/www.hoymercedes.com.ar\/principal\/wp-json\/wp\/v2\/media?parent=8286"}],"wp:term":[{"taxonomy":"category","embeddable":true,"href":"https:\/\/www.hoymercedes.com.ar\/principal\/wp-json\/wp\/v2\/categories?post=8286"},{"taxonomy":"post_tag","embeddable":true,"href":"https:\/\/www.hoymercedes.com.ar\/principal\/wp-json\/wp\/v2\/tags?post=8286"}],"curies":[{"name":"wp","href":"https:\/\/api.w.org\/{rel}","templated":true}]}}