{"id":82894,"date":"2018-10-22T16:35:04","date_gmt":"2018-10-22T19:35:04","guid":{"rendered":"http:\/\/www.hoymercedes.com.ar\/principal\/?p=82894"},"modified":"2018-10-22T16:26:24","modified_gmt":"2018-10-22T19:26:24","slug":"grabados-que-recorrieron-un-camino-entre-los-espacios-culturales","status":"publish","type":"post","link":"https:\/\/www.hoymercedes.com.ar\/principal\/2018\/10\/22\/grabados-que-recorrieron-un-camino-entre-los-espacios-culturales\/","title":{"rendered":"Grabados que recorrieron un camino entre los espacios culturales"},"content":{"rendered":"<p>Por TeCleArte \u2013 El grabado es una disciplina dentro de las artes visuales. El grabado es el resultado del trabajo realizado sobre una superficie de madera o metal, llamada matriz, por medio de instrumentos cortantes se har\u00e1 el dise\u00f1o que luego se entintar\u00e1 y permitir\u00e1 dejar una huella que puede ser transferida en otra superficie. Resulta as\u00ed una estampa en donde se traslad\u00f3 la imagen. Esta disciplina es el centro de varias muestras y actividades que los centros culturales de Mercedes est\u00e1n presentando en el mes de octubre.<\/p>\n<figure id=\"attachment_82886\" aria-describedby=\"caption-attachment-82886\" style=\"width: 620px\" class=\"wp-caption aligncenter\"><img loading=\"lazy\" decoding=\"async\" data-attachment-id=\"82886\" data-permalink=\"https:\/\/www.hoymercedes.com.ar\/principal\/2018\/10\/22\/selva-y-diputados-massistas-recibieron-a-jovenes-en-el-congreso\/21-grabados-1\/#main\" data-orig-file=\"https:\/\/www.hoymercedes.com.ar\/principal\/wp-content\/uploads\/2018\/10\/21-grabados-1.jpg\" data-orig-size=\"750,563\" data-comments-opened=\"0\" data-image-meta=\"{&quot;aperture&quot;:&quot;2&quot;,&quot;credit&quot;:&quot;&quot;,&quot;camera&quot;:&quot;Moto G (5S) Plus&quot;,&quot;caption&quot;:&quot;&quot;,&quot;created_timestamp&quot;:&quot;1540062110&quot;,&quot;copyright&quot;:&quot;&quot;,&quot;focal_length&quot;:&quot;3.59&quot;,&quot;iso&quot;:&quot;803&quot;,&quot;shutter_speed&quot;:&quot;0.04&quot;,&quot;title&quot;:&quot;&quot;,&quot;orientation&quot;:&quot;1&quot;}\" data-image-title=\"21 grabados 1\" data-image-description=\"\" data-image-caption=\"&lt;p&gt;El Camino del Grabado empez\u00f3 en el Museo M\u00edguez con las autoridades municipales del \u00e1rea de cultura.&lt;\/p&gt;\n\" data-large-file=\"https:\/\/www.hoymercedes.com.ar\/principal\/wp-content\/uploads\/2018\/10\/21-grabados-1.jpg\" class=\"size-medium wp-image-82886\" src=\"https:\/\/www.hoymercedes.com.ar\/principal\/wp-content\/uploads\/2018\/10\/21-grabados-1-630x473.jpg\" alt=\"\" width=\"630\" height=\"473\" srcset=\"https:\/\/www.hoymercedes.com.ar\/principal\/wp-content\/uploads\/2018\/10\/21-grabados-1-630x473.jpg 630w, https:\/\/www.hoymercedes.com.ar\/principal\/wp-content\/uploads\/2018\/10\/21-grabados-1-150x113.jpg 150w, https:\/\/www.hoymercedes.com.ar\/principal\/wp-content\/uploads\/2018\/10\/21-grabados-1.jpg 750w\" sizes=\"auto, (max-width: 630px) 100vw, 630px\" \/><figcaption id=\"caption-attachment-82886\" class=\"wp-caption-text\">El Camino del Grabado empez\u00f3 en el Museo M\u00edguez con las autoridades municipales del \u00e1rea de cultura.<\/figcaption><\/figure>\n<p>El s\u00e1bado \u00faltimo fue la inauguraci\u00f3n oficial de las muestras centrales. Englobadas en el t\u00edtulo \u201cEl Camino del Grabado\u201d, arrancaron el recorrido cultural en el Museo Hist\u00f3rico \u201cV\u00edctor M\u00edguez\u201d. All\u00ed las autoridades del \u00e1rea de Cultura dieron el inicio al evento. El Director de Cultura interino Francisco Dinova, la Coordinadora de Museos Marcela Brown, la responsable del Museo Liliana Basualdo junto a los docentes de la Escuela de Arte Patricia Boffy y Dami\u00e1n Barsotti y los grabadores N\u00e9stor Goyanes y Amelia Herrero, autora de la muestra expuesta titulada \u201cLas Razones Invisibles\u201d con fotogramas plasmados con la t\u00e9cnica de grabado, im\u00e1genes que recuerdan a los viejos daguerrotipos. Sobre los preparativos de la muestra habl\u00f3 el profesor de Historia Social Barsotti.<\/p>\n<p>El camino continu\u00f3 hacia la sede del Movimiento Cultural El Limonero. Los artistas pl\u00e1sticos que all\u00ed se congregan hab\u00edan comenzado el trabajo de grabado con charlas y talleres los s\u00e1bados anteriores. Sin embargo, este s\u00e1bado abrieron la muestra de grabados de los artistas locales Pablo Russo, Laura Parra, Diego Ismael y Adriana Lorenzo. En ese espacio, los artistas pl\u00e1sticos aprovecharon la oportunidad para solicitar m\u00e1s apoyo en el aspecto art\u00edstico a las autoridades municipales presentes.<\/p>\n<figure id=\"attachment_82887\" aria-describedby=\"caption-attachment-82887\" style=\"width: 620px\" class=\"wp-caption aligncenter\"><img loading=\"lazy\" decoding=\"async\" data-attachment-id=\"82887\" data-permalink=\"https:\/\/www.hoymercedes.com.ar\/principal\/2018\/10\/22\/selva-y-diputados-massistas-recibieron-a-jovenes-en-el-congreso\/21-grabados-2\/#main\" data-orig-file=\"https:\/\/www.hoymercedes.com.ar\/principal\/wp-content\/uploads\/2018\/10\/21-grabados-2.jpg\" data-orig-size=\"750,563\" data-comments-opened=\"0\" data-image-meta=\"{&quot;aperture&quot;:&quot;2&quot;,&quot;credit&quot;:&quot;&quot;,&quot;camera&quot;:&quot;Moto G (5S) Plus&quot;,&quot;caption&quot;:&quot;&quot;,&quot;created_timestamp&quot;:&quot;1540069716&quot;,&quot;copyright&quot;:&quot;&quot;,&quot;focal_length&quot;:&quot;3.59&quot;,&quot;iso&quot;:&quot;796&quot;,&quot;shutter_speed&quot;:&quot;0.03030303030303&quot;,&quot;title&quot;:&quot;&quot;,&quot;orientation&quot;:&quot;1&quot;}\" data-image-title=\"21 grabados 2\" data-image-description=\"\" data-image-caption=\"&lt;p&gt;Hen\u00e1n, el hijo de \u00c1ngela Herrero, don\u00f3 un nuevo grabado de la artista mercedina fallecida. &lt;\/p&gt;\n\" data-large-file=\"https:\/\/www.hoymercedes.com.ar\/principal\/wp-content\/uploads\/2018\/10\/21-grabados-2.jpg\" class=\"size-medium wp-image-82887\" src=\"https:\/\/www.hoymercedes.com.ar\/principal\/wp-content\/uploads\/2018\/10\/21-grabados-2-630x473.jpg\" alt=\"\" width=\"630\" height=\"473\" srcset=\"https:\/\/www.hoymercedes.com.ar\/principal\/wp-content\/uploads\/2018\/10\/21-grabados-2-630x473.jpg 630w, https:\/\/www.hoymercedes.com.ar\/principal\/wp-content\/uploads\/2018\/10\/21-grabados-2-150x113.jpg 150w, https:\/\/www.hoymercedes.com.ar\/principal\/wp-content\/uploads\/2018\/10\/21-grabados-2.jpg 750w\" sizes=\"auto, (max-width: 630px) 100vw, 630px\" \/><figcaption id=\"caption-attachment-82887\" class=\"wp-caption-text\">Hen\u00e1n, el hijo de \u00c1ngela Herrero, don\u00f3 un nuevo grabado de la artista mercedina fallecida.<\/figcaption><\/figure>\n<p>Quienes segu\u00edan por el Camino del Grabado se trasladaron al MAMM (Museo de Arte Municipalidad de Mercedes) en donde las dos salas principales mostraban las obras que son patrimonio cultural de la ciudad. Trabajos de grabadores que fueron donando el Museo y a la ciudad para acrecentar el patrimonio art\u00edstico y de los profesores de la Escuela de Arte, Dolores Vergara del Pozo, Laura Gianffrini, Rosana Mart\u00ednez y Rolando Garc\u00eda.<\/p>\n<p>En la muestra se presenta el primer grabado recibido como parte del patrimonio, una litograf\u00eda titulada \u201cCielos de Plomo\u201d de la mercedina, ya fallecida, \u00c1ngela Bereciartu de Herrero. En ese momento se aprovech\u00f3 la oportunidad para homenajearla y recordar su tarea art\u00edstica. Su hijo Hern\u00e1n, presente en el acto, hizo entrega de una nueva donaci\u00f3n de otro grabado de la artista pl\u00e1stica a la responsable del MAMM, Stella Maris Gonz\u00e1lez.<\/p>\n<p>El camino concluy\u00f3 con la muestra de los alumnos de la Escuela de Arte N\u00b0 2. En la misma instituci\u00f3n el recorrido termin\u00f3 con un espacio de brindis y cantina.<\/p>\n<figure id=\"attachment_82889\" aria-describedby=\"caption-attachment-82889\" style=\"width: 620px\" class=\"wp-caption aligncenter\"><img loading=\"lazy\" decoding=\"async\" data-attachment-id=\"82889\" data-permalink=\"https:\/\/www.hoymercedes.com.ar\/principal\/2018\/10\/22\/selva-y-diputados-massistas-recibieron-a-jovenes-en-el-congreso\/21-grabados-4\/#main\" data-orig-file=\"https:\/\/www.hoymercedes.com.ar\/principal\/wp-content\/uploads\/2018\/10\/21-grabados-4.jpg\" data-orig-size=\"750,563\" data-comments-opened=\"0\" data-image-meta=\"{&quot;aperture&quot;:&quot;2&quot;,&quot;credit&quot;:&quot;&quot;,&quot;camera&quot;:&quot;Moto G (5S) Plus&quot;,&quot;caption&quot;:&quot;&quot;,&quot;created_timestamp&quot;:&quot;1540067225&quot;,&quot;copyright&quot;:&quot;&quot;,&quot;focal_length&quot;:&quot;3.59&quot;,&quot;iso&quot;:&quot;753&quot;,&quot;shutter_speed&quot;:&quot;0.03030303030303&quot;,&quot;title&quot;:&quot;&quot;,&quot;orientation&quot;:&quot;1&quot;}\" data-image-title=\"21 grabados 4\" data-image-description=\"\" data-image-caption=\"&lt;p&gt;Las muestras continuar\u00e1n hasta el 31 de octubre. &lt;\/p&gt;\n\" data-large-file=\"https:\/\/www.hoymercedes.com.ar\/principal\/wp-content\/uploads\/2018\/10\/21-grabados-4.jpg\" class=\"size-medium wp-image-82889\" src=\"https:\/\/www.hoymercedes.com.ar\/principal\/wp-content\/uploads\/2018\/10\/21-grabados-4-630x473.jpg\" alt=\"\" width=\"630\" height=\"473\" srcset=\"https:\/\/www.hoymercedes.com.ar\/principal\/wp-content\/uploads\/2018\/10\/21-grabados-4-630x473.jpg 630w, https:\/\/www.hoymercedes.com.ar\/principal\/wp-content\/uploads\/2018\/10\/21-grabados-4-150x113.jpg 150w, https:\/\/www.hoymercedes.com.ar\/principal\/wp-content\/uploads\/2018\/10\/21-grabados-4.jpg 750w\" sizes=\"auto, (max-width: 630px) 100vw, 630px\" \/><figcaption id=\"caption-attachment-82889\" class=\"wp-caption-text\">Las muestras continuar\u00e1n hasta el 31 de octubre.<\/figcaption><\/figure>\n<p>El mes del grabado continuar\u00e1 el s\u00e1bado 27 y el domingo 28 de octubre. El primer d\u00eda, a la hora 18, habr\u00e1 una charla de\u00a0grabado y xilograf\u00eda a cargo de Eva Farji, \u201cEx-libris\u201d la imagen aleg\u00f3rica con xilograf\u00edas de Alberto Arjona y una mesa redonda con artistas pl\u00e1sticos. Esto ser\u00e1 en el MAMM. Mientras que el domingo,\u00a0habr\u00e1 un taller experimental con los grabadores N\u00e9stor Goyanes \u2013 uno de los impulsores del evento en la ciduad \u2013\u00a0 y Mariana Hoffman de Tandil. Esta charla ser\u00e1 con cupo limitado y una inscripci\u00f3n de 100 pesos. Como cierre habr\u00e1 una suelta de grabados.<\/p>\n<p>&nbsp;<\/p>\n","protected":false},"excerpt":{"rendered":"<p>Por TeCleArte \u2013 El grabado es una disciplina dentro de las artes visuales. El grabado es el resultado del trabajo &#8230; <a title=\"Grabados que recorrieron un camino entre los espacios culturales\" class=\"read-more\" href=\"https:\/\/www.hoymercedes.com.ar\/principal\/2018\/10\/22\/grabados-que-recorrieron-un-camino-entre-los-espacios-culturales\/\" aria-label=\"Leer m\u00e1s sobre Grabados que recorrieron un camino entre los espacios culturales\">Leer m\u00e1s<\/a><\/p>\n","protected":false},"author":1,"featured_media":82888,"comment_status":"closed","ping_status":"open","sticky":false,"template":"","format":"standard","meta":{"_monsterinsights_skip_tracking":false,"_monsterinsights_sitenote_active":false,"_monsterinsights_sitenote_note":"","_monsterinsights_sitenote_category":0,"jetpack_post_was_ever_published":false,"_jetpack_newsletter_access":"","_jetpack_dont_email_post_to_subs":false,"_jetpack_newsletter_tier_id":0,"_jetpack_memberships_contains_paywalled_content":false,"_jetpack_memberships_contains_paid_content":false,"footnotes":"","jetpack_publicize_message":"","jetpack_publicize_feature_enabled":true,"jetpack_social_post_already_shared":true,"jetpack_social_options":{"image_generator_settings":{"template":"highway","default_image_id":0,"font":"","enabled":false},"version":2},"_wpas_customize_per_network":false},"categories":[104],"tags":[13926,7805,522,10216,8674,10,3766],"class_list":["post-82894","post","type-post","status-publish","format-standard","has-post-thumbnail","hentry","category-cultura","tag-camino-del-grabado","tag-cultura","tag-el-limonero","tag-escuela-de-arte","tag-mamm","tag-mercedes","tag-museo-miguez","generate-columns","tablet-grid-50","mobile-grid-100","grid-parent","grid-50"],"jetpack_publicize_connections":[],"jetpack_featured_media_url":"https:\/\/www.hoymercedes.com.ar\/principal\/wp-content\/uploads\/2018\/10\/21-grabados-3.jpg","wps_subtitle":"En la tarde del s\u00e1bado ","jetpack_sharing_enabled":true,"_links":{"self":[{"href":"https:\/\/www.hoymercedes.com.ar\/principal\/wp-json\/wp\/v2\/posts\/82894","targetHints":{"allow":["GET"]}}],"collection":[{"href":"https:\/\/www.hoymercedes.com.ar\/principal\/wp-json\/wp\/v2\/posts"}],"about":[{"href":"https:\/\/www.hoymercedes.com.ar\/principal\/wp-json\/wp\/v2\/types\/post"}],"author":[{"embeddable":true,"href":"https:\/\/www.hoymercedes.com.ar\/principal\/wp-json\/wp\/v2\/users\/1"}],"replies":[{"embeddable":true,"href":"https:\/\/www.hoymercedes.com.ar\/principal\/wp-json\/wp\/v2\/comments?post=82894"}],"version-history":[{"count":0,"href":"https:\/\/www.hoymercedes.com.ar\/principal\/wp-json\/wp\/v2\/posts\/82894\/revisions"}],"wp:featuredmedia":[{"embeddable":true,"href":"https:\/\/www.hoymercedes.com.ar\/principal\/wp-json\/wp\/v2\/media\/82888"}],"wp:attachment":[{"href":"https:\/\/www.hoymercedes.com.ar\/principal\/wp-json\/wp\/v2\/media?parent=82894"}],"wp:term":[{"taxonomy":"category","embeddable":true,"href":"https:\/\/www.hoymercedes.com.ar\/principal\/wp-json\/wp\/v2\/categories?post=82894"},{"taxonomy":"post_tag","embeddable":true,"href":"https:\/\/www.hoymercedes.com.ar\/principal\/wp-json\/wp\/v2\/tags?post=82894"}],"curies":[{"name":"wp","href":"https:\/\/api.w.org\/{rel}","templated":true}]}}