{"id":82902,"date":"2018-10-24T15:47:15","date_gmt":"2018-10-24T18:47:15","guid":{"rendered":"http:\/\/www.hoymercedes.com.ar\/principal\/?p=82902"},"modified":"2018-10-24T16:16:50","modified_gmt":"2018-10-24T19:16:50","slug":"velez-goleo-y-aprovecho-el-empate-de-el-fronton-ante-estudiantes","status":"publish","type":"post","link":"https:\/\/www.hoymercedes.com.ar\/principal\/2018\/10\/24\/velez-goleo-y-aprovecho-el-empate-de-el-fronton-ante-estudiantes\/","title":{"rendered":"V\u00e9lez gole\u00f3 y aprovech\u00f3 el empate de El Front\u00f3n ante Estudiantes"},"content":{"rendered":"<p>En San Andr\u00e9s de Giles se jug\u00f3 la cuarta fecha del torneo de Primera Divisi\u00f3n de F\u00fatbol Femenino de la Liga Mercedina de F\u00fatbol en la que el local no pudo continuar con su puntaje ideal ya que empat\u00f3 con Estudiantes y eso fue aprovechado por V\u00e9lez, que gole\u00f3 a Uni\u00f3n y qued\u00f3 a uno de la cima.<\/p>\n<p>En el duelo de equipos que est\u00e1n en el fondo de la tabla, Barrio San Mart\u00edn venci\u00f3 2 a 0 a Comunicaciones y tras la derrota de Uni\u00f3n, qued\u00f3 en el s\u00e9ptimo lugar. Por su parte, Mercedes derrot\u00f3 2 a 1 a Programa Envi\u00f3n y tambi\u00e9n qued\u00f3 como escolta, con la particularidad de que tiene un partido m\u00e1s ya que todav\u00eda no qued\u00f3 libre, mientras que las del barrio El Molino tienen puntaje ideal con tres triunfos en misma cantidad de presentaciones.<\/p>\n<p>Las inferiores no jugaron debido a que el domingo fue el d\u00eda de la madre. El torneo retoma el fin de semana.<\/p>\n<p>S\u00edntesis<\/p>\n<p>Estudiantes 1: Eliana Damele<\/p>\n<p>El Front\u00f3n 1: Agustina Cejas<\/p>\n<p>&nbsp;<\/p>\n<p>Comunicaciones 0<\/p>\n<p>AMEFIP San Mart\u00edn 2: Sof\u00eda Cejas, Valentina Moreno<\/p>\n<p>&nbsp;<\/p>\n<p>Mercedes 2: Yanina Russo (2)<\/p>\n<p>Programa Envi\u00f3n 1: Andrea Valdez<\/p>\n<p>&nbsp;<\/p>\n<p>Uni\u00f3n 0<\/p>\n<p>V\u00e9lez 5: Vanesa Rodr\u00edguez, Micaela Vola, Milagros Leyes (2), Julia Romero.<\/p>\n<p>Libre: ALFA<\/p>\n<p>&nbsp;<\/p>\n<p>Pr\u00f3xima fecha<\/p>\n<p>Primera Divisi\u00f3n<\/p>\n<p>V\u00e9lez Vs. Mercedes<\/p>\n<p>Envi\u00f3n Vs. Comunicaciones<\/p>\n<p>AMEFIP Vs. Estudiantes<\/p>\n<p>El Front\u00f3n Vs. ALFA<\/p>\n<p>Libre: Uni\u00f3n<\/p>\n<p>&nbsp;<\/p>\n<p>Sub 16<\/p>\n<p>Defensores Vs. ALFA<\/p>\n<p>V\u00e9lez Vs. Independiente<\/p>\n<p>Estudiantes Vs. Comunicaciones<\/p>\n<p>&nbsp;<\/p>\n<p>Sub 12<\/p>\n<p>ALFA Vs. Comunicaciones<\/p>\n<p>V\u00e9lez Vs. Estudiantes<\/p>\n<p>&nbsp;<\/p>\n<p><img loading=\"lazy\" decoding=\"async\" data-attachment-id=\"82904\" data-permalink=\"https:\/\/www.hoymercedes.com.ar\/principal\/2018\/10\/24\/velez-goleo-y-aprovecho-el-empate-de-el-fronton-ante-estudiantes\/primera-165\/#main\" data-orig-file=\"https:\/\/www.hoymercedes.com.ar\/principal\/wp-content\/uploads\/2018\/10\/PRIMERA-3.png\" data-orig-size=\"424,236\" data-comments-opened=\"0\" data-image-meta=\"{&quot;aperture&quot;:&quot;0&quot;,&quot;credit&quot;:&quot;&quot;,&quot;camera&quot;:&quot;&quot;,&quot;caption&quot;:&quot;&quot;,&quot;created_timestamp&quot;:&quot;0&quot;,&quot;copyright&quot;:&quot;&quot;,&quot;focal_length&quot;:&quot;0&quot;,&quot;iso&quot;:&quot;0&quot;,&quot;shutter_speed&quot;:&quot;0&quot;,&quot;title&quot;:&quot;&quot;,&quot;orientation&quot;:&quot;0&quot;}\" data-image-title=\"PRIMERA\" data-image-description=\"\" data-image-caption=\"\" data-large-file=\"https:\/\/www.hoymercedes.com.ar\/principal\/wp-content\/uploads\/2018\/10\/PRIMERA-3.png\" class=\"size-full wp-image-82904 aligncenter\" src=\"https:\/\/www.hoymercedes.com.ar\/principal\/wp-content\/uploads\/2018\/10\/PRIMERA-3.png\" alt=\"\" width=\"424\" height=\"236\" srcset=\"https:\/\/www.hoymercedes.com.ar\/principal\/wp-content\/uploads\/2018\/10\/PRIMERA-3.png 424w, https:\/\/www.hoymercedes.com.ar\/principal\/wp-content\/uploads\/2018\/10\/PRIMERA-3-150x83.png 150w\" sizes=\"auto, (max-width: 424px) 100vw, 424px\" \/><\/p>\n<p>&nbsp;<\/p>\n<p><img loading=\"lazy\" decoding=\"async\" data-attachment-id=\"82905\" data-permalink=\"https:\/\/www.hoymercedes.com.ar\/principal\/2018\/10\/24\/velez-goleo-y-aprovecho-el-empate-de-el-fronton-ante-estudiantes\/goles-primera-14\/#main\" data-orig-file=\"https:\/\/www.hoymercedes.com.ar\/principal\/wp-content\/uploads\/2018\/10\/Goles-Primera.png\" data-orig-size=\"304,278\" data-comments-opened=\"0\" data-image-meta=\"{&quot;aperture&quot;:&quot;0&quot;,&quot;credit&quot;:&quot;&quot;,&quot;camera&quot;:&quot;&quot;,&quot;caption&quot;:&quot;&quot;,&quot;created_timestamp&quot;:&quot;0&quot;,&quot;copyright&quot;:&quot;&quot;,&quot;focal_length&quot;:&quot;0&quot;,&quot;iso&quot;:&quot;0&quot;,&quot;shutter_speed&quot;:&quot;0&quot;,&quot;title&quot;:&quot;&quot;,&quot;orientation&quot;:&quot;0&quot;}\" data-image-title=\"Goles Primera\" data-image-description=\"\" data-image-caption=\"\" data-large-file=\"https:\/\/www.hoymercedes.com.ar\/principal\/wp-content\/uploads\/2018\/10\/Goles-Primera.png\" class=\"aligncenter size-full wp-image-82905\" src=\"https:\/\/www.hoymercedes.com.ar\/principal\/wp-content\/uploads\/2018\/10\/Goles-Primera.png\" alt=\"\" width=\"304\" height=\"278\" srcset=\"https:\/\/www.hoymercedes.com.ar\/principal\/wp-content\/uploads\/2018\/10\/Goles-Primera.png 304w, https:\/\/www.hoymercedes.com.ar\/principal\/wp-content\/uploads\/2018\/10\/Goles-Primera-150x137.png 150w\" sizes=\"auto, (max-width: 304px) 100vw, 304px\" \/><\/p>\n","protected":false},"excerpt":{"rendered":"<p>En San Andr\u00e9s de Giles se jug\u00f3 la cuarta fecha del torneo de Primera Divisi\u00f3n de F\u00fatbol Femenino de la &#8230; <a title=\"V\u00e9lez gole\u00f3 y aprovech\u00f3 el empate de El Front\u00f3n ante Estudiantes\" class=\"read-more\" href=\"https:\/\/www.hoymercedes.com.ar\/principal\/2018\/10\/24\/velez-goleo-y-aprovecho-el-empate-de-el-fronton-ante-estudiantes\/\" aria-label=\"Leer m\u00e1s sobre V\u00e9lez gole\u00f3 y aprovech\u00f3 el empate de El Front\u00f3n ante Estudiantes\">Leer m\u00e1s<\/a><\/p>\n","protected":false},"author":1,"featured_media":82904,"comment_status":"closed","ping_status":"open","sticky":false,"template":"","format":"standard","meta":{"_monsterinsights_skip_tracking":false,"_monsterinsights_sitenote_active":false,"_monsterinsights_sitenote_note":"","_monsterinsights_sitenote_category":0,"jetpack_post_was_ever_published":false,"_jetpack_newsletter_access":"","_jetpack_dont_email_post_to_subs":false,"_jetpack_newsletter_tier_id":0,"_jetpack_memberships_contains_paywalled_content":false,"_jetpack_memberships_contains_paid_content":false,"footnotes":"","jetpack_publicize_message":"","jetpack_publicize_feature_enabled":true,"jetpack_social_post_already_shared":true,"jetpack_social_options":{"image_generator_settings":{"template":"highway","default_image_id":0,"font":"","enabled":false},"version":2},"_wpas_customize_per_network":false},"categories":[21],"tags":[204,895,445],"class_list":["post-82902","post","type-post","status-publish","format-standard","has-post-thumbnail","hentry","category-deportes","tag-deportes-2","tag-futbol-femenino","tag-velez","generate-columns","tablet-grid-50","mobile-grid-100","grid-parent","grid-50"],"jetpack_publicize_connections":[],"jetpack_featured_media_url":"https:\/\/www.hoymercedes.com.ar\/principal\/wp-content\/uploads\/2018\/10\/PRIMERA-3.png","wps_subtitle":"F\u00fatbol Femenino","jetpack_sharing_enabled":true,"_links":{"self":[{"href":"https:\/\/www.hoymercedes.com.ar\/principal\/wp-json\/wp\/v2\/posts\/82902","targetHints":{"allow":["GET"]}}],"collection":[{"href":"https:\/\/www.hoymercedes.com.ar\/principal\/wp-json\/wp\/v2\/posts"}],"about":[{"href":"https:\/\/www.hoymercedes.com.ar\/principal\/wp-json\/wp\/v2\/types\/post"}],"author":[{"embeddable":true,"href":"https:\/\/www.hoymercedes.com.ar\/principal\/wp-json\/wp\/v2\/users\/1"}],"replies":[{"embeddable":true,"href":"https:\/\/www.hoymercedes.com.ar\/principal\/wp-json\/wp\/v2\/comments?post=82902"}],"version-history":[{"count":0,"href":"https:\/\/www.hoymercedes.com.ar\/principal\/wp-json\/wp\/v2\/posts\/82902\/revisions"}],"wp:featuredmedia":[{"embeddable":true,"href":"https:\/\/www.hoymercedes.com.ar\/principal\/wp-json\/wp\/v2\/media\/82904"}],"wp:attachment":[{"href":"https:\/\/www.hoymercedes.com.ar\/principal\/wp-json\/wp\/v2\/media?parent=82902"}],"wp:term":[{"taxonomy":"category","embeddable":true,"href":"https:\/\/www.hoymercedes.com.ar\/principal\/wp-json\/wp\/v2\/categories?post=82902"},{"taxonomy":"post_tag","embeddable":true,"href":"https:\/\/www.hoymercedes.com.ar\/principal\/wp-json\/wp\/v2\/tags?post=82902"}],"curies":[{"name":"wp","href":"https:\/\/api.w.org\/{rel}","templated":true}]}}