{"id":82925,"date":"2018-10-29T15:50:53","date_gmt":"2018-10-29T18:50:53","guid":{"rendered":"http:\/\/www.hoymercedes.com.ar\/principal\/?p=82925"},"modified":"2018-10-29T12:55:08","modified_gmt":"2018-10-29T15:55:08","slug":"espectaculo-de-tablao-flamenco-para-toda-la-familia","status":"publish","type":"post","link":"https:\/\/www.hoymercedes.com.ar\/principal\/2018\/10\/29\/espectaculo-de-tablao-flamenco-para-toda-la-familia\/","title":{"rendered":"Espect\u00e1culo de Tablao Flamenco para toda la familia"},"content":{"rendered":"<p>La Cultural Dumer recibir\u00e1 el espect\u00e1culo \u201cTablao Flamenco\u201d, un show que conjuga la m\u00fasica, la danza y la poes\u00eda. Esta imperdible propuesta, producida por \u201cMilenio Media\u201d, productora que maneja los contenidos del canal local de Cablevisi\u00f3n, contar\u00e1 con la participaci\u00f3n de reconocidos artistas. Tendr\u00e1 lugar el s\u00e1bado 17 de noviembre a la hora 21, en la calle 10 entre 31 y 33. Para conseguir entradas, es necesario comunicarse al 11 3956 4862.<\/p>\n<p>El Tablao Flamenco que se presentar\u00e1 en Mercedes contar\u00e1 con las actuaciones de Sonia Alfonso, Gast\u00f3n Stazzone, Antonio Montoya, Pupi Manzano, Joaqu\u00edn Montoya y los poemas de Horacio Alfonso.<\/p>\n<div class=\"fb-video\" data-allowfullscreen=\"true\" data-href=\"https:\/\/www.facebook.com\/Laculturaldumer\/videos\/310509906203315\/\" style=\"background-color: #fff; display: inline-block;\"><\/div>\n<p>Sonia Alfonso, qui\u00e9n se inici\u00f3 junto con V\u00edctor Laplace form\u00e1ndose como artista y participando en diversas obras de teatro. Luego se form\u00f3 en el Centro Coreogr\u00e1fico de Danzas Espa\u00f1olas a cargo de Graciela R\u00edos Saiz, continu\u00f3 sus estudios de flamenco con seminarios de perfeccionamiento\u00a0 con profesores de la talla de Eva la Yerbabuena, Isabel Bayon, Soledad Barrios, Ana Romero, La China, Marcos Jimenez.\u00a0Tras un largo recorrido de trabajo, compromiso y dedicaci\u00f3n particip\u00f3 en diferentes espect\u00e1culos tales como: \u201cEncrucijada de Pasiones\u201d,\u00a0 \u201cTacones Hispanos\u201d y \u201cHomenaje a Lorca\u201d en el Espacio Colette del Paseo La Plaza (durante los a\u00f1os 2003 al 2005). En la actualidad Integra el elenco de Sentir Flamenco, juntamente con Antonio Montoya, Pupi Manzano, Gaston Stazzone y Horacio Alfonso con invitados como Vico Zapata y Sebastian de la Torre con presentaciones en Caf\u00e9 Montserrat desde el 2007 a la fecha.<\/p>\n<p>Pupi Manzano, guitarrista, comenz\u00f3 como m\u00fasico desde ni\u00f1o a partir de ense\u00f1anzas culturales de su padre gitano. Su primer espect\u00e1culo fue con apenas 10 a\u00f1os en la provincia de Mendoza. A\u00f1os m\u00e1s tarde \u00e9l y su familia formaron el grupo Sangre Gitana. Participaron en la fiesta de la Vendimia, y en lugares como Cacano, Mil Brujas. Adem\u00e1s, form\u00f3 parte del espect\u00e1culo Pasi\u00f3n por Pasi\u00f3n, realizado en Gala, y en otros teatros como el Centro Cultural Borges y Paseo La Plaza.<\/p>\n<p>Antonio Montoya, es percusionista y cantaor flamenco, naci\u00f3 en una familia gitana en las Islas Canarios y a los 7 a\u00f1os debut\u00f3 junto a los Tarantos en el Teatro Regina. Estuvo junto a artistas como Soledad Pastoruti y el Chango Far\u00edas G\u00f3mez. En el a\u00f1o 1996 fue convocado por Tomatito en La Trastienda y acompa\u00f1\u00f3 a Isabel Pantoja en canto y percusi\u00f3n, en el Gran Rex en su presentaci\u00f3n en el a\u00f1o 1997. Durante el a\u00f1o 1998 trabaj\u00f3 en el Teatro Refasi, temporada Mar del Plata. En el a\u00f1o 2000 particip\u00f3 en el especial \u00a8Fiesta Gitana\u00a8 que produjo el Canal de la M\u00fasica, tanto en percusi\u00f3n como en cante. Y en el especial de flamenco que el canal Solo Tango sigue teniendo actualmente en su programaci\u00f3n.\u00a0En el a\u00f1o 2001 fue convocado para el festival de Arte Flamenco en el Centro Cultural Borges junto a Bel\u00e9n Maya. En el 2005 acompa\u00f1\u00f3 con su percusi\u00f3n a Yolanda Heredia \u00a0en cursos y shows en El exc\u00e9ntrico de la 18. Grab\u00f3 junto al Grupo Los Mineros, el disco Sent\u00edos, en el estudio Medio Naranja, durante agosto del 2006 y lo presentan en La sala Mediterr\u00e1nea de Buenos Aires. Hay que destacar, que tambi\u00e9n participan los artistas\u00a0Gaston Stazzone, Joaquin Montoya y los poemas de Horacio Alfonso los har\u00e1n vivir una noche \u00a0diferente, llena de magia y de m\u00fasica.<\/p>\n<p>Horacio Alfonso:\u00a0Desde muy chico, en los primeros grados del primario en Bah\u00eda Blanca, Horacio era el alumno designado para decir las poes\u00edas de las fiestas patrias y dem\u00e1s pr\u00f3ceres de nuestra Historia. Ten\u00eda una especial memoria y expresividad para recitar.\u00a0Juntamente con esto, tambi\u00e9n gustaba escribir sus propias poes\u00edas. Justamente la primera que esrcibi\u00f3 fue a la Virgen de Luj\u00e1n. Esas poes\u00edas se publicaban en los diarios del colegio, para algarab\u00eda de toda la familia de Horacio.\u00a0En los a\u00f1os mozos, desplegaba sus dotes de joven poeta escribi\u00e9ndole a las ni\u00f1as que mas le gustaban\u2026.. era el regalo que les hac\u00eda tratando de conquistarlas.\u00a0Con el correr del tiempo, Horacio empez\u00f3 a volverse un fan\u00e1tico seguidor de la vida y obra de Federico Garc\u00eda Lorca. Le gustaba leer las obras de teatro y las poes\u00edas del gran poeta granadino.\u00a0Ten\u00eda facilidad para recordar las poes\u00edas, y gustaba de recitarlas y de escuchar a int\u00e9rpretes que las recitaran para aprender a decirlas con el acento y el \u00e9nfasis necesario.\u00a0Hubo una gran recitadora, Nati Mistral, que le marc\u00f3 todo un aprendizaje del repertorio de esta gran diva espa\u00f1ola, y as\u00ed incorpor\u00f3 nuevas poes\u00edas a su propio \u00a0repertorio, en especial las poes\u00edas de Rafael de Le\u00f3n.\u00a0A Horacio siempre le gust\u00f3 recitar poes\u00edas que contaran historias. Y tuvo la gran oportunidad de empezar a acompa\u00f1ar a su hija Sonia, una gran bailaora flamenca, en sus continuos y exitosos shows. En esos tablaos Horacio tiene un espacio para su decir tan sentido. Tambi\u00e9n ha acompa\u00f1ado a Sonia en diferentes shows en Centros Culturales o teatros, haciendo contrapunto entre sus recitados y los bailes de Sonia y su equipo de bailaoras y bailaores flamencos y sus alumnas.<\/p>\n<p>&nbsp;<\/p>\n<p>&nbsp;<\/p>\n","protected":false},"excerpt":{"rendered":"<p>La Cultural Dumer recibir\u00e1 el espect\u00e1culo \u201cTablao Flamenco\u201d, un show que conjuga la m\u00fasica, la danza y la poes\u00eda. Esta &#8230; <a title=\"Espect\u00e1culo de Tablao Flamenco para toda la familia\" class=\"read-more\" href=\"https:\/\/www.hoymercedes.com.ar\/principal\/2018\/10\/29\/espectaculo-de-tablao-flamenco-para-toda-la-familia\/\" aria-label=\"Leer m\u00e1s sobre Espect\u00e1culo de Tablao Flamenco para toda la familia\">Leer m\u00e1s<\/a><\/p>\n","protected":false},"author":1,"featured_media":83155,"comment_status":"closed","ping_status":"open","sticky":false,"template":"","format":"standard","meta":{"_monsterinsights_skip_tracking":false,"_monsterinsights_sitenote_active":false,"_monsterinsights_sitenote_note":"","_monsterinsights_sitenote_category":0,"jetpack_post_was_ever_published":false,"_jetpack_newsletter_access":"","_jetpack_dont_email_post_to_subs":false,"_jetpack_newsletter_tier_id":0,"_jetpack_memberships_contains_paywalled_content":false,"_jetpack_memberships_contains_paid_content":false,"footnotes":"","jetpack_publicize_message":"","jetpack_publicize_feature_enabled":true,"jetpack_social_post_already_shared":true,"jetpack_social_options":{"image_generator_settings":{"template":"highway","default_image_id":0,"font":"","enabled":false},"version":2},"_wpas_customize_per_network":false},"categories":[104],"tags":[7805,13248,10],"class_list":["post-82925","post","type-post","status-publish","format-standard","has-post-thumbnail","hentry","category-cultura","tag-cultura","tag-la-cultural-dumer","tag-mercedes","generate-columns","tablet-grid-50","mobile-grid-100","grid-parent","grid-50"],"jetpack_publicize_connections":[],"jetpack_featured_media_url":"https:\/\/www.hoymercedes.com.ar\/principal\/wp-content\/uploads\/2018\/10\/29-SENTIR-FLAMENCO.jpg","wps_subtitle":"Para agendar","jetpack_sharing_enabled":true,"_links":{"self":[{"href":"https:\/\/www.hoymercedes.com.ar\/principal\/wp-json\/wp\/v2\/posts\/82925","targetHints":{"allow":["GET"]}}],"collection":[{"href":"https:\/\/www.hoymercedes.com.ar\/principal\/wp-json\/wp\/v2\/posts"}],"about":[{"href":"https:\/\/www.hoymercedes.com.ar\/principal\/wp-json\/wp\/v2\/types\/post"}],"author":[{"embeddable":true,"href":"https:\/\/www.hoymercedes.com.ar\/principal\/wp-json\/wp\/v2\/users\/1"}],"replies":[{"embeddable":true,"href":"https:\/\/www.hoymercedes.com.ar\/principal\/wp-json\/wp\/v2\/comments?post=82925"}],"version-history":[{"count":0,"href":"https:\/\/www.hoymercedes.com.ar\/principal\/wp-json\/wp\/v2\/posts\/82925\/revisions"}],"wp:featuredmedia":[{"embeddable":true,"href":"https:\/\/www.hoymercedes.com.ar\/principal\/wp-json\/wp\/v2\/media\/83155"}],"wp:attachment":[{"href":"https:\/\/www.hoymercedes.com.ar\/principal\/wp-json\/wp\/v2\/media?parent=82925"}],"wp:term":[{"taxonomy":"category","embeddable":true,"href":"https:\/\/www.hoymercedes.com.ar\/principal\/wp-json\/wp\/v2\/categories?post=82925"},{"taxonomy":"post_tag","embeddable":true,"href":"https:\/\/www.hoymercedes.com.ar\/principal\/wp-json\/wp\/v2\/tags?post=82925"}],"curies":[{"name":"wp","href":"https:\/\/api.w.org\/{rel}","templated":true}]}}