{"id":82927,"date":"2018-10-28T09:19:29","date_gmt":"2018-10-28T12:19:29","guid":{"rendered":"http:\/\/www.hoymercedes.com.ar\/principal\/?p=82927"},"modified":"2018-10-25T15:29:52","modified_gmt":"2018-10-25T18:29:52","slug":"nicolas-correra-presenta-su-libro-heroina-la-guerra-gaucha","status":"publish","type":"post","link":"https:\/\/www.hoymercedes.com.ar\/principal\/2018\/10\/28\/nicolas-correra-presenta-su-libro-heroina-la-guerra-gaucha\/","title":{"rendered":"Nicol\u00e1s Correra presenta su libro \u00abHero\u00edna, la guerra gaucha\u00bb."},"content":{"rendered":"<p>El pr\u00f3ximo domingo 4 de noviembre en el Museo de Arte de la Municipalidad de Mercedes (MAMM), el escritor Nicol\u00e1s Correa presentar\u00e1 su \u00faltimo trabajo literario llamado \u201cHero\u00edna, La guerra gaucha\u201d publicado por Kintsugi Editora. A la hora 19 de dicho d\u00eda. estar\u00e1 el autor en la Sala A, con entrada libre y gratuita.<\/p>\n<p>La periodista y escritora, Gabriela Cabez\u00f3n C\u00e1mara, prologa el trabajo diciendo que \u201cCon esta Hero\u00edna que combate comi\u00e9ndoselos, abri\u00e9ndose en dos en una gesta heroica y hedonista\u201d. Es que \u201cEsta cautiva entre dos tumbas que Nicol\u00e1s Correa elucubra con r<span class=\"text_exposed_show\">igor y mucha literatura, es la voz de una lady que prueba en carne propia los avatares de una naci\u00f3n que extiende su desvar\u00edo pampa hasta las crueles estepas de unas islas perdidas y a\u00fan no recuperadas.\u201d Como tambi\u00e9n comenta Walter Romero sobre este trabajo.<\/span><\/p>\n<div class=\"text_exposed_show\">\n<p>\u00abHero\u00edna. La guerra gaucha\u00bb se suma a la interesante lista de textos que tematizan la guerra de las Malvinas, pero en este caso, con una problem\u00e1tica actual, de la mano de una renovada y potente voz literaria.<\/p>\n<p>Nicol\u00e1s Correa naci\u00f3 en 1983 en Mor\u00f3n y ha participado en diversas antolog\u00edas nacionales e internacionales. Entre sus \u00faltimos libros se encuentran: Rosas Gamarra (2015); \u00cdncubo. La Trinidad de la Antigua Serpiente (2015); Virgencita de los muertos (2012) (Reedici\u00f3n: 2014, 2018); El camino de la siesta (2015) y Canci\u00f3n de invierno recitada por el hombre del volc\u00e1n (2016). Hoy, adem\u00e1s, dirige la colecci\u00f3n de poes\u00eda de la Editorial Alto Pogo.<\/p>\n<p><img loading=\"lazy\" decoding=\"async\" data-attachment-id=\"82929\" data-permalink=\"https:\/\/www.hoymercedes.com.ar\/principal\/2018\/10\/28\/nicolas-correra-presenta-su-libro-heroina-la-guerra-gaucha\/28-heroina-tapa\/#main\" data-orig-file=\"https:\/\/www.hoymercedes.com.ar\/principal\/wp-content\/uploads\/2018\/10\/28-Hero\u00edna-Tapa.jpg\" data-orig-size=\"519,750\" data-comments-opened=\"0\" data-image-meta=\"{&quot;aperture&quot;:&quot;0&quot;,&quot;credit&quot;:&quot;&quot;,&quot;camera&quot;:&quot;&quot;,&quot;caption&quot;:&quot;&quot;,&quot;created_timestamp&quot;:&quot;0&quot;,&quot;copyright&quot;:&quot;&quot;,&quot;focal_length&quot;:&quot;0&quot;,&quot;iso&quot;:&quot;0&quot;,&quot;shutter_speed&quot;:&quot;0&quot;,&quot;title&quot;:&quot;&quot;,&quot;orientation&quot;:&quot;0&quot;}\" data-image-title=\"28 Hero\u00edna Tapa\" data-image-description=\"\" data-image-caption=\"\" data-large-file=\"https:\/\/www.hoymercedes.com.ar\/principal\/wp-content\/uploads\/2018\/10\/28-Hero\u00edna-Tapa.jpg\" class=\"aligncenter size-medium wp-image-82929\" src=\"https:\/\/www.hoymercedes.com.ar\/principal\/wp-content\/uploads\/2018\/10\/28-Hero\u00edna-Tapa-429x620.jpg\" alt=\"\" width=\"429\" height=\"620\" srcset=\"https:\/\/www.hoymercedes.com.ar\/principal\/wp-content\/uploads\/2018\/10\/28-Hero\u00edna-Tapa-429x620.jpg 429w, https:\/\/www.hoymercedes.com.ar\/principal\/wp-content\/uploads\/2018\/10\/28-Hero\u00edna-Tapa-104x150.jpg 104w, https:\/\/www.hoymercedes.com.ar\/principal\/wp-content\/uploads\/2018\/10\/28-Hero\u00edna-Tapa.jpg 519w\" sizes=\"auto, (max-width: 429px) 100vw, 429px\" \/><\/p>\n<\/div>\n","protected":false},"excerpt":{"rendered":"<p>El pr\u00f3ximo domingo 4 de noviembre en el Museo de Arte de la Municipalidad de Mercedes (MAMM), el escritor Nicol\u00e1s &#8230; <a title=\"Nicol\u00e1s Correra presenta su libro \u00abHero\u00edna, la guerra gaucha\u00bb.\" class=\"read-more\" href=\"https:\/\/www.hoymercedes.com.ar\/principal\/2018\/10\/28\/nicolas-correra-presenta-su-libro-heroina-la-guerra-gaucha\/\" aria-label=\"Leer m\u00e1s sobre Nicol\u00e1s Correra presenta su libro \u00abHero\u00edna, la guerra gaucha\u00bb.\">Leer m\u00e1s<\/a><\/p>\n","protected":false},"author":1,"featured_media":82928,"comment_status":"closed","ping_status":"open","sticky":false,"template":"","format":"standard","meta":{"_monsterinsights_skip_tracking":false,"_monsterinsights_sitenote_active":false,"_monsterinsights_sitenote_note":"","_monsterinsights_sitenote_category":0,"jetpack_post_was_ever_published":false,"_jetpack_newsletter_access":"","_jetpack_dont_email_post_to_subs":false,"_jetpack_newsletter_tier_id":0,"_jetpack_memberships_contains_paywalled_content":false,"_jetpack_memberships_contains_paid_content":false,"footnotes":"","jetpack_publicize_message":"","jetpack_publicize_feature_enabled":true,"jetpack_social_post_already_shared":true,"jetpack_social_options":{"image_generator_settings":{"template":"highway","default_image_id":0,"font":"","enabled":false},"version":2},"_wpas_customize_per_network":false},"categories":[104],"tags":[7805,869,73,326,8674,13931],"class_list":["post-82927","post","type-post","status-publish","format-standard","has-post-thumbnail","hentry","category-cultura","tag-cultura","tag-libro","tag-literatura","tag-malvinas","tag-mamm","tag-nicolas-correa","generate-columns","tablet-grid-50","mobile-grid-100","grid-parent","grid-50"],"jetpack_publicize_connections":[],"jetpack_featured_media_url":"https:\/\/www.hoymercedes.com.ar\/principal\/wp-content\/uploads\/2018\/10\/28-Nicol\u00e1s-Correa-baja.jpg","wps_subtitle":"En el MAMM","jetpack_sharing_enabled":true,"_links":{"self":[{"href":"https:\/\/www.hoymercedes.com.ar\/principal\/wp-json\/wp\/v2\/posts\/82927","targetHints":{"allow":["GET"]}}],"collection":[{"href":"https:\/\/www.hoymercedes.com.ar\/principal\/wp-json\/wp\/v2\/posts"}],"about":[{"href":"https:\/\/www.hoymercedes.com.ar\/principal\/wp-json\/wp\/v2\/types\/post"}],"author":[{"embeddable":true,"href":"https:\/\/www.hoymercedes.com.ar\/principal\/wp-json\/wp\/v2\/users\/1"}],"replies":[{"embeddable":true,"href":"https:\/\/www.hoymercedes.com.ar\/principal\/wp-json\/wp\/v2\/comments?post=82927"}],"version-history":[{"count":0,"href":"https:\/\/www.hoymercedes.com.ar\/principal\/wp-json\/wp\/v2\/posts\/82927\/revisions"}],"wp:featuredmedia":[{"embeddable":true,"href":"https:\/\/www.hoymercedes.com.ar\/principal\/wp-json\/wp\/v2\/media\/82928"}],"wp:attachment":[{"href":"https:\/\/www.hoymercedes.com.ar\/principal\/wp-json\/wp\/v2\/media?parent=82927"}],"wp:term":[{"taxonomy":"category","embeddable":true,"href":"https:\/\/www.hoymercedes.com.ar\/principal\/wp-json\/wp\/v2\/categories?post=82927"},{"taxonomy":"post_tag","embeddable":true,"href":"https:\/\/www.hoymercedes.com.ar\/principal\/wp-json\/wp\/v2\/tags?post=82927"}],"curies":[{"name":"wp","href":"https:\/\/api.w.org\/{rel}","templated":true}]}}