{"id":82948,"date":"2018-10-23T16:01:42","date_gmt":"2018-10-23T19:01:42","guid":{"rendered":"http:\/\/www.hoymercedes.com.ar\/principal\/?p=82948"},"modified":"2018-10-23T16:37:39","modified_gmt":"2018-10-23T19:37:39","slug":"seis-artistas-plasticos-ciudadanos-destacados-de-la-ciudad","status":"publish","type":"post","link":"https:\/\/www.hoymercedes.com.ar\/principal\/2018\/10\/23\/seis-artistas-plasticos-ciudadanos-destacados-de-la-ciudad\/","title":{"rendered":"Seis artistas pl\u00e1sticos ciudadanos destacados de la ciudad"},"content":{"rendered":"<p>Por TeCleArte &#8211; Tal como se anticipara luego de la sesi\u00f3n ordinaria en la que se aprob\u00f3 el proyecto correspondiente, el cuerpo deliberativo hizo entrega en la noche del lunes la distinci\u00f3n como \u201cciudadanos destacados\u201d a los seis artistas pl\u00e1sticos Betty Campi de Mouhsen, Marcela Cueto, C\u00e9sar Lalla, Pablo Russo, Jorge Blanco y Sebasti\u00e1n Bocca.<\/p>\n<p><img loading=\"lazy\" decoding=\"async\" data-attachment-id=\"82949\" data-permalink=\"https:\/\/www.hoymercedes.com.ar\/principal\/2018\/10\/23\/seis-artistas-plasticos-ciudadanos-destacados-de-la-ciudad\/23-ciudadano-destacado-artistas\/#main\" data-orig-file=\"https:\/\/www.hoymercedes.com.ar\/principal\/wp-content\/uploads\/2018\/10\/23-ciudadano-destacado-artistas.jpg\" data-orig-size=\"750,500\" data-comments-opened=\"0\" data-image-meta=\"{&quot;aperture&quot;:&quot;3.5&quot;,&quot;credit&quot;:&quot;&quot;,&quot;camera&quot;:&quot;NIKON D3100&quot;,&quot;caption&quot;:&quot;&quot;,&quot;created_timestamp&quot;:&quot;1540237613&quot;,&quot;copyright&quot;:&quot;&quot;,&quot;focal_length&quot;:&quot;18&quot;,&quot;iso&quot;:&quot;2000&quot;,&quot;shutter_speed&quot;:&quot;0.016666666666667&quot;,&quot;title&quot;:&quot;&quot;,&quot;orientation&quot;:&quot;1&quot;}\" data-image-title=\"23 ciudadano destacado artistas\" data-image-description=\"\" data-image-caption=\"\" data-large-file=\"https:\/\/www.hoymercedes.com.ar\/principal\/wp-content\/uploads\/2018\/10\/23-ciudadano-destacado-artistas.jpg\" class=\"aligncenter size-medium wp-image-82949\" src=\"https:\/\/www.hoymercedes.com.ar\/principal\/wp-content\/uploads\/2018\/10\/23-ciudadano-destacado-artistas-630x420.jpg\" alt=\"\" width=\"630\" height=\"420\" srcset=\"https:\/\/www.hoymercedes.com.ar\/principal\/wp-content\/uploads\/2018\/10\/23-ciudadano-destacado-artistas-630x420.jpg 630w, https:\/\/www.hoymercedes.com.ar\/principal\/wp-content\/uploads\/2018\/10\/23-ciudadano-destacado-artistas-150x100.jpg 150w, https:\/\/www.hoymercedes.com.ar\/principal\/wp-content\/uploads\/2018\/10\/23-ciudadano-destacado-artistas.jpg 750w\" sizes=\"auto, (max-width: 630px) 100vw, 630px\" \/><\/p>\n<p>Con los presidentes de los bloques de concejales delante, el Presidente del HCD convoc\u00f3 a la periodista Susana Spano, autora del proyecto, a que exprese unas palabras hacia los presentes y los artistas destacados. As\u00ed es como, delante del p\u00fablico que acompa\u00f1\u00f3 a los homenajeados, el concejal Albini resalt\u00f3 la tarea cultural de los seis artistas pl\u00e1sticos.<\/p>\n<p>Luego ser\u00eda Susana la que expres\u00f3 los motivos por los cuales present\u00f3 su proyecto junto a Marcelo Uncal, ambos de Radio F\u00e9nix (ver video).<\/p>\n<p><span class=\"embed-youtube\" style=\"text-align:center; display: block;\"><iframe loading=\"lazy\" class=\"youtube-player\" width=\"1200\" height=\"675\" src=\"https:\/\/www.youtube.com\/embed\/rRUNGtmY1j0?version=3&#038;rel=1&#038;showsearch=0&#038;showinfo=1&#038;iv_load_policy=1&#038;fs=1&#038;hl=es-ES&#038;autohide=2&#038;wmode=transparent\" allowfullscreen=\"true\" style=\"border:0;\" sandbox=\"allow-scripts allow-same-origin allow-popups allow-presentation allow-popups-to-escape-sandbox\"><\/iframe><\/span><\/p>\n<p>En nombre de los artistas pl\u00e1sticos reconocidos, la primera que tom\u00f3 la palabra fue Betty Campi, artista que se caracteriza por sus dibujos de lugares hist\u00f3ricos de la ciudad que agradeci\u00f3 al HCD as\u00ed como a sus tres casas haciendo referencia a los tres museos municipales que le abrieron sus puertas para exponer. Seguidamente, pablo Russo tomar\u00eda la palabra en agradecimiento por la distinci\u00f3n y finalmente Marcela Cueto agradeci\u00f3 el reconocimiento (ver video).<\/p>\n<p>Aplaudidos por los presentes, los seis artistas pl\u00e1sticos son vecinos, nacidos y criados en Mercedes que se dedican a la pintura, el dibujo, el grabado, y algunos de ellos docentes en las escuelas de distintos niveles educativos.<\/p>\n<p><span class=\"embed-youtube\" style=\"text-align:center; display: block;\"><iframe loading=\"lazy\" class=\"youtube-player\" width=\"1200\" height=\"675\" src=\"https:\/\/www.youtube.com\/embed\/43TQKUiFEm8?version=3&#038;rel=1&#038;showsearch=0&#038;showinfo=1&#038;iv_load_policy=1&#038;fs=1&#038;hl=es-ES&#038;autohide=2&#038;wmode=transparent\" allowfullscreen=\"true\" style=\"border:0;\" sandbox=\"allow-scripts allow-same-origin allow-popups allow-presentation allow-popups-to-escape-sandbox\"><\/iframe><\/span><\/p>\n","protected":false},"excerpt":{"rendered":"<p>Por TeCleArte &#8211; Tal como se anticipara luego de la sesi\u00f3n ordinaria en la que se aprob\u00f3 el proyecto correspondiente, &#8230; <a title=\"Seis artistas pl\u00e1sticos ciudadanos destacados de la ciudad\" class=\"read-more\" href=\"https:\/\/www.hoymercedes.com.ar\/principal\/2018\/10\/23\/seis-artistas-plasticos-ciudadanos-destacados-de-la-ciudad\/\" aria-label=\"Leer m\u00e1s sobre Seis artistas pl\u00e1sticos ciudadanos destacados de la ciudad\">Leer m\u00e1s<\/a><\/p>\n","protected":false},"author":1,"featured_media":82949,"comment_status":"closed","ping_status":"open","sticky":false,"template":"","format":"standard","meta":{"_monsterinsights_skip_tracking":false,"_monsterinsights_sitenote_active":false,"_monsterinsights_sitenote_note":"","_monsterinsights_sitenote_category":0,"jetpack_post_was_ever_published":false,"_jetpack_newsletter_access":"","_jetpack_dont_email_post_to_subs":false,"_jetpack_newsletter_tier_id":0,"_jetpack_memberships_contains_paywalled_content":false,"_jetpack_memberships_contains_paid_content":false,"footnotes":"","jetpack_publicize_message":"","jetpack_publicize_feature_enabled":true,"jetpack_social_post_already_shared":true,"jetpack_social_options":{"image_generator_settings":{"template":"highway","default_image_id":0,"font":"","enabled":false},"version":2},"_wpas_customize_per_network":false},"categories":[104],"tags":[13706,13705,236,7805,15,10,5319],"class_list":["post-82948","post","type-post","status-publish","format-standard","has-post-thumbnail","hentry","category-cultura","tag-artistas-plasticos","tag-ciudadanos-destacados","tag-concejo-deliberante","tag-cultura","tag-hcd","tag-mercedes","tag-politica-2","generate-columns","tablet-grid-50","mobile-grid-100","grid-parent","grid-50"],"jetpack_publicize_connections":[],"jetpack_featured_media_url":"https:\/\/www.hoymercedes.com.ar\/principal\/wp-content\/uploads\/2018\/10\/23-ciudadano-destacado-artistas.jpg","wps_subtitle":"Representantes culturales","jetpack_sharing_enabled":true,"_links":{"self":[{"href":"https:\/\/www.hoymercedes.com.ar\/principal\/wp-json\/wp\/v2\/posts\/82948","targetHints":{"allow":["GET"]}}],"collection":[{"href":"https:\/\/www.hoymercedes.com.ar\/principal\/wp-json\/wp\/v2\/posts"}],"about":[{"href":"https:\/\/www.hoymercedes.com.ar\/principal\/wp-json\/wp\/v2\/types\/post"}],"author":[{"embeddable":true,"href":"https:\/\/www.hoymercedes.com.ar\/principal\/wp-json\/wp\/v2\/users\/1"}],"replies":[{"embeddable":true,"href":"https:\/\/www.hoymercedes.com.ar\/principal\/wp-json\/wp\/v2\/comments?post=82948"}],"version-history":[{"count":0,"href":"https:\/\/www.hoymercedes.com.ar\/principal\/wp-json\/wp\/v2\/posts\/82948\/revisions"}],"wp:featuredmedia":[{"embeddable":true,"href":"https:\/\/www.hoymercedes.com.ar\/principal\/wp-json\/wp\/v2\/media\/82949"}],"wp:attachment":[{"href":"https:\/\/www.hoymercedes.com.ar\/principal\/wp-json\/wp\/v2\/media?parent=82948"}],"wp:term":[{"taxonomy":"category","embeddable":true,"href":"https:\/\/www.hoymercedes.com.ar\/principal\/wp-json\/wp\/v2\/categories?post=82948"},{"taxonomy":"post_tag","embeddable":true,"href":"https:\/\/www.hoymercedes.com.ar\/principal\/wp-json\/wp\/v2\/tags?post=82948"}],"curies":[{"name":"wp","href":"https:\/\/api.w.org\/{rel}","templated":true}]}}