{"id":8295,"date":"2011-10-16T14:46:30","date_gmt":"2011-10-16T14:46:30","guid":{"rendered":"http:\/\/www.hoymercedes.com.ar\/principal\/?p=8295"},"modified":"2011-10-16T14:46:30","modified_gmt":"2011-10-16T14:46:30","slug":"invitan-a-los-jardines-a-disfrutar-de-la-jugoteca-en-elmartin-rodriguez","status":"publish","type":"post","link":"https:\/\/www.hoymercedes.com.ar\/principal\/2011\/10\/16\/invitan-a-los-jardines-a-disfrutar-de-la-jugoteca-en-elmartin-rodriguez\/","title":{"rendered":"Invitan a los jardines a disfrutar de la jugoteca en elMart\u00edn Rodriguez"},"content":{"rendered":"<p><a href=\"https:\/\/www.hoymercedes.com.ar\/principal\/wp-content\/uploads\/2011\/10\/Jugoteca-I.jpg\"><img loading=\"lazy\" decoding=\"async\" data-attachment-id=\"8297\" data-permalink=\"https:\/\/www.hoymercedes.com.ar\/principal\/2011\/10\/16\/invitan-a-los-jardines-a-disfrutar-de-la-jugoteca-en-elmartin-rodriguez\/jugoteca-i\/#main\" data-orig-file=\"https:\/\/www.hoymercedes.com.ar\/principal\/wp-content\/uploads\/2011\/10\/Jugoteca-I.jpg\" data-orig-size=\"612,459\" data-comments-opened=\"1\" data-image-meta=\"{&quot;aperture&quot;:&quot;0&quot;,&quot;credit&quot;:&quot;&quot;,&quot;camera&quot;:&quot;BlackBerry 8520&quot;,&quot;caption&quot;:&quot;&quot;,&quot;created_timestamp&quot;:&quot;0&quot;,&quot;copyright&quot;:&quot;&quot;,&quot;focal_length&quot;:&quot;0&quot;,&quot;iso&quot;:&quot;0&quot;,&quot;shutter_speed&quot;:&quot;0&quot;,&quot;title&quot;:&quot;&quot;}\" data-image-title=\"Jugoteca-I\" data-image-description=\"\" data-image-caption=\"\" data-large-file=\"https:\/\/www.hoymercedes.com.ar\/principal\/wp-content\/uploads\/2011\/10\/Jugoteca-I.jpg\" class=\"aligncenter size-full wp-image-8297\" title=\"Jugoteca-I\" src=\"https:\/\/www.hoymercedes.com.ar\/principal\/wp-content\/uploads\/2011\/10\/Jugoteca-I.jpg\" alt=\"\" width=\"612\" height=\"459\" \/><\/a><\/p>\n<p>Estos dias la juegoteca que se encuentra en el Polideportivo a cielo abierto del Martin Rodriguez se viene utilizando a pleno por los distintos jardines de la ciudad de Mercedes.<\/p>\n<p>Desde la Direcci\u00f2n de Deportes se invita a disfrutar por los distintos jardines que soliciten al 434369 el turno correspondiente para utilizar el lugar. Recordamos que es totalmente gratuita y que la Direcci\u00f2n de deporte dispone de un personal que acompa\u00f1a a los ni\u00f1os con sus maestras en la actividad.<\/p>\n<p><a href=\"https:\/\/www.hoymercedes.com.ar\/principal\/wp-content\/uploads\/2011\/10\/Jugoteca-II.jpg\"><img loading=\"lazy\" decoding=\"async\" data-attachment-id=\"8298\" data-permalink=\"https:\/\/www.hoymercedes.com.ar\/principal\/2011\/10\/16\/invitan-a-los-jardines-a-disfrutar-de-la-jugoteca-en-elmartin-rodriguez\/jugoteca-ii\/#main\" data-orig-file=\"https:\/\/www.hoymercedes.com.ar\/principal\/wp-content\/uploads\/2011\/10\/Jugoteca-II.jpg\" data-orig-size=\"612,459\" data-comments-opened=\"1\" data-image-meta=\"{&quot;aperture&quot;:&quot;0&quot;,&quot;credit&quot;:&quot;&quot;,&quot;camera&quot;:&quot;BlackBerry 8520&quot;,&quot;caption&quot;:&quot;&quot;,&quot;created_timestamp&quot;:&quot;0&quot;,&quot;copyright&quot;:&quot;&quot;,&quot;focal_length&quot;:&quot;0&quot;,&quot;iso&quot;:&quot;0&quot;,&quot;shutter_speed&quot;:&quot;0&quot;,&quot;title&quot;:&quot;&quot;}\" data-image-title=\"Jugoteca- II\" data-image-description=\"\" data-image-caption=\"\" data-large-file=\"https:\/\/www.hoymercedes.com.ar\/principal\/wp-content\/uploads\/2011\/10\/Jugoteca-II.jpg\" class=\"aligncenter size-full wp-image-8298\" title=\"Jugoteca- II\" src=\"https:\/\/www.hoymercedes.com.ar\/principal\/wp-content\/uploads\/2011\/10\/Jugoteca-II.jpg\" alt=\"\" width=\"612\" height=\"459\" srcset=\"https:\/\/www.hoymercedes.com.ar\/principal\/wp-content\/uploads\/2011\/10\/Jugoteca-II.jpg 612w, https:\/\/www.hoymercedes.com.ar\/principal\/wp-content\/uploads\/2011\/10\/Jugoteca-II-300x225.jpg 300w\" sizes=\"auto, (max-width: 612px) 100vw, 612px\" \/><\/a><\/p>\n<p>&nbsp;<\/p>\n","protected":false},"excerpt":{"rendered":"<p>Estos dias la juegoteca que se encuentra en el Polideportivo a cielo abierto del Martin Rodriguez se viene utilizando a &#8230; <a title=\"Invitan a los jardines a disfrutar de la jugoteca en elMart\u00edn Rodriguez\" class=\"read-more\" href=\"https:\/\/www.hoymercedes.com.ar\/principal\/2011\/10\/16\/invitan-a-los-jardines-a-disfrutar-de-la-jugoteca-en-elmartin-rodriguez\/\" aria-label=\"Leer m\u00e1s sobre Invitan a los jardines a disfrutar de la jugoteca en elMart\u00edn Rodriguez\">Leer m\u00e1s<\/a><\/p>\n","protected":false},"author":1,"featured_media":0,"comment_status":"open","ping_status":"open","sticky":false,"template":"","format":"standard","meta":{"_monsterinsights_skip_tracking":false,"_monsterinsights_sitenote_active":false,"_monsterinsights_sitenote_note":"","_monsterinsights_sitenote_category":0,"jetpack_post_was_ever_published":false,"_jetpack_newsletter_access":"","_jetpack_dont_email_post_to_subs":false,"_jetpack_newsletter_tier_id":0,"_jetpack_memberships_contains_paywalled_content":false,"_jetpack_memberships_contains_paid_content":false,"footnotes":"","jetpack_publicize_message":"","jetpack_publicize_feature_enabled":true,"jetpack_social_post_already_shared":false,"jetpack_social_options":{"image_generator_settings":{"template":"highway","default_image_id":0,"font":"","enabled":false},"version":2},"_wpas_customize_per_network":false},"categories":[30],"tags":[1472],"class_list":["post-8295","post","type-post","status-publish","format-standard","hentry","category-municipio","tag-jugoteca","generate-columns","tablet-grid-50","mobile-grid-100","grid-parent","grid-50"],"jetpack_publicize_connections":[],"jetpack_featured_media_url":"","wps_subtitle":"","jetpack_sharing_enabled":true,"_links":{"self":[{"href":"https:\/\/www.hoymercedes.com.ar\/principal\/wp-json\/wp\/v2\/posts\/8295","targetHints":{"allow":["GET"]}}],"collection":[{"href":"https:\/\/www.hoymercedes.com.ar\/principal\/wp-json\/wp\/v2\/posts"}],"about":[{"href":"https:\/\/www.hoymercedes.com.ar\/principal\/wp-json\/wp\/v2\/types\/post"}],"author":[{"embeddable":true,"href":"https:\/\/www.hoymercedes.com.ar\/principal\/wp-json\/wp\/v2\/users\/1"}],"replies":[{"embeddable":true,"href":"https:\/\/www.hoymercedes.com.ar\/principal\/wp-json\/wp\/v2\/comments?post=8295"}],"version-history":[{"count":0,"href":"https:\/\/www.hoymercedes.com.ar\/principal\/wp-json\/wp\/v2\/posts\/8295\/revisions"}],"wp:attachment":[{"href":"https:\/\/www.hoymercedes.com.ar\/principal\/wp-json\/wp\/v2\/media?parent=8295"}],"wp:term":[{"taxonomy":"category","embeddable":true,"href":"https:\/\/www.hoymercedes.com.ar\/principal\/wp-json\/wp\/v2\/categories?post=8295"},{"taxonomy":"post_tag","embeddable":true,"href":"https:\/\/www.hoymercedes.com.ar\/principal\/wp-json\/wp\/v2\/tags?post=8295"}],"curies":[{"name":"wp","href":"https:\/\/api.w.org\/{rel}","templated":true}]}}